{"id":1863,"date":"2019-06-12T15:33:50","date_gmt":"2019-06-12T18:33:50","guid":{"rendered":"https:\/\/previews.elleven.digital\/acocearense\/?post_type=noticia&#038;p=1863"},"modified":"2025-05-07T15:34:16","modified_gmt":"2025-05-07T18:34:16","slug":"endeavor-realiza-2o-encontro-de-empreendedoras","status":"publish","type":"noticia","link":"https:\/\/previews.elleven.digital\/acocearense\/noticia\/endeavor-realiza-2o-encontro-de-empreendedoras\/","title":{"rendered":"Endeavor realiza 2\u00ba encontro de empreendedoras"},"content":{"rendered":"<p>No dia 04 de junho, Aline Ferreira, Vice-Presidente Comercial e Financeira do Grupo A\u00e7o Cearense, participou do 2\u00ba encontro de empreendedoras apoiadas no programa de acelera\u00e7\u00e3o Scale-Up Endeavor, realizado em S\u00e3o Paulo. No encontro, Aline Ferreira e Gabriela Baumgart, ambas Embaixadoras Endeavor, tamb\u00e9m tiveram um papo sobre mindfullness (controle sobre a capacidade de se concentrar nas experi\u00eancias, atividades e sensa\u00e7\u00f5es do presente) e sa\u00fade mental.<br \/>\nO Scale-up Endeavor \u00e9 um programa de acelera\u00e7\u00e3o para empreendedores realizado pela Endeavor, organiza\u00e7\u00e3o global e sem fins lucrativos de fomento ao empreendedorismo. A acelera\u00e7\u00e3o acontece por meio de workshops e mentorias individuais, com as maiores lideran\u00e7as do pa\u00eds. Al\u00e9m disso, o programa promove trocas entre os empreendedores participantes e acesso aos maiores eventos da organiza\u00e7\u00e3o \u2013 como o Day1 e o Scale-up Summit. O objetivo \u00e9 formar uma nova gera\u00e7\u00e3o de exemplos para fomentar o ecossistema empreendedor no pa\u00eds.<br \/>\nO encontro das empreendedoras foi uma iniciativa da comunidade de mulheres apoiadas na edi\u00e7\u00e3o de 2019 e tem como objetivo:<br \/>\n\u2013 Fortalecer o la\u00e7o entre as empreendedoras, identificando sinergias entre os neg\u00f3cios;<br \/>\n\u2013 Buscar inspira\u00e7\u00e3o umas nas outras;<br \/>\n\u2013 Fomentar o crescimento pessoal e profissional entre elas;<br \/>\n\u2013 Incentivar que mais empreendedores entrem para a comunidade por meio de indica\u00e7\u00f5es.<\/p>\n","protected":false},"featured_media":1861,"template":"","meta":{"_acf_changed":false,"inline_featured_image":false},"categoria-noticia":[],"class_list":["post-1863","noticia","type-noticia","status-publish","has-post-thumbnail","hentry"],"acf":{"link":""},"yoast_head":"<!-- This site is optimized with the Yoast SEO plugin v25.9 - https:\/\/yoast.com\/wordpress\/plugins\/seo\/ -->\n<title>Endeavor realiza 2\u00ba encontro de empreendedoras - Grupo A\u00e7o Cearense<\/title>\n<meta name=\"robots\" content=\"index, follow, max-snippet:-1, max-image-preview:large, max-video-preview:-1\" \/>\n<link rel=\"canonical\" href=\"https:\/\/previews.elleven.digital\/acocearense\/noticia\/endeavor-realiza-2o-encontro-de-empreendedoras\/\" \/>\n<meta property=\"og:locale\" content=\"pt_BR\" \/>\n<meta property=\"og:type\" content=\"article\" \/>\n<meta property=\"og:title\" content=\"Endeavor realiza 2\u00ba encontro de empreendedoras - Grupo A\u00e7o Cearense\" \/>\n<meta property=\"og:description\" content=\"No dia 04 de junho, Aline Ferreira, Vice-Presidente Comercial e Financeira do Grupo A\u00e7o Cearense,(...)\" \/>\n<meta property=\"og:url\" content=\"https:\/\/previews.elleven.digital\/acocearense\/noticia\/endeavor-realiza-2o-encontro-de-empreendedoras\/\" \/>\n<meta property=\"og:site_name\" content=\"Grupo A\u00e7o Cearense\" \/>\n<meta property=\"article:modified_time\" content=\"2025-05-07T18:34:16+00:00\" \/>\n<meta property=\"og:image\" content=\"https:\/\/previews.elleven.digital\/acocearense\/wp-content\/uploads\/2025\/05\/endeavor.jpeg\" \/>\n\t<meta property=\"og:image:width\" content=\"1280\" \/>\n\t<meta property=\"og:image:height\" content=\"853\" \/>\n\t<meta property=\"og:image:type\" content=\"image\/jpeg\" \/>\n<meta name=\"twitter:card\" content=\"summary_large_image\" \/>\n<meta name=\"twitter:label1\" content=\"Est. tempo de leitura\" \/>\n\t<meta name=\"twitter:data1\" content=\"2 minutos\" \/>\n<script type=\"application\/ld+json\" class=\"yoast-schema-graph\">{\"@context\":\"https:\/\/schema.org\",\"@graph\":[{\"@type\":\"WebPage\",\"@id\":\"https:\/\/previews.elleven.digital\/acocearense\/noticia\/endeavor-realiza-2o-encontro-de-empreendedoras\/\",\"url\":\"https:\/\/previews.elleven.digital\/acocearense\/noticia\/endeavor-realiza-2o-encontro-de-empreendedoras\/\",\"name\":\"Endeavor realiza 2\u00ba encontro de empreendedoras - Grupo A\u00e7o Cearense\",\"isPartOf\":{\"@id\":\"https:\/\/previews.elleven.digital\/acocearense\/#website\"},\"primaryImageOfPage\":{\"@id\":\"https:\/\/previews.elleven.digital\/acocearense\/noticia\/endeavor-realiza-2o-encontro-de-empreendedoras\/#primaryimage\"},\"image\":{\"@id\":\"https:\/\/previews.elleven.digital\/acocearense\/noticia\/endeavor-realiza-2o-encontro-de-empreendedoras\/#primaryimage\"},\"thumbnailUrl\":\"https:\/\/previews.elleven.digital\/acocearense\/wp-content\/uploads\/2025\/05\/endeavor.jpeg\",\"datePublished\":\"2019-06-12T18:33:50+00:00\",\"dateModified\":\"2025-05-07T18:34:16+00:00\",\"breadcrumb\":{\"@id\":\"https:\/\/previews.elleven.digital\/acocearense\/noticia\/endeavor-realiza-2o-encontro-de-empreendedoras\/#breadcrumb\"},\"inLanguage\":\"pt-BR\",\"potentialAction\":[{\"@type\":\"ReadAction\",\"target\":[\"https:\/\/previews.elleven.digital\/acocearense\/noticia\/endeavor-realiza-2o-encontro-de-empreendedoras\/\"]}]},{\"@type\":\"ImageObject\",\"inLanguage\":\"pt-BR\",\"@id\":\"https:\/\/previews.elleven.digital\/acocearense\/noticia\/endeavor-realiza-2o-encontro-de-empreendedoras\/#primaryimage\",\"url\":\"https:\/\/previews.elleven.digital\/acocearense\/wp-content\/uploads\/2025\/05\/endeavor.jpeg\",\"contentUrl\":\"https:\/\/previews.elleven.digital\/acocearense\/wp-content\/uploads\/2025\/05\/endeavor.jpeg\",\"width\":1280,\"height\":853},{\"@type\":\"BreadcrumbList\",\"@id\":\"https:\/\/previews.elleven.digital\/acocearense\/noticia\/endeavor-realiza-2o-encontro-de-empreendedoras\/#breadcrumb\",\"itemListElement\":[{\"@type\":\"ListItem\",\"position\":1,\"name\":\"In\u00edcio\",\"item\":\"https:\/\/previews.elleven.digital\/acocearense\/\"},{\"@type\":\"ListItem\",\"position\":2,\"name\":\"Not\u00edcias\",\"item\":\"https:\/\/previews.elleven.digital\/acocearense\/noticias\/\"},{\"@type\":\"ListItem\",\"position\":3,\"name\":\"Endeavor realiza 2\u00ba encontro de empreendedoras\"}]},{\"@type\":\"WebSite\",\"@id\":\"https:\/\/previews.elleven.digital\/acocearense\/#website\",\"url\":\"https:\/\/previews.elleven.digital\/acocearense\/\",\"name\":\"A\u00e7o Cearense\",\"description\":\"H\u00e1 mais de 45 anos no mercado brasileiro do a\u00e7o.\",\"alternateName\":\"A\u00e7o Cearense\",\"potentialAction\":[{\"@type\":\"SearchAction\",\"target\":{\"@type\":\"EntryPoint\",\"urlTemplate\":\"https:\/\/previews.elleven.digital\/acocearense\/?s={search_term_string}\"},\"query-input\":{\"@type\":\"PropertyValueSpecification\",\"valueRequired\":true,\"valueName\":\"search_term_string\"}}],\"inLanguage\":\"pt-BR\"}]}<\/script>\n<!-- \/ Yoast SEO plugin. -->","yoast_head_json":{"title":"Endeavor realiza 2\u00ba encontro de empreendedoras - Grupo A\u00e7o Cearense","robots":{"index":"index","follow":"follow","max-snippet":"max-snippet:-1","max-image-preview":"max-image-preview:large","max-video-preview":"max-video-preview:-1"},"canonical":"https:\/\/previews.elleven.digital\/acocearense\/noticia\/endeavor-realiza-2o-encontro-de-empreendedoras\/","og_locale":"pt_BR","og_type":"article","og_title":"Endeavor realiza 2\u00ba encontro de empreendedoras - Grupo A\u00e7o Cearense","og_description":"No dia 04 de junho, Aline Ferreira, Vice-Presidente Comercial e Financeira do Grupo A\u00e7o Cearense,(...)","og_url":"https:\/\/previews.elleven.digital\/acocearense\/noticia\/endeavor-realiza-2o-encontro-de-empreendedoras\/","og_site_name":"Grupo A\u00e7o Cearense","article_modified_time":"2025-05-07T18:34:16+00:00","og_image":[{"width":1280,"height":853,"url":"https:\/\/previews.elleven.digital\/acocearense\/wp-content\/uploads\/2025\/05\/endeavor.jpeg","type":"image\/jpeg"}],"twitter_card":"summary_large_image","twitter_misc":{"Est. tempo de leitura":"2 minutos"},"schema":{"@context":"https:\/\/schema.org","@graph":[{"@type":"WebPage","@id":"https:\/\/previews.elleven.digital\/acocearense\/noticia\/endeavor-realiza-2o-encontro-de-empreendedoras\/","url":"https:\/\/previews.elleven.digital\/acocearense\/noticia\/endeavor-realiza-2o-encontro-de-empreendedoras\/","name":"Endeavor realiza 2\u00ba encontro de empreendedoras - Grupo A\u00e7o Cearense","isPartOf":{"@id":"https:\/\/previews.elleven.digital\/acocearense\/#website"},"primaryImageOfPage":{"@id":"https:\/\/previews.elleven.digital\/acocearense\/noticia\/endeavor-realiza-2o-encontro-de-empreendedoras\/#primaryimage"},"image":{"@id":"https:\/\/previews.elleven.digital\/acocearense\/noticia\/endeavor-realiza-2o-encontro-de-empreendedoras\/#primaryimage"},"thumbnailUrl":"https:\/\/previews.elleven.digital\/acocearense\/wp-content\/uploads\/2025\/05\/endeavor.jpeg","datePublished":"2019-06-12T18:33:50+00:00","dateModified":"2025-05-07T18:34:16+00:00","breadcrumb":{"@id":"https:\/\/previews.elleven.digital\/acocearense\/noticia\/endeavor-realiza-2o-encontro-de-empreendedoras\/#breadcrumb"},"inLanguage":"pt-BR","potentialAction":[{"@type":"ReadAction","target":["https:\/\/previews.elleven.digital\/acocearense\/noticia\/endeavor-realiza-2o-encontro-de-empreendedoras\/"]}]},{"@type":"ImageObject","inLanguage":"pt-BR","@id":"https:\/\/previews.elleven.digital\/acocearense\/noticia\/endeavor-realiza-2o-encontro-de-empreendedoras\/#primaryimage","url":"https:\/\/previews.elleven.digital\/acocearense\/wp-content\/uploads\/2025\/05\/endeavor.jpeg","contentUrl":"https:\/\/previews.elleven.digital\/acocearense\/wp-content\/uploads\/2025\/05\/endeavor.jpeg","width":1280,"height":853},{"@type":"BreadcrumbList","@id":"https:\/\/previews.elleven.digital\/acocearense\/noticia\/endeavor-realiza-2o-encontro-de-empreendedoras\/#breadcrumb","itemListElement":[{"@type":"ListItem","position":1,"name":"In\u00edcio","item":"https:\/\/previews.elleven.digital\/acocearense\/"},{"@type":"ListItem","position":2,"name":"Not\u00edcias","item":"https:\/\/previews.elleven.digital\/acocearense\/noticias\/"},{"@type":"ListItem","position":3,"name":"Endeavor realiza 2\u00ba encontro de empreendedoras"}]},{"@type":"WebSite","@id":"https:\/\/previews.elleven.digital\/acocearense\/#website","url":"https:\/\/previews.elleven.digital\/acocearense\/","name":"A\u00e7o Cearense","description":"H\u00e1 mais de 45 anos no mercado brasileiro do a\u00e7o.","alternateName":"A\u00e7o Cearense","potentialAction":[{"@type":"SearchAction","target":{"@type":"EntryPoint","urlTemplate":"https:\/\/previews.elleven.digital\/acocearense\/?s={search_term_string}"},"query-input":{"@type":"PropertyValueSpecification","valueRequired":true,"valueName":"search_term_string"}}],"inLanguage":"pt-BR"}]}},"_links":{"self":[{"href":"https:\/\/previews.elleven.digital\/acocearense\/wp-json\/wp\/v2\/noticia\/1863","targetHints":{"allow":["GET"]}}],"collection":[{"href":"https:\/\/previews.elleven.digital\/acocearense\/wp-json\/wp\/v2\/noticia"}],"about":[{"href":"https:\/\/previews.elleven.digital\/acocearense\/wp-json\/wp\/v2\/types\/noticia"}],"wp:featuredmedia":[{"embeddable":true,"href":"https:\/\/previews.elleven.digital\/acocearense\/wp-json\/wp\/v2\/media\/1861"}],"wp:attachment":[{"href":"https:\/\/previews.elleven.digital\/acocearense\/wp-json\/wp\/v2\/media?parent=1863"}],"wp:term":[{"taxonomy":"categoria-noticia","embeddable":true,"href":"https:\/\/previews.elleven.digital\/acocearense\/wp-json\/wp\/v2\/categoria-noticia?post=1863"}],"curies":[{"name":"wp","href":"https:\/\/api.w.org\/{rel}","templated":true}]}}