{"id":1852,"date":"2019-06-11T15:29:55","date_gmt":"2019-06-11T18:29:55","guid":{"rendered":"https:\/\/previews.elleven.digital\/acocearense\/?post_type=noticia&#038;p=1852"},"modified":"2025-05-07T15:33:46","modified_gmt":"2025-05-07T18:33:46","slug":"cafe-com-vp-e-realizado-na-aco-cearense-industrial","status":"publish","type":"noticia","link":"https:\/\/previews.elleven.digital\/acocearense\/noticia\/cafe-com-vp-e-realizado-na-aco-cearense-industrial\/","title":{"rendered":"Caf\u00e9 com VP \u00e9 realizado na A\u00e7o Cearense Industrial"},"content":{"rendered":"<p>A 2\u00aa edi\u00e7\u00e3o do Caf\u00e9 com VP foi realizada no m\u00eas de junho, na A\u00e7o Cearense Industrial. Colaboradores de v\u00e1rias \u00e1reas da unidade se reuniram com os Vice-Presidentes Aline Ferreira e Ian Corr\u00eaa para um bate-papo descontra\u00eddo e produtivo.<br \/>\nPara Roberto Ferreira, da Produ\u00e7\u00e3o \u00c1rea 1 da A\u00e7o Cearense Industrial Matriz, o encontro foi muito bom. \u201cEu achei maravilhoso o Caf\u00e9 e o que percebi de importante foi a simplicidade deles. Apesar de terem um cargo alto dentro da empresa, eles s\u00e3o simples, ouviram nossas sugest\u00f5es, entenderam nosso lado, passaram a vis\u00e3o da empresa em rela\u00e7\u00e3o a determinados assuntos e isso trouxe para n\u00f3s um conforto e a certeza que a nossa participa\u00e7\u00e3o aqui foi e \u00e9 importante para o crescimento do Grupo\u201d, destacou.<br \/>\nJ\u00e1 Kennedy Costa, colaborador da \u00e1rea de Manuten\u00e7\u00e3o de Ponte Rolante da A\u00e7o Cearense Industrial Filial, disse: \u201cEsse encontro mostrou pra gente como a Diretoria se importa com o nosso bem-estar, como n\u00f3s estamos trabalhando e como \u00e9 o comportamento dos nossos gestores. Depois dessa manh\u00e3, eu acredito que tudo \u00e9 poss\u00edvel. Eu jamais me imaginei sentado numa mesa, conversando, tomando caf\u00e9 e falando sobre situa\u00e7\u00f5es relacionadas ao nosso trabalho com os Vice-Presidentes do Grupo A\u00e7o Cearense. Isso pra mim foi muito diferente. Oportunidade \u00e9 a palavra que defino esse momento\u201d.<br \/>\nO Caf\u00e9 com VP ser\u00e1 realizado em todas as empresas do Grupo A\u00e7o Cearense, de acordo com a agenda dos VPs. As vagas s\u00e3o limitadas, com a participa\u00e7\u00e3o de 10 colaboradores por evento. As inscri\u00e7\u00f5es s\u00e3o realizadas de acordo com a divulga\u00e7\u00e3o nos canais de comunica\u00e7\u00e3o do Grupo A\u00e7o Cearense, em cada unidade.<br \/>\nAs pr\u00f3ximas edi\u00e7\u00f5es acontecer\u00e3o no m\u00eas de setembro na SINOBRAS e SINOBRAS Florestal.<\/p>\n","protected":false},"featured_media":1862,"template":"","meta":{"_acf_changed":false,"inline_featured_image":false},"categoria-noticia":[],"class_list":["post-1852","noticia","type-noticia","status-publish","has-post-thumbnail","hentry"],"acf":{"link":""},"yoast_head":"<!-- This site is optimized with the Yoast SEO plugin v25.9 - https:\/\/yoast.com\/wordpress\/plugins\/seo\/ -->\n<title>Caf\u00e9 com VP \u00e9 realizado na A\u00e7o Cearense Industrial - Grupo A\u00e7o Cearense<\/title>\n<meta name=\"robots\" content=\"index, follow, max-snippet:-1, max-image-preview:large, max-video-preview:-1\" \/>\n<link rel=\"canonical\" href=\"https:\/\/previews.elleven.digital\/acocearense\/noticia\/cafe-com-vp-e-realizado-na-aco-cearense-industrial\/\" \/>\n<meta property=\"og:locale\" content=\"pt_BR\" \/>\n<meta property=\"og:type\" content=\"article\" \/>\n<meta property=\"og:title\" content=\"Caf\u00e9 com VP \u00e9 realizado na A\u00e7o Cearense Industrial - Grupo A\u00e7o Cearense\" \/>\n<meta property=\"og:description\" content=\"A 2\u00aa edi\u00e7\u00e3o do Caf\u00e9 com VP foi realizada no m\u00eas de junho, na A\u00e7o(...)\" \/>\n<meta property=\"og:url\" content=\"https:\/\/previews.elleven.digital\/acocearense\/noticia\/cafe-com-vp-e-realizado-na-aco-cearense-industrial\/\" \/>\n<meta property=\"og:site_name\" content=\"Grupo A\u00e7o Cearense\" \/>\n<meta property=\"article:modified_time\" content=\"2025-05-07T18:33:46+00:00\" \/>\n<meta property=\"og:image\" content=\"https:\/\/previews.elleven.digital\/acocearense\/wp-content\/uploads\/2025\/05\/Design-sem-nome-2-1.png\" \/>\n\t<meta property=\"og:image:width\" content=\"400\" \/>\n\t<meta property=\"og:image:height\" content=\"300\" \/>\n\t<meta property=\"og:image:type\" content=\"image\/png\" \/>\n<meta name=\"twitter:card\" content=\"summary_large_image\" \/>\n<meta name=\"twitter:label1\" content=\"Est. tempo de leitura\" \/>\n\t<meta name=\"twitter:data1\" content=\"2 minutos\" \/>\n<script type=\"application\/ld+json\" class=\"yoast-schema-graph\">{\"@context\":\"https:\/\/schema.org\",\"@graph\":[{\"@type\":\"WebPage\",\"@id\":\"https:\/\/previews.elleven.digital\/acocearense\/noticia\/cafe-com-vp-e-realizado-na-aco-cearense-industrial\/\",\"url\":\"https:\/\/previews.elleven.digital\/acocearense\/noticia\/cafe-com-vp-e-realizado-na-aco-cearense-industrial\/\",\"name\":\"Caf\u00e9 com VP \u00e9 realizado na A\u00e7o Cearense Industrial - Grupo A\u00e7o Cearense\",\"isPartOf\":{\"@id\":\"https:\/\/previews.elleven.digital\/acocearense\/#website\"},\"primaryImageOfPage\":{\"@id\":\"https:\/\/previews.elleven.digital\/acocearense\/noticia\/cafe-com-vp-e-realizado-na-aco-cearense-industrial\/#primaryimage\"},\"image\":{\"@id\":\"https:\/\/previews.elleven.digital\/acocearense\/noticia\/cafe-com-vp-e-realizado-na-aco-cearense-industrial\/#primaryimage\"},\"thumbnailUrl\":\"https:\/\/previews.elleven.digital\/acocearense\/wp-content\/uploads\/2025\/05\/Design-sem-nome-2-1.png\",\"datePublished\":\"2019-06-11T18:29:55+00:00\",\"dateModified\":\"2025-05-07T18:33:46+00:00\",\"breadcrumb\":{\"@id\":\"https:\/\/previews.elleven.digital\/acocearense\/noticia\/cafe-com-vp-e-realizado-na-aco-cearense-industrial\/#breadcrumb\"},\"inLanguage\":\"pt-BR\",\"potentialAction\":[{\"@type\":\"ReadAction\",\"target\":[\"https:\/\/previews.elleven.digital\/acocearense\/noticia\/cafe-com-vp-e-realizado-na-aco-cearense-industrial\/\"]}]},{\"@type\":\"ImageObject\",\"inLanguage\":\"pt-BR\",\"@id\":\"https:\/\/previews.elleven.digital\/acocearense\/noticia\/cafe-com-vp-e-realizado-na-aco-cearense-industrial\/#primaryimage\",\"url\":\"https:\/\/previews.elleven.digital\/acocearense\/wp-content\/uploads\/2025\/05\/Design-sem-nome-2-1.png\",\"contentUrl\":\"https:\/\/previews.elleven.digital\/acocearense\/wp-content\/uploads\/2025\/05\/Design-sem-nome-2-1.png\",\"width\":400,\"height\":300},{\"@type\":\"BreadcrumbList\",\"@id\":\"https:\/\/previews.elleven.digital\/acocearense\/noticia\/cafe-com-vp-e-realizado-na-aco-cearense-industrial\/#breadcrumb\",\"itemListElement\":[{\"@type\":\"ListItem\",\"position\":1,\"name\":\"In\u00edcio\",\"item\":\"https:\/\/previews.elleven.digital\/acocearense\/\"},{\"@type\":\"ListItem\",\"position\":2,\"name\":\"Not\u00edcias\",\"item\":\"https:\/\/previews.elleven.digital\/acocearense\/noticias\/\"},{\"@type\":\"ListItem\",\"position\":3,\"name\":\"Caf\u00e9 com VP \u00e9 realizado na A\u00e7o Cearense Industrial\"}]},{\"@type\":\"WebSite\",\"@id\":\"https:\/\/previews.elleven.digital\/acocearense\/#website\",\"url\":\"https:\/\/previews.elleven.digital\/acocearense\/\",\"name\":\"A\u00e7o Cearense\",\"description\":\"H\u00e1 mais de 45 anos no mercado brasileiro do a\u00e7o.\",\"alternateName\":\"A\u00e7o Cearense\",\"potentialAction\":[{\"@type\":\"SearchAction\",\"target\":{\"@type\":\"EntryPoint\",\"urlTemplate\":\"https:\/\/previews.elleven.digital\/acocearense\/?s={search_term_string}\"},\"query-input\":{\"@type\":\"PropertyValueSpecification\",\"valueRequired\":true,\"valueName\":\"search_term_string\"}}],\"inLanguage\":\"pt-BR\"}]}<\/script>\n<!-- \/ Yoast SEO plugin. -->","yoast_head_json":{"title":"Caf\u00e9 com VP \u00e9 realizado na A\u00e7o Cearense Industrial - Grupo A\u00e7o Cearense","robots":{"index":"index","follow":"follow","max-snippet":"max-snippet:-1","max-image-preview":"max-image-preview:large","max-video-preview":"max-video-preview:-1"},"canonical":"https:\/\/previews.elleven.digital\/acocearense\/noticia\/cafe-com-vp-e-realizado-na-aco-cearense-industrial\/","og_locale":"pt_BR","og_type":"article","og_title":"Caf\u00e9 com VP \u00e9 realizado na A\u00e7o Cearense Industrial - Grupo A\u00e7o Cearense","og_description":"A 2\u00aa edi\u00e7\u00e3o do Caf\u00e9 com VP foi realizada no m\u00eas de junho, na A\u00e7o(...)","og_url":"https:\/\/previews.elleven.digital\/acocearense\/noticia\/cafe-com-vp-e-realizado-na-aco-cearense-industrial\/","og_site_name":"Grupo A\u00e7o Cearense","article_modified_time":"2025-05-07T18:33:46+00:00","og_image":[{"width":400,"height":300,"url":"https:\/\/previews.elleven.digital\/acocearense\/wp-content\/uploads\/2025\/05\/Design-sem-nome-2-1.png","type":"image\/png"}],"twitter_card":"summary_large_image","twitter_misc":{"Est. tempo de leitura":"2 minutos"},"schema":{"@context":"https:\/\/schema.org","@graph":[{"@type":"WebPage","@id":"https:\/\/previews.elleven.digital\/acocearense\/noticia\/cafe-com-vp-e-realizado-na-aco-cearense-industrial\/","url":"https:\/\/previews.elleven.digital\/acocearense\/noticia\/cafe-com-vp-e-realizado-na-aco-cearense-industrial\/","name":"Caf\u00e9 com VP \u00e9 realizado na A\u00e7o Cearense Industrial - Grupo A\u00e7o Cearense","isPartOf":{"@id":"https:\/\/previews.elleven.digital\/acocearense\/#website"},"primaryImageOfPage":{"@id":"https:\/\/previews.elleven.digital\/acocearense\/noticia\/cafe-com-vp-e-realizado-na-aco-cearense-industrial\/#primaryimage"},"image":{"@id":"https:\/\/previews.elleven.digital\/acocearense\/noticia\/cafe-com-vp-e-realizado-na-aco-cearense-industrial\/#primaryimage"},"thumbnailUrl":"https:\/\/previews.elleven.digital\/acocearense\/wp-content\/uploads\/2025\/05\/Design-sem-nome-2-1.png","datePublished":"2019-06-11T18:29:55+00:00","dateModified":"2025-05-07T18:33:46+00:00","breadcrumb":{"@id":"https:\/\/previews.elleven.digital\/acocearense\/noticia\/cafe-com-vp-e-realizado-na-aco-cearense-industrial\/#breadcrumb"},"inLanguage":"pt-BR","potentialAction":[{"@type":"ReadAction","target":["https:\/\/previews.elleven.digital\/acocearense\/noticia\/cafe-com-vp-e-realizado-na-aco-cearense-industrial\/"]}]},{"@type":"ImageObject","inLanguage":"pt-BR","@id":"https:\/\/previews.elleven.digital\/acocearense\/noticia\/cafe-com-vp-e-realizado-na-aco-cearense-industrial\/#primaryimage","url":"https:\/\/previews.elleven.digital\/acocearense\/wp-content\/uploads\/2025\/05\/Design-sem-nome-2-1.png","contentUrl":"https:\/\/previews.elleven.digital\/acocearense\/wp-content\/uploads\/2025\/05\/Design-sem-nome-2-1.png","width":400,"height":300},{"@type":"BreadcrumbList","@id":"https:\/\/previews.elleven.digital\/acocearense\/noticia\/cafe-com-vp-e-realizado-na-aco-cearense-industrial\/#breadcrumb","itemListElement":[{"@type":"ListItem","position":1,"name":"In\u00edcio","item":"https:\/\/previews.elleven.digital\/acocearense\/"},{"@type":"ListItem","position":2,"name":"Not\u00edcias","item":"https:\/\/previews.elleven.digital\/acocearense\/noticias\/"},{"@type":"ListItem","position":3,"name":"Caf\u00e9 com VP \u00e9 realizado na A\u00e7o Cearense Industrial"}]},{"@type":"WebSite","@id":"https:\/\/previews.elleven.digital\/acocearense\/#website","url":"https:\/\/previews.elleven.digital\/acocearense\/","name":"A\u00e7o Cearense","description":"H\u00e1 mais de 45 anos no mercado brasileiro do a\u00e7o.","alternateName":"A\u00e7o Cearense","potentialAction":[{"@type":"SearchAction","target":{"@type":"EntryPoint","urlTemplate":"https:\/\/previews.elleven.digital\/acocearense\/?s={search_term_string}"},"query-input":{"@type":"PropertyValueSpecification","valueRequired":true,"valueName":"search_term_string"}}],"inLanguage":"pt-BR"}]}},"_links":{"self":[{"href":"https:\/\/previews.elleven.digital\/acocearense\/wp-json\/wp\/v2\/noticia\/1852","targetHints":{"allow":["GET"]}}],"collection":[{"href":"https:\/\/previews.elleven.digital\/acocearense\/wp-json\/wp\/v2\/noticia"}],"about":[{"href":"https:\/\/previews.elleven.digital\/acocearense\/wp-json\/wp\/v2\/types\/noticia"}],"wp:featuredmedia":[{"embeddable":true,"href":"https:\/\/previews.elleven.digital\/acocearense\/wp-json\/wp\/v2\/media\/1862"}],"wp:attachment":[{"href":"https:\/\/previews.elleven.digital\/acocearense\/wp-json\/wp\/v2\/media?parent=1852"}],"wp:term":[{"taxonomy":"categoria-noticia","embeddable":true,"href":"https:\/\/previews.elleven.digital\/acocearense\/wp-json\/wp\/v2\/categoria-noticia?post=1852"}],"curies":[{"name":"wp","href":"https:\/\/api.w.org\/{rel}","templated":true}]}}