{"id":1850,"date":"2019-06-06T15:28:47","date_gmt":"2019-06-06T18:28:47","guid":{"rendered":"https:\/\/previews.elleven.digital\/acocearense\/?post_type=noticia&#038;p=1850"},"modified":"2025-05-07T15:29:15","modified_gmt":"2025-05-07T18:29:15","slug":"grupo-aco-cearense-realiza-acoes-de-preservacao-do-meio-ambiente","status":"publish","type":"noticia","link":"https:\/\/previews.elleven.digital\/acocearense\/noticia\/grupo-aco-cearense-realiza-acoes-de-preservacao-do-meio-ambiente\/","title":{"rendered":"Grupo A\u00e7o Cearense realiza a\u00e7\u00f5es de preserva\u00e7\u00e3o do meio ambiente"},"content":{"rendered":"<p>Em 1972, a Organiza\u00e7\u00e3o das Na\u00e7\u00f5es Unidas (ONU) instituiu o dia 05\/06 como Dia Mundial do Meio Ambiente para chamar a aten\u00e7\u00e3o para os problemas ambientais e para a import\u00e2ncia da preserva\u00e7\u00e3o dos recursos naturais. Com uma vis\u00e3o sustent\u00e1vel, o Grupo A\u00e7o Cearense tem um compromisso com o desenvolvimento sustent\u00e1vel, cuidando do meio ambiente tamb\u00e9m.<br \/>\nO Grupo \u00e9 o maior reciclador de sucata de a\u00e7o do Norte-Nordeste brasileiro e trabalha sob a \u00f3tica da Economia Circular. Na SINOBRAS, a produ\u00e7\u00e3o do a\u00e7o \u00e9 feita com 70% de sucata e 30% de ferro-gusa l\u00edquido. A SINOBRAS Florestal, outra empresa do Grupo localizada em S\u00e3o Bento do Tocantins (TO), \u00e9 fornecedora de redutor bioenerg\u00e9tico, com 15 fazendas pr\u00f3prias de plantio de eucalipto, em uma \u00e1rea de 25 mil hectares.<\/p>\n<p>O Grupo A\u00e7o Cearense possui ainda, outros projetos e a\u00e7\u00f5es voltados para a preserva\u00e7\u00e3o do meio ambiente, como:<br \/>\nGest\u00e3o de res\u00edduos \u2013 em suas empresas, o Grupo aplica metodologias com o objetivo de ter melhor desempenho e acompanhamento das destina\u00e7\u00f5es e redu\u00e7\u00f5es dos res\u00edduos e coprodutos gerados, aplicando os conceitos de redu\u00e7\u00e3o, reutiliza\u00e7\u00e3o e reciclagem.<br \/>\nA log\u00edstica reversa \u00e9 outra pr\u00e1tica de preserva\u00e7\u00e3o ambiental realizada no GAC, aplicada em baterias e pneus, que ap\u00f3s o uso recebem a destina\u00e7\u00e3o correta.<\/p>\n<p>A preocupa\u00e7\u00e3o com o uso da \u00e1gua ocorre desde o in\u00edcio da opera\u00e7\u00e3o em suas empresas, por meio de um robusto sistema de capta\u00e7\u00e3o, tratamento, recircula\u00e7\u00e3o, torres de resfriamento de \u00e1gua e tanques de decanta\u00e7\u00e3o, que garantem a recircula\u00e7\u00e3o da \u00e1gua utilizada nos processos industriais. Em 2018, foi alcan\u00e7ada a marca de 98,35% de \u00e1gua recirculada nos processos.<br \/>\nTamb\u00e9m no ano passado foi implantado o Projeto Reciclo na ACI e ACC, com o objetivo de consolidar a coleta seletiva no Grupo A\u00e7o Cearense, o qual inclui as atividades de caracteriza\u00e7\u00e3o dos res\u00edduos, adequa\u00e7\u00e3o das \u00e1reas, treinamento de colaboradores, monitoramento dos resultados e auditorias internas, al\u00e9m de a\u00e7\u00f5es de doa\u00e7\u00f5es de mudas de \u00e1rvores para os colaboradores.<\/p>\n<p>\u201cPrecisamos refletir sobre o modo em que atuamos no dia a dia, sobre a forma como nossos h\u00e1bitos podem alterar o meio ambiente. A responsabilidade pela conserva\u00e7\u00e3o e prote\u00e7\u00e3o do meio ambiente \u00e9 um compromisso de todos\u201d \u2013 Junimara Chaves, Coordenadora de Gest\u00e3o Ambiental da SINOBRAS.<\/p>\n<p>\u201cPodemos transformar o mundo se preservarmos o meio ambiente. Na A\u00e7o Cearense fazemos isso todos os dias, iniciando na educa\u00e7\u00e3o de todos os colaboradores para praticarem essa a\u00e7\u00e3o t\u00e3o importante para o mundo em que vivemos.\u201d \u2013 Carlos Yves, Gerente de Sustentabilidade da A\u00e7o Cearense.<\/p>\n<h3>Falando nisso<\/h3>\n<p>A \u00e1rea de Gest\u00e3o Ambiental da SINOBRAS recebeu no dia 05\/06 17 alunos dos cursos de Engenharia Ambiental, Engenharia de Produ\u00e7\u00e3o e Biologia da Universidade do Estado do Par\u00e1 (UEPA) de Marab\u00e1. A visita foi uma das atividades da II Semana do Meio Ambiente 2019 da UEPA, realizada no per\u00edodo de 3 a 6 de junho.<br \/>\n<img loading=\"lazy\" decoding=\"async\" class=\"wp-image-5264 size-medium aligncenter\" src=\"https:\/\/grupoacocearense.com.br\/wp-content\/uploads\/2019\/06\/SIN-AMBIENTE-300x221.jpg\" sizes=\"auto, (max-width: 300px) 100vw, 300px\" srcset=\"https:\/\/previews.elleven.digital\/acocearense\/wp-content\/uploads\/2019\/06\/SIN-AMBIENTE-300x221.jpg 300w, https:\/\/previews.elleven.digital\/acocearense\/wp-content\/uploads\/2019\/06\/SIN-AMBIENTE-768x566.jpg 768w, https:\/\/previews.elleven.digital\/acocearense\/wp-content\/uploads\/2019\/06\/SIN-AMBIENTE.jpg 1024w\" alt=\"\" width=\"300\" height=\"221\" \/><\/p>\n","protected":false},"featured_media":1834,"template":"","meta":{"_acf_changed":false,"inline_featured_image":false},"categoria-noticia":[],"class_list":["post-1850","noticia","type-noticia","status-publish","has-post-thumbnail","hentry"],"acf":{"link":""},"yoast_head":"<!-- This site is optimized with the Yoast SEO plugin v25.9 - https:\/\/yoast.com\/wordpress\/plugins\/seo\/ -->\n<title>Grupo A\u00e7o Cearense realiza a\u00e7\u00f5es de preserva\u00e7\u00e3o do meio ambiente - Grupo A\u00e7o Cearense<\/title>\n<meta name=\"robots\" content=\"index, follow, max-snippet:-1, max-image-preview:large, max-video-preview:-1\" \/>\n<link rel=\"canonical\" href=\"https:\/\/previews.elleven.digital\/acocearense\/noticia\/grupo-aco-cearense-realiza-acoes-de-preservacao-do-meio-ambiente\/\" \/>\n<meta property=\"og:locale\" content=\"pt_BR\" \/>\n<meta property=\"og:type\" content=\"article\" \/>\n<meta property=\"og:title\" content=\"Grupo A\u00e7o Cearense realiza a\u00e7\u00f5es de preserva\u00e7\u00e3o do meio ambiente - Grupo A\u00e7o Cearense\" \/>\n<meta property=\"og:description\" content=\"Em 1972, a Organiza\u00e7\u00e3o das Na\u00e7\u00f5es Unidas (ONU) instituiu o dia 05\/06 como Dia Mundial(...)\" \/>\n<meta property=\"og:url\" content=\"https:\/\/previews.elleven.digital\/acocearense\/noticia\/grupo-aco-cearense-realiza-acoes-de-preservacao-do-meio-ambiente\/\" \/>\n<meta property=\"og:site_name\" content=\"Grupo A\u00e7o Cearense\" \/>\n<meta property=\"article:modified_time\" content=\"2025-05-07T18:29:15+00:00\" \/>\n<meta property=\"og:image\" content=\"https:\/\/previews.elleven.digital\/acocearense\/wp-content\/uploads\/2025\/05\/Design-sem-nome-1.png\" \/>\n\t<meta property=\"og:image:width\" content=\"400\" \/>\n\t<meta property=\"og:image:height\" content=\"300\" \/>\n\t<meta property=\"og:image:type\" content=\"image\/png\" \/>\n<meta name=\"twitter:card\" content=\"summary_large_image\" \/>\n<meta name=\"twitter:label1\" content=\"Est. tempo de leitura\" \/>\n\t<meta name=\"twitter:data1\" content=\"3 minutos\" \/>\n<script type=\"application\/ld+json\" class=\"yoast-schema-graph\">{\"@context\":\"https:\/\/schema.org\",\"@graph\":[{\"@type\":\"WebPage\",\"@id\":\"https:\/\/previews.elleven.digital\/acocearense\/noticia\/grupo-aco-cearense-realiza-acoes-de-preservacao-do-meio-ambiente\/\",\"url\":\"https:\/\/previews.elleven.digital\/acocearense\/noticia\/grupo-aco-cearense-realiza-acoes-de-preservacao-do-meio-ambiente\/\",\"name\":\"Grupo A\u00e7o Cearense realiza a\u00e7\u00f5es de preserva\u00e7\u00e3o do meio ambiente - Grupo A\u00e7o Cearense\",\"isPartOf\":{\"@id\":\"https:\/\/previews.elleven.digital\/acocearense\/#website\"},\"primaryImageOfPage\":{\"@id\":\"https:\/\/previews.elleven.digital\/acocearense\/noticia\/grupo-aco-cearense-realiza-acoes-de-preservacao-do-meio-ambiente\/#primaryimage\"},\"image\":{\"@id\":\"https:\/\/previews.elleven.digital\/acocearense\/noticia\/grupo-aco-cearense-realiza-acoes-de-preservacao-do-meio-ambiente\/#primaryimage\"},\"thumbnailUrl\":\"https:\/\/previews.elleven.digital\/acocearense\/wp-content\/uploads\/2025\/05\/Design-sem-nome-1.png\",\"datePublished\":\"2019-06-06T18:28:47+00:00\",\"dateModified\":\"2025-05-07T18:29:15+00:00\",\"breadcrumb\":{\"@id\":\"https:\/\/previews.elleven.digital\/acocearense\/noticia\/grupo-aco-cearense-realiza-acoes-de-preservacao-do-meio-ambiente\/#breadcrumb\"},\"inLanguage\":\"pt-BR\",\"potentialAction\":[{\"@type\":\"ReadAction\",\"target\":[\"https:\/\/previews.elleven.digital\/acocearense\/noticia\/grupo-aco-cearense-realiza-acoes-de-preservacao-do-meio-ambiente\/\"]}]},{\"@type\":\"ImageObject\",\"inLanguage\":\"pt-BR\",\"@id\":\"https:\/\/previews.elleven.digital\/acocearense\/noticia\/grupo-aco-cearense-realiza-acoes-de-preservacao-do-meio-ambiente\/#primaryimage\",\"url\":\"https:\/\/previews.elleven.digital\/acocearense\/wp-content\/uploads\/2025\/05\/Design-sem-nome-1.png\",\"contentUrl\":\"https:\/\/previews.elleven.digital\/acocearense\/wp-content\/uploads\/2025\/05\/Design-sem-nome-1.png\",\"width\":400,\"height\":300},{\"@type\":\"BreadcrumbList\",\"@id\":\"https:\/\/previews.elleven.digital\/acocearense\/noticia\/grupo-aco-cearense-realiza-acoes-de-preservacao-do-meio-ambiente\/#breadcrumb\",\"itemListElement\":[{\"@type\":\"ListItem\",\"position\":1,\"name\":\"In\u00edcio\",\"item\":\"https:\/\/previews.elleven.digital\/acocearense\/\"},{\"@type\":\"ListItem\",\"position\":2,\"name\":\"Not\u00edcias\",\"item\":\"https:\/\/previews.elleven.digital\/acocearense\/noticias\/\"},{\"@type\":\"ListItem\",\"position\":3,\"name\":\"Grupo A\u00e7o Cearense realiza a\u00e7\u00f5es de preserva\u00e7\u00e3o do meio ambiente\"}]},{\"@type\":\"WebSite\",\"@id\":\"https:\/\/previews.elleven.digital\/acocearense\/#website\",\"url\":\"https:\/\/previews.elleven.digital\/acocearense\/\",\"name\":\"A\u00e7o Cearense\",\"description\":\"H\u00e1 mais de 45 anos no mercado brasileiro do a\u00e7o.\",\"alternateName\":\"A\u00e7o Cearense\",\"potentialAction\":[{\"@type\":\"SearchAction\",\"target\":{\"@type\":\"EntryPoint\",\"urlTemplate\":\"https:\/\/previews.elleven.digital\/acocearense\/?s={search_term_string}\"},\"query-input\":{\"@type\":\"PropertyValueSpecification\",\"valueRequired\":true,\"valueName\":\"search_term_string\"}}],\"inLanguage\":\"pt-BR\"}]}<\/script>\n<!-- \/ Yoast SEO plugin. -->","yoast_head_json":{"title":"Grupo A\u00e7o Cearense realiza a\u00e7\u00f5es de preserva\u00e7\u00e3o do meio ambiente - Grupo A\u00e7o Cearense","robots":{"index":"index","follow":"follow","max-snippet":"max-snippet:-1","max-image-preview":"max-image-preview:large","max-video-preview":"max-video-preview:-1"},"canonical":"https:\/\/previews.elleven.digital\/acocearense\/noticia\/grupo-aco-cearense-realiza-acoes-de-preservacao-do-meio-ambiente\/","og_locale":"pt_BR","og_type":"article","og_title":"Grupo A\u00e7o Cearense realiza a\u00e7\u00f5es de preserva\u00e7\u00e3o do meio ambiente - Grupo A\u00e7o Cearense","og_description":"Em 1972, a Organiza\u00e7\u00e3o das Na\u00e7\u00f5es Unidas (ONU) instituiu o dia 05\/06 como Dia Mundial(...)","og_url":"https:\/\/previews.elleven.digital\/acocearense\/noticia\/grupo-aco-cearense-realiza-acoes-de-preservacao-do-meio-ambiente\/","og_site_name":"Grupo A\u00e7o Cearense","article_modified_time":"2025-05-07T18:29:15+00:00","og_image":[{"width":400,"height":300,"url":"https:\/\/previews.elleven.digital\/acocearense\/wp-content\/uploads\/2025\/05\/Design-sem-nome-1.png","type":"image\/png"}],"twitter_card":"summary_large_image","twitter_misc":{"Est. tempo de leitura":"3 minutos"},"schema":{"@context":"https:\/\/schema.org","@graph":[{"@type":"WebPage","@id":"https:\/\/previews.elleven.digital\/acocearense\/noticia\/grupo-aco-cearense-realiza-acoes-de-preservacao-do-meio-ambiente\/","url":"https:\/\/previews.elleven.digital\/acocearense\/noticia\/grupo-aco-cearense-realiza-acoes-de-preservacao-do-meio-ambiente\/","name":"Grupo A\u00e7o Cearense realiza a\u00e7\u00f5es de preserva\u00e7\u00e3o do meio ambiente - Grupo A\u00e7o Cearense","isPartOf":{"@id":"https:\/\/previews.elleven.digital\/acocearense\/#website"},"primaryImageOfPage":{"@id":"https:\/\/previews.elleven.digital\/acocearense\/noticia\/grupo-aco-cearense-realiza-acoes-de-preservacao-do-meio-ambiente\/#primaryimage"},"image":{"@id":"https:\/\/previews.elleven.digital\/acocearense\/noticia\/grupo-aco-cearense-realiza-acoes-de-preservacao-do-meio-ambiente\/#primaryimage"},"thumbnailUrl":"https:\/\/previews.elleven.digital\/acocearense\/wp-content\/uploads\/2025\/05\/Design-sem-nome-1.png","datePublished":"2019-06-06T18:28:47+00:00","dateModified":"2025-05-07T18:29:15+00:00","breadcrumb":{"@id":"https:\/\/previews.elleven.digital\/acocearense\/noticia\/grupo-aco-cearense-realiza-acoes-de-preservacao-do-meio-ambiente\/#breadcrumb"},"inLanguage":"pt-BR","potentialAction":[{"@type":"ReadAction","target":["https:\/\/previews.elleven.digital\/acocearense\/noticia\/grupo-aco-cearense-realiza-acoes-de-preservacao-do-meio-ambiente\/"]}]},{"@type":"ImageObject","inLanguage":"pt-BR","@id":"https:\/\/previews.elleven.digital\/acocearense\/noticia\/grupo-aco-cearense-realiza-acoes-de-preservacao-do-meio-ambiente\/#primaryimage","url":"https:\/\/previews.elleven.digital\/acocearense\/wp-content\/uploads\/2025\/05\/Design-sem-nome-1.png","contentUrl":"https:\/\/previews.elleven.digital\/acocearense\/wp-content\/uploads\/2025\/05\/Design-sem-nome-1.png","width":400,"height":300},{"@type":"BreadcrumbList","@id":"https:\/\/previews.elleven.digital\/acocearense\/noticia\/grupo-aco-cearense-realiza-acoes-de-preservacao-do-meio-ambiente\/#breadcrumb","itemListElement":[{"@type":"ListItem","position":1,"name":"In\u00edcio","item":"https:\/\/previews.elleven.digital\/acocearense\/"},{"@type":"ListItem","position":2,"name":"Not\u00edcias","item":"https:\/\/previews.elleven.digital\/acocearense\/noticias\/"},{"@type":"ListItem","position":3,"name":"Grupo A\u00e7o Cearense realiza a\u00e7\u00f5es de preserva\u00e7\u00e3o do meio ambiente"}]},{"@type":"WebSite","@id":"https:\/\/previews.elleven.digital\/acocearense\/#website","url":"https:\/\/previews.elleven.digital\/acocearense\/","name":"A\u00e7o Cearense","description":"H\u00e1 mais de 45 anos no mercado brasileiro do a\u00e7o.","alternateName":"A\u00e7o Cearense","potentialAction":[{"@type":"SearchAction","target":{"@type":"EntryPoint","urlTemplate":"https:\/\/previews.elleven.digital\/acocearense\/?s={search_term_string}"},"query-input":{"@type":"PropertyValueSpecification","valueRequired":true,"valueName":"search_term_string"}}],"inLanguage":"pt-BR"}]}},"_links":{"self":[{"href":"https:\/\/previews.elleven.digital\/acocearense\/wp-json\/wp\/v2\/noticia\/1850","targetHints":{"allow":["GET"]}}],"collection":[{"href":"https:\/\/previews.elleven.digital\/acocearense\/wp-json\/wp\/v2\/noticia"}],"about":[{"href":"https:\/\/previews.elleven.digital\/acocearense\/wp-json\/wp\/v2\/types\/noticia"}],"wp:featuredmedia":[{"embeddable":true,"href":"https:\/\/previews.elleven.digital\/acocearense\/wp-json\/wp\/v2\/media\/1834"}],"wp:attachment":[{"href":"https:\/\/previews.elleven.digital\/acocearense\/wp-json\/wp\/v2\/media?parent=1850"}],"wp:term":[{"taxonomy":"categoria-noticia","embeddable":true,"href":"https:\/\/previews.elleven.digital\/acocearense\/wp-json\/wp\/v2\/categoria-noticia?post=1850"}],"curies":[{"name":"wp","href":"https:\/\/api.w.org\/{rel}","templated":true}]}}