{"id":1849,"date":"2019-06-05T15:28:00","date_gmt":"2019-06-05T18:28:00","guid":{"rendered":"https:\/\/previews.elleven.digital\/acocearense\/?post_type=noticia&#038;p=1849"},"modified":"2025-05-07T15:28:31","modified_gmt":"2025-05-07T18:28:31","slug":"comunidade-de-sao-bento-do-tocantins-tem-dia-de-acao-social","status":"publish","type":"noticia","link":"https:\/\/previews.elleven.digital\/acocearense\/noticia\/comunidade-de-sao-bento-do-tocantins-tem-dia-de-acao-social\/","title":{"rendered":"Comunidade de S\u00e3o Bento do Tocantins tem dia de A\u00e7\u00e3o Social"},"content":{"rendered":"<p>No dia 01\/06, o Instituto A\u00e7o Cearense realizou a primeira edi\u00e7\u00e3o do IAC Social na cidade de S\u00e3o Bento do Tocantins, onde est\u00e1 localizada a SINOBRAS Florestal, empresa de plantio de eucalipto do Grupo A\u00e7o Cearense. A a\u00e7\u00e3o aconteceu no Centro de Refer\u00eancia da Assist\u00eancia Social (CRAS) e contou com atividades culturais, de sa\u00fade e bem-estar para a popula\u00e7\u00e3o do munic\u00edpio, todas gratuitas.<\/p>\n<p>Um dia de muita anima\u00e7\u00e3o, com apresenta\u00e7\u00e3o de dan\u00e7as e servi\u00e7os de sa\u00fade, como aplica\u00e7\u00e3o de fl\u00faor, aferi\u00e7\u00e3o de press\u00e3o, roda de conversa, entre outros, fizeram do IAC Social um verdadeiro sucesso entre os participantes. Al\u00e9m disso, eles tamb\u00e9m puderam usufruir de atendimentos est\u00e9ticos como manicure, corte e escova. A dona de casa Ant\u00f4nia Guedes ficou muito feliz com os servi\u00e7os. \u201cFaz muito tempo que n\u00e3o arrumava as unhas, j\u00e1 tem muitos anos. Soube da a\u00e7\u00e3o aqui e vim me cuidar um pouco, aproveitar esse momento que est\u00e1 acontecendo aqui em S\u00e3o Bento\u201d, disse a dona de casa.<\/p>\n<p>As crian\u00e7as tamb\u00e9m participaram do evento que contou com uma programa\u00e7\u00e3o especial para elas. A Turma do Sorriso, projeto do Instituto Cultural Hozana Lopes, entidade apoiada pelo o Instituto A\u00e7o Cearense, animou o dia com apresenta\u00e7\u00f5es de palha\u00e7os e m\u00e1gicos. Jo\u00e3o Pedro Macedo Marinho participou da a\u00e7\u00e3o e disse que n\u00e3o percebeu nem o tempo passar: \u201cO dia passou e eu nem senti porque foram tantas brincadeiras, tanta divers\u00e3o que o rel\u00f3gio passou muito r\u00e1pido. Gostei muito da dan\u00e7a dos palha\u00e7os. Hoje foi dia de divers\u00e3o\u201d.<br \/>\nA coordenadora do Instituto A\u00e7o Cearense, Luciana Rabelo, explicou que entre os objetivos da a\u00e7\u00e3o em S\u00e3o Bento est\u00e3o o de conhecer melhor a cidade e firmar parcerias como essa, realizando projetos sociais que beneficiem a popula\u00e7\u00e3o da regi\u00e3o em torno da SINOBRAS Florestal.<\/p>\n","protected":false},"featured_media":1835,"template":"","meta":{"_acf_changed":false,"inline_featured_image":false},"categoria-noticia":[],"class_list":["post-1849","noticia","type-noticia","status-publish","has-post-thumbnail","hentry"],"acf":{"link":""},"yoast_head":"<!-- This site is optimized with the Yoast SEO plugin v25.9 - https:\/\/yoast.com\/wordpress\/plugins\/seo\/ -->\n<title>Comunidade de S\u00e3o Bento do Tocantins tem dia de A\u00e7\u00e3o Social - Grupo A\u00e7o Cearense<\/title>\n<meta name=\"robots\" content=\"index, follow, max-snippet:-1, max-image-preview:large, max-video-preview:-1\" \/>\n<link rel=\"canonical\" href=\"https:\/\/previews.elleven.digital\/acocearense\/noticia\/comunidade-de-sao-bento-do-tocantins-tem-dia-de-acao-social\/\" \/>\n<meta property=\"og:locale\" content=\"pt_BR\" \/>\n<meta property=\"og:type\" content=\"article\" \/>\n<meta property=\"og:title\" content=\"Comunidade de S\u00e3o Bento do Tocantins tem dia de A\u00e7\u00e3o Social - Grupo A\u00e7o Cearense\" \/>\n<meta property=\"og:description\" content=\"No dia 01\/06, o Instituto A\u00e7o Cearense realizou a primeira edi\u00e7\u00e3o do IAC Social na(...)\" \/>\n<meta property=\"og:url\" content=\"https:\/\/previews.elleven.digital\/acocearense\/noticia\/comunidade-de-sao-bento-do-tocantins-tem-dia-de-acao-social\/\" \/>\n<meta property=\"og:site_name\" content=\"Grupo A\u00e7o Cearense\" \/>\n<meta property=\"article:modified_time\" content=\"2025-05-07T18:28:31+00:00\" \/>\n<meta property=\"og:image\" content=\"https:\/\/previews.elleven.digital\/acocearense\/wp-content\/uploads\/2025\/05\/Design-sem-nome-1-1.png\" \/>\n\t<meta property=\"og:image:width\" content=\"400\" \/>\n\t<meta property=\"og:image:height\" content=\"300\" \/>\n\t<meta property=\"og:image:type\" content=\"image\/png\" \/>\n<meta name=\"twitter:card\" content=\"summary_large_image\" \/>\n<meta name=\"twitter:label1\" content=\"Est. tempo de leitura\" \/>\n\t<meta name=\"twitter:data1\" content=\"2 minutos\" \/>\n<script type=\"application\/ld+json\" class=\"yoast-schema-graph\">{\"@context\":\"https:\/\/schema.org\",\"@graph\":[{\"@type\":\"WebPage\",\"@id\":\"https:\/\/previews.elleven.digital\/acocearense\/noticia\/comunidade-de-sao-bento-do-tocantins-tem-dia-de-acao-social\/\",\"url\":\"https:\/\/previews.elleven.digital\/acocearense\/noticia\/comunidade-de-sao-bento-do-tocantins-tem-dia-de-acao-social\/\",\"name\":\"Comunidade de S\u00e3o Bento do Tocantins tem dia de A\u00e7\u00e3o Social - Grupo A\u00e7o Cearense\",\"isPartOf\":{\"@id\":\"https:\/\/previews.elleven.digital\/acocearense\/#website\"},\"primaryImageOfPage\":{\"@id\":\"https:\/\/previews.elleven.digital\/acocearense\/noticia\/comunidade-de-sao-bento-do-tocantins-tem-dia-de-acao-social\/#primaryimage\"},\"image\":{\"@id\":\"https:\/\/previews.elleven.digital\/acocearense\/noticia\/comunidade-de-sao-bento-do-tocantins-tem-dia-de-acao-social\/#primaryimage\"},\"thumbnailUrl\":\"https:\/\/previews.elleven.digital\/acocearense\/wp-content\/uploads\/2025\/05\/Design-sem-nome-1-1.png\",\"datePublished\":\"2019-06-05T18:28:00+00:00\",\"dateModified\":\"2025-05-07T18:28:31+00:00\",\"breadcrumb\":{\"@id\":\"https:\/\/previews.elleven.digital\/acocearense\/noticia\/comunidade-de-sao-bento-do-tocantins-tem-dia-de-acao-social\/#breadcrumb\"},\"inLanguage\":\"pt-BR\",\"potentialAction\":[{\"@type\":\"ReadAction\",\"target\":[\"https:\/\/previews.elleven.digital\/acocearense\/noticia\/comunidade-de-sao-bento-do-tocantins-tem-dia-de-acao-social\/\"]}]},{\"@type\":\"ImageObject\",\"inLanguage\":\"pt-BR\",\"@id\":\"https:\/\/previews.elleven.digital\/acocearense\/noticia\/comunidade-de-sao-bento-do-tocantins-tem-dia-de-acao-social\/#primaryimage\",\"url\":\"https:\/\/previews.elleven.digital\/acocearense\/wp-content\/uploads\/2025\/05\/Design-sem-nome-1-1.png\",\"contentUrl\":\"https:\/\/previews.elleven.digital\/acocearense\/wp-content\/uploads\/2025\/05\/Design-sem-nome-1-1.png\",\"width\":400,\"height\":300},{\"@type\":\"BreadcrumbList\",\"@id\":\"https:\/\/previews.elleven.digital\/acocearense\/noticia\/comunidade-de-sao-bento-do-tocantins-tem-dia-de-acao-social\/#breadcrumb\",\"itemListElement\":[{\"@type\":\"ListItem\",\"position\":1,\"name\":\"In\u00edcio\",\"item\":\"https:\/\/previews.elleven.digital\/acocearense\/\"},{\"@type\":\"ListItem\",\"position\":2,\"name\":\"Not\u00edcias\",\"item\":\"https:\/\/previews.elleven.digital\/acocearense\/noticias\/\"},{\"@type\":\"ListItem\",\"position\":3,\"name\":\"Comunidade de S\u00e3o Bento do Tocantins tem dia de A\u00e7\u00e3o Social\"}]},{\"@type\":\"WebSite\",\"@id\":\"https:\/\/previews.elleven.digital\/acocearense\/#website\",\"url\":\"https:\/\/previews.elleven.digital\/acocearense\/\",\"name\":\"A\u00e7o Cearense\",\"description\":\"H\u00e1 mais de 45 anos no mercado brasileiro do a\u00e7o.\",\"alternateName\":\"A\u00e7o Cearense\",\"potentialAction\":[{\"@type\":\"SearchAction\",\"target\":{\"@type\":\"EntryPoint\",\"urlTemplate\":\"https:\/\/previews.elleven.digital\/acocearense\/?s={search_term_string}\"},\"query-input\":{\"@type\":\"PropertyValueSpecification\",\"valueRequired\":true,\"valueName\":\"search_term_string\"}}],\"inLanguage\":\"pt-BR\"}]}<\/script>\n<!-- \/ Yoast SEO plugin. -->","yoast_head_json":{"title":"Comunidade de S\u00e3o Bento do Tocantins tem dia de A\u00e7\u00e3o Social - Grupo A\u00e7o Cearense","robots":{"index":"index","follow":"follow","max-snippet":"max-snippet:-1","max-image-preview":"max-image-preview:large","max-video-preview":"max-video-preview:-1"},"canonical":"https:\/\/previews.elleven.digital\/acocearense\/noticia\/comunidade-de-sao-bento-do-tocantins-tem-dia-de-acao-social\/","og_locale":"pt_BR","og_type":"article","og_title":"Comunidade de S\u00e3o Bento do Tocantins tem dia de A\u00e7\u00e3o Social - Grupo A\u00e7o Cearense","og_description":"No dia 01\/06, o Instituto A\u00e7o Cearense realizou a primeira edi\u00e7\u00e3o do IAC Social na(...)","og_url":"https:\/\/previews.elleven.digital\/acocearense\/noticia\/comunidade-de-sao-bento-do-tocantins-tem-dia-de-acao-social\/","og_site_name":"Grupo A\u00e7o Cearense","article_modified_time":"2025-05-07T18:28:31+00:00","og_image":[{"width":400,"height":300,"url":"https:\/\/previews.elleven.digital\/acocearense\/wp-content\/uploads\/2025\/05\/Design-sem-nome-1-1.png","type":"image\/png"}],"twitter_card":"summary_large_image","twitter_misc":{"Est. tempo de leitura":"2 minutos"},"schema":{"@context":"https:\/\/schema.org","@graph":[{"@type":"WebPage","@id":"https:\/\/previews.elleven.digital\/acocearense\/noticia\/comunidade-de-sao-bento-do-tocantins-tem-dia-de-acao-social\/","url":"https:\/\/previews.elleven.digital\/acocearense\/noticia\/comunidade-de-sao-bento-do-tocantins-tem-dia-de-acao-social\/","name":"Comunidade de S\u00e3o Bento do Tocantins tem dia de A\u00e7\u00e3o Social - Grupo A\u00e7o Cearense","isPartOf":{"@id":"https:\/\/previews.elleven.digital\/acocearense\/#website"},"primaryImageOfPage":{"@id":"https:\/\/previews.elleven.digital\/acocearense\/noticia\/comunidade-de-sao-bento-do-tocantins-tem-dia-de-acao-social\/#primaryimage"},"image":{"@id":"https:\/\/previews.elleven.digital\/acocearense\/noticia\/comunidade-de-sao-bento-do-tocantins-tem-dia-de-acao-social\/#primaryimage"},"thumbnailUrl":"https:\/\/previews.elleven.digital\/acocearense\/wp-content\/uploads\/2025\/05\/Design-sem-nome-1-1.png","datePublished":"2019-06-05T18:28:00+00:00","dateModified":"2025-05-07T18:28:31+00:00","breadcrumb":{"@id":"https:\/\/previews.elleven.digital\/acocearense\/noticia\/comunidade-de-sao-bento-do-tocantins-tem-dia-de-acao-social\/#breadcrumb"},"inLanguage":"pt-BR","potentialAction":[{"@type":"ReadAction","target":["https:\/\/previews.elleven.digital\/acocearense\/noticia\/comunidade-de-sao-bento-do-tocantins-tem-dia-de-acao-social\/"]}]},{"@type":"ImageObject","inLanguage":"pt-BR","@id":"https:\/\/previews.elleven.digital\/acocearense\/noticia\/comunidade-de-sao-bento-do-tocantins-tem-dia-de-acao-social\/#primaryimage","url":"https:\/\/previews.elleven.digital\/acocearense\/wp-content\/uploads\/2025\/05\/Design-sem-nome-1-1.png","contentUrl":"https:\/\/previews.elleven.digital\/acocearense\/wp-content\/uploads\/2025\/05\/Design-sem-nome-1-1.png","width":400,"height":300},{"@type":"BreadcrumbList","@id":"https:\/\/previews.elleven.digital\/acocearense\/noticia\/comunidade-de-sao-bento-do-tocantins-tem-dia-de-acao-social\/#breadcrumb","itemListElement":[{"@type":"ListItem","position":1,"name":"In\u00edcio","item":"https:\/\/previews.elleven.digital\/acocearense\/"},{"@type":"ListItem","position":2,"name":"Not\u00edcias","item":"https:\/\/previews.elleven.digital\/acocearense\/noticias\/"},{"@type":"ListItem","position":3,"name":"Comunidade de S\u00e3o Bento do Tocantins tem dia de A\u00e7\u00e3o Social"}]},{"@type":"WebSite","@id":"https:\/\/previews.elleven.digital\/acocearense\/#website","url":"https:\/\/previews.elleven.digital\/acocearense\/","name":"A\u00e7o Cearense","description":"H\u00e1 mais de 45 anos no mercado brasileiro do a\u00e7o.","alternateName":"A\u00e7o Cearense","potentialAction":[{"@type":"SearchAction","target":{"@type":"EntryPoint","urlTemplate":"https:\/\/previews.elleven.digital\/acocearense\/?s={search_term_string}"},"query-input":{"@type":"PropertyValueSpecification","valueRequired":true,"valueName":"search_term_string"}}],"inLanguage":"pt-BR"}]}},"_links":{"self":[{"href":"https:\/\/previews.elleven.digital\/acocearense\/wp-json\/wp\/v2\/noticia\/1849","targetHints":{"allow":["GET"]}}],"collection":[{"href":"https:\/\/previews.elleven.digital\/acocearense\/wp-json\/wp\/v2\/noticia"}],"about":[{"href":"https:\/\/previews.elleven.digital\/acocearense\/wp-json\/wp\/v2\/types\/noticia"}],"wp:featuredmedia":[{"embeddable":true,"href":"https:\/\/previews.elleven.digital\/acocearense\/wp-json\/wp\/v2\/media\/1835"}],"wp:attachment":[{"href":"https:\/\/previews.elleven.digital\/acocearense\/wp-json\/wp\/v2\/media?parent=1849"}],"wp:term":[{"taxonomy":"categoria-noticia","embeddable":true,"href":"https:\/\/previews.elleven.digital\/acocearense\/wp-json\/wp\/v2\/categoria-noticia?post=1849"}],"curies":[{"name":"wp","href":"https:\/\/api.w.org\/{rel}","templated":true}]}}