{"id":1848,"date":"2019-05-29T15:27:28","date_gmt":"2019-05-29T18:27:28","guid":{"rendered":"https:\/\/previews.elleven.digital\/acocearense\/?post_type=noticia&#038;p=1848"},"modified":"2025-05-07T15:27:57","modified_gmt":"2025-05-07T18:27:57","slug":"familia-na-empresa-realiza-edicao-especial-do-mes-das-maesfamilia-na-empresa-realiza-edicao-especial-do-mes-das-maes","status":"publish","type":"noticia","link":"https:\/\/previews.elleven.digital\/acocearense\/noticia\/familia-na-empresa-realiza-edicao-especial-do-mes-das-maesfamilia-na-empresa-realiza-edicao-especial-do-mes-das-maes\/","title":{"rendered":"Fam\u00edlia na Empresa realiza edi\u00e7\u00e3o especial do m\u00eas das m\u00e3esFam\u00edlia na Empresa realiza edi\u00e7\u00e3o especial do m\u00eas das m\u00e3es"},"content":{"rendered":"<p>A edi\u00e7\u00e3o do Fam\u00edlia na Empresa deste m\u00eas foi especial em homenagem \u00e0s m\u00e3es dos colaboradores. \u00a0Para prestigiar essas pessoas importantes, a \u00e1rea de Qualidade de Vida e Benef\u00edcios organizou um v\u00eddeo com mensagens de amor e gratid\u00e3o dos filhos e esposos colaboradores. Na SINOBRAS, as mam\u00e3es foram homenageadas com fotos. O Fam\u00edlia na Empresa aconteceu no m\u00eas de maio na A\u00e7o Cearense Industrial, A\u00e7o Cearense Comercial e SINOBRAS. Na SINOBRAS Florestal, o evento acontecer\u00e1 dia 30 de maio.<\/p>\n<p>Carmen Sousa, Coordenadora de Administra\u00e7\u00e3o de Pessoal, foi a gestora que abriu o evento na A\u00e7o Cearense Industrial e contou um pouco das suas conquistas e desafios como filha e m\u00e3e de dois meninos e uma menina. J\u00e1 na SINOBRAS os visitantes foram recebidos por Roberta Oliveira, Analista de Benef\u00edcios, que deu as boas-vindas e falou sobre o projeto, e por Elzio Alves, Planejador da \u00e1rea de Engenharia, que apresentou todo o processo de produ\u00e7\u00e3o da empresa.<\/p>\n<p>Regina Silva, m\u00e3e de Adalberto Nascimento, colaborador da TI (Service Desk) da A\u00e7o Cearense Comercial destacou: \u201cEu gostei muito da visita e admiro a trajet\u00f3ria de crescimento do Presidente, que os descendentes dele consigam dar continuidade a esse trabalho que ele conquistou com tanto esfor\u00e7o. Que Deus possa iluminar cada vez mais o trabalho de todos dessa empresa e obrigada pela manh\u00e3 que tivemos\u201d.<\/p>\n<p>Vilma Queiroz, m\u00e3e da colaboradora Laura Queiroz, do Instituto A\u00e7o Cearense, tamb\u00e9m falou sobre a visita: \u201cSimplesmente amei conhecer o ambiente que a minha filha trabalha! Lembrei dos tempos da escola, que tinham as homenagens dos filhos para as m\u00e3es. N\u00e3o imaginava que a SINOBRAS fosse t\u00e3o grande, sem contar que o pessoal foi super carinhoso com a gente. Gostei muito!\u201d.<br \/>\nEssa edi\u00e7\u00e3o especial dia das m\u00e3es recebeu 45 participantes.<\/p>\n<p>Para participar do Fam\u00edlia na Empresa, \u00e9 s\u00f3 ligar para a \u00e1rea de Qualidade de Vida e Benef\u00edcios nos ramais 1649 (A\u00e7o Cearense Comercial), 8454 (ACI), 2612 (SINOBRAS) e 6691 (Florestal).<\/p>\n","protected":false},"featured_media":1836,"template":"","meta":{"_acf_changed":false,"inline_featured_image":false},"categoria-noticia":[],"class_list":["post-1848","noticia","type-noticia","status-publish","has-post-thumbnail","hentry"],"acf":{"link":""},"yoast_head":"<!-- This site is optimized with the Yoast SEO plugin v25.9 - https:\/\/yoast.com\/wordpress\/plugins\/seo\/ -->\n<title>Fam\u00edlia na Empresa realiza edi\u00e7\u00e3o especial do m\u00eas das m\u00e3esFam\u00edlia na Empresa realiza edi\u00e7\u00e3o especial do m\u00eas das m\u00e3es - Grupo A\u00e7o Cearense<\/title>\n<meta name=\"robots\" content=\"index, follow, max-snippet:-1, max-image-preview:large, max-video-preview:-1\" \/>\n<link rel=\"canonical\" href=\"https:\/\/previews.elleven.digital\/acocearense\/noticia\/familia-na-empresa-realiza-edicao-especial-do-mes-das-maesfamilia-na-empresa-realiza-edicao-especial-do-mes-das-maes\/\" \/>\n<meta property=\"og:locale\" content=\"pt_BR\" \/>\n<meta property=\"og:type\" content=\"article\" \/>\n<meta property=\"og:title\" content=\"Fam\u00edlia na Empresa realiza edi\u00e7\u00e3o especial do m\u00eas das m\u00e3esFam\u00edlia na Empresa realiza edi\u00e7\u00e3o especial do m\u00eas das m\u00e3es - Grupo A\u00e7o Cearense\" \/>\n<meta property=\"og:description\" content=\"A edi\u00e7\u00e3o do Fam\u00edlia na Empresa deste m\u00eas foi especial em homenagem \u00e0s m\u00e3es dos(...)\" \/>\n<meta property=\"og:url\" content=\"https:\/\/previews.elleven.digital\/acocearense\/noticia\/familia-na-empresa-realiza-edicao-especial-do-mes-das-maesfamilia-na-empresa-realiza-edicao-especial-do-mes-das-maes\/\" \/>\n<meta property=\"og:site_name\" content=\"Grupo A\u00e7o Cearense\" \/>\n<meta property=\"article:modified_time\" content=\"2025-05-07T18:27:57+00:00\" \/>\n<meta property=\"og:image\" content=\"https:\/\/previews.elleven.digital\/acocearense\/wp-content\/uploads\/2025\/05\/familias-SIN.jpg\" \/>\n\t<meta property=\"og:image:width\" content=\"1024\" \/>\n\t<meta property=\"og:image:height\" content=\"724\" \/>\n\t<meta property=\"og:image:type\" content=\"image\/jpeg\" \/>\n<meta name=\"twitter:card\" content=\"summary_large_image\" \/>\n<meta name=\"twitter:label1\" content=\"Est. tempo de leitura\" \/>\n\t<meta name=\"twitter:data1\" content=\"1 minuto\" \/>\n<script type=\"application\/ld+json\" class=\"yoast-schema-graph\">{\"@context\":\"https:\/\/schema.org\",\"@graph\":[{\"@type\":\"WebPage\",\"@id\":\"https:\/\/previews.elleven.digital\/acocearense\/noticia\/familia-na-empresa-realiza-edicao-especial-do-mes-das-maesfamilia-na-empresa-realiza-edicao-especial-do-mes-das-maes\/\",\"url\":\"https:\/\/previews.elleven.digital\/acocearense\/noticia\/familia-na-empresa-realiza-edicao-especial-do-mes-das-maesfamilia-na-empresa-realiza-edicao-especial-do-mes-das-maes\/\",\"name\":\"Fam\u00edlia na Empresa realiza edi\u00e7\u00e3o especial do m\u00eas das m\u00e3esFam\u00edlia na Empresa realiza edi\u00e7\u00e3o especial do m\u00eas das m\u00e3es - Grupo A\u00e7o Cearense\",\"isPartOf\":{\"@id\":\"https:\/\/previews.elleven.digital\/acocearense\/#website\"},\"primaryImageOfPage\":{\"@id\":\"https:\/\/previews.elleven.digital\/acocearense\/noticia\/familia-na-empresa-realiza-edicao-especial-do-mes-das-maesfamilia-na-empresa-realiza-edicao-especial-do-mes-das-maes\/#primaryimage\"},\"image\":{\"@id\":\"https:\/\/previews.elleven.digital\/acocearense\/noticia\/familia-na-empresa-realiza-edicao-especial-do-mes-das-maesfamilia-na-empresa-realiza-edicao-especial-do-mes-das-maes\/#primaryimage\"},\"thumbnailUrl\":\"https:\/\/previews.elleven.digital\/acocearense\/wp-content\/uploads\/2025\/05\/familias-SIN.jpg\",\"datePublished\":\"2019-05-29T18:27:28+00:00\",\"dateModified\":\"2025-05-07T18:27:57+00:00\",\"breadcrumb\":{\"@id\":\"https:\/\/previews.elleven.digital\/acocearense\/noticia\/familia-na-empresa-realiza-edicao-especial-do-mes-das-maesfamilia-na-empresa-realiza-edicao-especial-do-mes-das-maes\/#breadcrumb\"},\"inLanguage\":\"pt-BR\",\"potentialAction\":[{\"@type\":\"ReadAction\",\"target\":[\"https:\/\/previews.elleven.digital\/acocearense\/noticia\/familia-na-empresa-realiza-edicao-especial-do-mes-das-maesfamilia-na-empresa-realiza-edicao-especial-do-mes-das-maes\/\"]}]},{\"@type\":\"ImageObject\",\"inLanguage\":\"pt-BR\",\"@id\":\"https:\/\/previews.elleven.digital\/acocearense\/noticia\/familia-na-empresa-realiza-edicao-especial-do-mes-das-maesfamilia-na-empresa-realiza-edicao-especial-do-mes-das-maes\/#primaryimage\",\"url\":\"https:\/\/previews.elleven.digital\/acocearense\/wp-content\/uploads\/2025\/05\/familias-SIN.jpg\",\"contentUrl\":\"https:\/\/previews.elleven.digital\/acocearense\/wp-content\/uploads\/2025\/05\/familias-SIN.jpg\",\"width\":1024,\"height\":724},{\"@type\":\"BreadcrumbList\",\"@id\":\"https:\/\/previews.elleven.digital\/acocearense\/noticia\/familia-na-empresa-realiza-edicao-especial-do-mes-das-maesfamilia-na-empresa-realiza-edicao-especial-do-mes-das-maes\/#breadcrumb\",\"itemListElement\":[{\"@type\":\"ListItem\",\"position\":1,\"name\":\"In\u00edcio\",\"item\":\"https:\/\/previews.elleven.digital\/acocearense\/\"},{\"@type\":\"ListItem\",\"position\":2,\"name\":\"Not\u00edcias\",\"item\":\"https:\/\/previews.elleven.digital\/acocearense\/noticias\/\"},{\"@type\":\"ListItem\",\"position\":3,\"name\":\"Fam\u00edlia na Empresa realiza edi\u00e7\u00e3o especial do m\u00eas das m\u00e3esFam\u00edlia na Empresa realiza edi\u00e7\u00e3o especial do m\u00eas das m\u00e3es\"}]},{\"@type\":\"WebSite\",\"@id\":\"https:\/\/previews.elleven.digital\/acocearense\/#website\",\"url\":\"https:\/\/previews.elleven.digital\/acocearense\/\",\"name\":\"A\u00e7o Cearense\",\"description\":\"H\u00e1 mais de 45 anos no mercado brasileiro do a\u00e7o.\",\"alternateName\":\"A\u00e7o Cearense\",\"potentialAction\":[{\"@type\":\"SearchAction\",\"target\":{\"@type\":\"EntryPoint\",\"urlTemplate\":\"https:\/\/previews.elleven.digital\/acocearense\/?s={search_term_string}\"},\"query-input\":{\"@type\":\"PropertyValueSpecification\",\"valueRequired\":true,\"valueName\":\"search_term_string\"}}],\"inLanguage\":\"pt-BR\"}]}<\/script>\n<!-- \/ Yoast SEO plugin. -->","yoast_head_json":{"title":"Fam\u00edlia na Empresa realiza edi\u00e7\u00e3o especial do m\u00eas das m\u00e3esFam\u00edlia na Empresa realiza edi\u00e7\u00e3o especial do m\u00eas das m\u00e3es - Grupo A\u00e7o Cearense","robots":{"index":"index","follow":"follow","max-snippet":"max-snippet:-1","max-image-preview":"max-image-preview:large","max-video-preview":"max-video-preview:-1"},"canonical":"https:\/\/previews.elleven.digital\/acocearense\/noticia\/familia-na-empresa-realiza-edicao-especial-do-mes-das-maesfamilia-na-empresa-realiza-edicao-especial-do-mes-das-maes\/","og_locale":"pt_BR","og_type":"article","og_title":"Fam\u00edlia na Empresa realiza edi\u00e7\u00e3o especial do m\u00eas das m\u00e3esFam\u00edlia na Empresa realiza edi\u00e7\u00e3o especial do m\u00eas das m\u00e3es - Grupo A\u00e7o Cearense","og_description":"A edi\u00e7\u00e3o do Fam\u00edlia na Empresa deste m\u00eas foi especial em homenagem \u00e0s m\u00e3es dos(...)","og_url":"https:\/\/previews.elleven.digital\/acocearense\/noticia\/familia-na-empresa-realiza-edicao-especial-do-mes-das-maesfamilia-na-empresa-realiza-edicao-especial-do-mes-das-maes\/","og_site_name":"Grupo A\u00e7o Cearense","article_modified_time":"2025-05-07T18:27:57+00:00","og_image":[{"width":1024,"height":724,"url":"https:\/\/previews.elleven.digital\/acocearense\/wp-content\/uploads\/2025\/05\/familias-SIN.jpg","type":"image\/jpeg"}],"twitter_card":"summary_large_image","twitter_misc":{"Est. tempo de leitura":"1 minuto"},"schema":{"@context":"https:\/\/schema.org","@graph":[{"@type":"WebPage","@id":"https:\/\/previews.elleven.digital\/acocearense\/noticia\/familia-na-empresa-realiza-edicao-especial-do-mes-das-maesfamilia-na-empresa-realiza-edicao-especial-do-mes-das-maes\/","url":"https:\/\/previews.elleven.digital\/acocearense\/noticia\/familia-na-empresa-realiza-edicao-especial-do-mes-das-maesfamilia-na-empresa-realiza-edicao-especial-do-mes-das-maes\/","name":"Fam\u00edlia na Empresa realiza edi\u00e7\u00e3o especial do m\u00eas das m\u00e3esFam\u00edlia na Empresa realiza edi\u00e7\u00e3o especial do m\u00eas das m\u00e3es - Grupo A\u00e7o Cearense","isPartOf":{"@id":"https:\/\/previews.elleven.digital\/acocearense\/#website"},"primaryImageOfPage":{"@id":"https:\/\/previews.elleven.digital\/acocearense\/noticia\/familia-na-empresa-realiza-edicao-especial-do-mes-das-maesfamilia-na-empresa-realiza-edicao-especial-do-mes-das-maes\/#primaryimage"},"image":{"@id":"https:\/\/previews.elleven.digital\/acocearense\/noticia\/familia-na-empresa-realiza-edicao-especial-do-mes-das-maesfamilia-na-empresa-realiza-edicao-especial-do-mes-das-maes\/#primaryimage"},"thumbnailUrl":"https:\/\/previews.elleven.digital\/acocearense\/wp-content\/uploads\/2025\/05\/familias-SIN.jpg","datePublished":"2019-05-29T18:27:28+00:00","dateModified":"2025-05-07T18:27:57+00:00","breadcrumb":{"@id":"https:\/\/previews.elleven.digital\/acocearense\/noticia\/familia-na-empresa-realiza-edicao-especial-do-mes-das-maesfamilia-na-empresa-realiza-edicao-especial-do-mes-das-maes\/#breadcrumb"},"inLanguage":"pt-BR","potentialAction":[{"@type":"ReadAction","target":["https:\/\/previews.elleven.digital\/acocearense\/noticia\/familia-na-empresa-realiza-edicao-especial-do-mes-das-maesfamilia-na-empresa-realiza-edicao-especial-do-mes-das-maes\/"]}]},{"@type":"ImageObject","inLanguage":"pt-BR","@id":"https:\/\/previews.elleven.digital\/acocearense\/noticia\/familia-na-empresa-realiza-edicao-especial-do-mes-das-maesfamilia-na-empresa-realiza-edicao-especial-do-mes-das-maes\/#primaryimage","url":"https:\/\/previews.elleven.digital\/acocearense\/wp-content\/uploads\/2025\/05\/familias-SIN.jpg","contentUrl":"https:\/\/previews.elleven.digital\/acocearense\/wp-content\/uploads\/2025\/05\/familias-SIN.jpg","width":1024,"height":724},{"@type":"BreadcrumbList","@id":"https:\/\/previews.elleven.digital\/acocearense\/noticia\/familia-na-empresa-realiza-edicao-especial-do-mes-das-maesfamilia-na-empresa-realiza-edicao-especial-do-mes-das-maes\/#breadcrumb","itemListElement":[{"@type":"ListItem","position":1,"name":"In\u00edcio","item":"https:\/\/previews.elleven.digital\/acocearense\/"},{"@type":"ListItem","position":2,"name":"Not\u00edcias","item":"https:\/\/previews.elleven.digital\/acocearense\/noticias\/"},{"@type":"ListItem","position":3,"name":"Fam\u00edlia na Empresa realiza edi\u00e7\u00e3o especial do m\u00eas das m\u00e3esFam\u00edlia na Empresa realiza edi\u00e7\u00e3o especial do m\u00eas das m\u00e3es"}]},{"@type":"WebSite","@id":"https:\/\/previews.elleven.digital\/acocearense\/#website","url":"https:\/\/previews.elleven.digital\/acocearense\/","name":"A\u00e7o Cearense","description":"H\u00e1 mais de 45 anos no mercado brasileiro do a\u00e7o.","alternateName":"A\u00e7o Cearense","potentialAction":[{"@type":"SearchAction","target":{"@type":"EntryPoint","urlTemplate":"https:\/\/previews.elleven.digital\/acocearense\/?s={search_term_string}"},"query-input":{"@type":"PropertyValueSpecification","valueRequired":true,"valueName":"search_term_string"}}],"inLanguage":"pt-BR"}]}},"_links":{"self":[{"href":"https:\/\/previews.elleven.digital\/acocearense\/wp-json\/wp\/v2\/noticia\/1848","targetHints":{"allow":["GET"]}}],"collection":[{"href":"https:\/\/previews.elleven.digital\/acocearense\/wp-json\/wp\/v2\/noticia"}],"about":[{"href":"https:\/\/previews.elleven.digital\/acocearense\/wp-json\/wp\/v2\/types\/noticia"}],"wp:featuredmedia":[{"embeddable":true,"href":"https:\/\/previews.elleven.digital\/acocearense\/wp-json\/wp\/v2\/media\/1836"}],"wp:attachment":[{"href":"https:\/\/previews.elleven.digital\/acocearense\/wp-json\/wp\/v2\/media?parent=1848"}],"wp:term":[{"taxonomy":"categoria-noticia","embeddable":true,"href":"https:\/\/previews.elleven.digital\/acocearense\/wp-json\/wp\/v2\/categoria-noticia?post=1848"}],"curies":[{"name":"wp","href":"https:\/\/api.w.org\/{rel}","templated":true}]}}