{"id":1847,"date":"2019-05-27T15:26:56","date_gmt":"2019-05-27T18:26:56","guid":{"rendered":"https:\/\/previews.elleven.digital\/acocearense\/?post_type=noticia&#038;p=1847"},"modified":"2025-05-07T15:27:24","modified_gmt":"2025-05-07T18:27:24","slug":"aline-ferreira-e-igor-queiroz-representam-ja-ceara-em-visita-ao-unicef","status":"publish","type":"noticia","link":"https:\/\/previews.elleven.digital\/acocearense\/noticia\/aline-ferreira-e-igor-queiroz-representam-ja-ceara-em-visita-ao-unicef\/","title":{"rendered":"Aline Ferreira e Igor Queiroz representam JA Cear\u00e1 em visita ao UNICEF"},"content":{"rendered":"<p>A vice-presidente comercial e financeira do Grupo A\u00e7o Cearense e presidente do Conselho Consultivo da Junior Achievement Cear\u00e1, Aline Ferreira, participou de visita \u00e0 sede do UNICEF Cear\u00e1, acompanhada do diretor-presidente da JA, Igor Queiroz Barroso, e da executiva Ana L\u00facia Teixeira. Os tr\u00eas foram recebidos pelo coordenador local do UNICEF em Fortaleza, Rui Aguiar.<\/p>\n<p>Na ocasi\u00e3o, as duas institui\u00e7\u00f5es apresentaram metodologias de trabalho e compartilharam experi\u00eancias para a gera\u00e7\u00e3o de parcerias futuras, considerando a expertise da JA na educa\u00e7\u00e3o pr\u00e1tica em economia e neg\u00f3cios. No Cear\u00e1, a JA mant\u00e9m uma grade de 25 programas educativos voltados para o empreendedorismo.<\/p>\n<p><em>Na foto, Rui Rodrigues Aguiar (coordenador local do UNICEF), Ana L\u00facia Teixeira (Diretora executiva da JA), Igor Queiroz Barroso (Diretor-presidente da JA) e Aline Ferreira (Executiva do Grupo A\u00e7o Cearense e Presidente do Conselho Consultivo da JA Cear\u00e1).<\/em><\/p>\n","protected":false},"featured_media":1837,"template":"","meta":{"_acf_changed":false,"inline_featured_image":false},"categoria-noticia":[],"class_list":["post-1847","noticia","type-noticia","status-publish","has-post-thumbnail","hentry"],"acf":{"link":""},"yoast_head":"<!-- This site is optimized with the Yoast SEO plugin v25.9 - https:\/\/yoast.com\/wordpress\/plugins\/seo\/ -->\n<title>Aline Ferreira e Igor Queiroz representam JA Cear\u00e1 em visita ao UNICEF - Grupo A\u00e7o Cearense<\/title>\n<meta name=\"robots\" content=\"index, follow, max-snippet:-1, max-image-preview:large, max-video-preview:-1\" \/>\n<link rel=\"canonical\" href=\"https:\/\/previews.elleven.digital\/acocearense\/noticia\/aline-ferreira-e-igor-queiroz-representam-ja-ceara-em-visita-ao-unicef\/\" \/>\n<meta property=\"og:locale\" content=\"pt_BR\" \/>\n<meta property=\"og:type\" content=\"article\" \/>\n<meta property=\"og:title\" content=\"Aline Ferreira e Igor Queiroz representam JA Cear\u00e1 em visita ao UNICEF - Grupo A\u00e7o Cearense\" \/>\n<meta property=\"og:description\" content=\"A vice-presidente comercial e financeira do Grupo A\u00e7o Cearense e presidente do Conselho Consultivo da(...)\" \/>\n<meta property=\"og:url\" content=\"https:\/\/previews.elleven.digital\/acocearense\/noticia\/aline-ferreira-e-igor-queiroz-representam-ja-ceara-em-visita-ao-unicef\/\" \/>\n<meta property=\"og:site_name\" content=\"Grupo A\u00e7o Cearense\" \/>\n<meta property=\"article:modified_time\" content=\"2025-05-07T18:27:24+00:00\" \/>\n<meta property=\"og:image\" content=\"https:\/\/previews.elleven.digital\/acocearense\/wp-content\/uploads\/2025\/05\/UNICEF.png\" \/>\n\t<meta property=\"og:image:width\" content=\"400\" \/>\n\t<meta property=\"og:image:height\" content=\"300\" \/>\n\t<meta property=\"og:image:type\" content=\"image\/png\" \/>\n<meta name=\"twitter:card\" content=\"summary_large_image\" \/>\n<meta name=\"twitter:label1\" content=\"Est. tempo de leitura\" \/>\n\t<meta name=\"twitter:data1\" content=\"1 minuto\" \/>\n<script type=\"application\/ld+json\" class=\"yoast-schema-graph\">{\"@context\":\"https:\/\/schema.org\",\"@graph\":[{\"@type\":\"WebPage\",\"@id\":\"https:\/\/previews.elleven.digital\/acocearense\/noticia\/aline-ferreira-e-igor-queiroz-representam-ja-ceara-em-visita-ao-unicef\/\",\"url\":\"https:\/\/previews.elleven.digital\/acocearense\/noticia\/aline-ferreira-e-igor-queiroz-representam-ja-ceara-em-visita-ao-unicef\/\",\"name\":\"Aline Ferreira e Igor Queiroz representam JA Cear\u00e1 em visita ao UNICEF - Grupo A\u00e7o Cearense\",\"isPartOf\":{\"@id\":\"https:\/\/previews.elleven.digital\/acocearense\/#website\"},\"primaryImageOfPage\":{\"@id\":\"https:\/\/previews.elleven.digital\/acocearense\/noticia\/aline-ferreira-e-igor-queiroz-representam-ja-ceara-em-visita-ao-unicef\/#primaryimage\"},\"image\":{\"@id\":\"https:\/\/previews.elleven.digital\/acocearense\/noticia\/aline-ferreira-e-igor-queiroz-representam-ja-ceara-em-visita-ao-unicef\/#primaryimage\"},\"thumbnailUrl\":\"https:\/\/previews.elleven.digital\/acocearense\/wp-content\/uploads\/2025\/05\/UNICEF.png\",\"datePublished\":\"2019-05-27T18:26:56+00:00\",\"dateModified\":\"2025-05-07T18:27:24+00:00\",\"breadcrumb\":{\"@id\":\"https:\/\/previews.elleven.digital\/acocearense\/noticia\/aline-ferreira-e-igor-queiroz-representam-ja-ceara-em-visita-ao-unicef\/#breadcrumb\"},\"inLanguage\":\"pt-BR\",\"potentialAction\":[{\"@type\":\"ReadAction\",\"target\":[\"https:\/\/previews.elleven.digital\/acocearense\/noticia\/aline-ferreira-e-igor-queiroz-representam-ja-ceara-em-visita-ao-unicef\/\"]}]},{\"@type\":\"ImageObject\",\"inLanguage\":\"pt-BR\",\"@id\":\"https:\/\/previews.elleven.digital\/acocearense\/noticia\/aline-ferreira-e-igor-queiroz-representam-ja-ceara-em-visita-ao-unicef\/#primaryimage\",\"url\":\"https:\/\/previews.elleven.digital\/acocearense\/wp-content\/uploads\/2025\/05\/UNICEF.png\",\"contentUrl\":\"https:\/\/previews.elleven.digital\/acocearense\/wp-content\/uploads\/2025\/05\/UNICEF.png\",\"width\":400,\"height\":300},{\"@type\":\"BreadcrumbList\",\"@id\":\"https:\/\/previews.elleven.digital\/acocearense\/noticia\/aline-ferreira-e-igor-queiroz-representam-ja-ceara-em-visita-ao-unicef\/#breadcrumb\",\"itemListElement\":[{\"@type\":\"ListItem\",\"position\":1,\"name\":\"In\u00edcio\",\"item\":\"https:\/\/previews.elleven.digital\/acocearense\/\"},{\"@type\":\"ListItem\",\"position\":2,\"name\":\"Not\u00edcias\",\"item\":\"https:\/\/previews.elleven.digital\/acocearense\/noticias\/\"},{\"@type\":\"ListItem\",\"position\":3,\"name\":\"Aline Ferreira e Igor Queiroz representam JA Cear\u00e1 em visita ao UNICEF\"}]},{\"@type\":\"WebSite\",\"@id\":\"https:\/\/previews.elleven.digital\/acocearense\/#website\",\"url\":\"https:\/\/previews.elleven.digital\/acocearense\/\",\"name\":\"A\u00e7o Cearense\",\"description\":\"H\u00e1 mais de 45 anos no mercado brasileiro do a\u00e7o.\",\"alternateName\":\"A\u00e7o Cearense\",\"potentialAction\":[{\"@type\":\"SearchAction\",\"target\":{\"@type\":\"EntryPoint\",\"urlTemplate\":\"https:\/\/previews.elleven.digital\/acocearense\/?s={search_term_string}\"},\"query-input\":{\"@type\":\"PropertyValueSpecification\",\"valueRequired\":true,\"valueName\":\"search_term_string\"}}],\"inLanguage\":\"pt-BR\"}]}<\/script>\n<!-- \/ Yoast SEO plugin. -->","yoast_head_json":{"title":"Aline Ferreira e Igor Queiroz representam JA Cear\u00e1 em visita ao UNICEF - Grupo A\u00e7o Cearense","robots":{"index":"index","follow":"follow","max-snippet":"max-snippet:-1","max-image-preview":"max-image-preview:large","max-video-preview":"max-video-preview:-1"},"canonical":"https:\/\/previews.elleven.digital\/acocearense\/noticia\/aline-ferreira-e-igor-queiroz-representam-ja-ceara-em-visita-ao-unicef\/","og_locale":"pt_BR","og_type":"article","og_title":"Aline Ferreira e Igor Queiroz representam JA Cear\u00e1 em visita ao UNICEF - Grupo A\u00e7o Cearense","og_description":"A vice-presidente comercial e financeira do Grupo A\u00e7o Cearense e presidente do Conselho Consultivo da(...)","og_url":"https:\/\/previews.elleven.digital\/acocearense\/noticia\/aline-ferreira-e-igor-queiroz-representam-ja-ceara-em-visita-ao-unicef\/","og_site_name":"Grupo A\u00e7o Cearense","article_modified_time":"2025-05-07T18:27:24+00:00","og_image":[{"width":400,"height":300,"url":"https:\/\/previews.elleven.digital\/acocearense\/wp-content\/uploads\/2025\/05\/UNICEF.png","type":"image\/png"}],"twitter_card":"summary_large_image","twitter_misc":{"Est. tempo de leitura":"1 minuto"},"schema":{"@context":"https:\/\/schema.org","@graph":[{"@type":"WebPage","@id":"https:\/\/previews.elleven.digital\/acocearense\/noticia\/aline-ferreira-e-igor-queiroz-representam-ja-ceara-em-visita-ao-unicef\/","url":"https:\/\/previews.elleven.digital\/acocearense\/noticia\/aline-ferreira-e-igor-queiroz-representam-ja-ceara-em-visita-ao-unicef\/","name":"Aline Ferreira e Igor Queiroz representam JA Cear\u00e1 em visita ao UNICEF - Grupo A\u00e7o Cearense","isPartOf":{"@id":"https:\/\/previews.elleven.digital\/acocearense\/#website"},"primaryImageOfPage":{"@id":"https:\/\/previews.elleven.digital\/acocearense\/noticia\/aline-ferreira-e-igor-queiroz-representam-ja-ceara-em-visita-ao-unicef\/#primaryimage"},"image":{"@id":"https:\/\/previews.elleven.digital\/acocearense\/noticia\/aline-ferreira-e-igor-queiroz-representam-ja-ceara-em-visita-ao-unicef\/#primaryimage"},"thumbnailUrl":"https:\/\/previews.elleven.digital\/acocearense\/wp-content\/uploads\/2025\/05\/UNICEF.png","datePublished":"2019-05-27T18:26:56+00:00","dateModified":"2025-05-07T18:27:24+00:00","breadcrumb":{"@id":"https:\/\/previews.elleven.digital\/acocearense\/noticia\/aline-ferreira-e-igor-queiroz-representam-ja-ceara-em-visita-ao-unicef\/#breadcrumb"},"inLanguage":"pt-BR","potentialAction":[{"@type":"ReadAction","target":["https:\/\/previews.elleven.digital\/acocearense\/noticia\/aline-ferreira-e-igor-queiroz-representam-ja-ceara-em-visita-ao-unicef\/"]}]},{"@type":"ImageObject","inLanguage":"pt-BR","@id":"https:\/\/previews.elleven.digital\/acocearense\/noticia\/aline-ferreira-e-igor-queiroz-representam-ja-ceara-em-visita-ao-unicef\/#primaryimage","url":"https:\/\/previews.elleven.digital\/acocearense\/wp-content\/uploads\/2025\/05\/UNICEF.png","contentUrl":"https:\/\/previews.elleven.digital\/acocearense\/wp-content\/uploads\/2025\/05\/UNICEF.png","width":400,"height":300},{"@type":"BreadcrumbList","@id":"https:\/\/previews.elleven.digital\/acocearense\/noticia\/aline-ferreira-e-igor-queiroz-representam-ja-ceara-em-visita-ao-unicef\/#breadcrumb","itemListElement":[{"@type":"ListItem","position":1,"name":"In\u00edcio","item":"https:\/\/previews.elleven.digital\/acocearense\/"},{"@type":"ListItem","position":2,"name":"Not\u00edcias","item":"https:\/\/previews.elleven.digital\/acocearense\/noticias\/"},{"@type":"ListItem","position":3,"name":"Aline Ferreira e Igor Queiroz representam JA Cear\u00e1 em visita ao UNICEF"}]},{"@type":"WebSite","@id":"https:\/\/previews.elleven.digital\/acocearense\/#website","url":"https:\/\/previews.elleven.digital\/acocearense\/","name":"A\u00e7o Cearense","description":"H\u00e1 mais de 45 anos no mercado brasileiro do a\u00e7o.","alternateName":"A\u00e7o Cearense","potentialAction":[{"@type":"SearchAction","target":{"@type":"EntryPoint","urlTemplate":"https:\/\/previews.elleven.digital\/acocearense\/?s={search_term_string}"},"query-input":{"@type":"PropertyValueSpecification","valueRequired":true,"valueName":"search_term_string"}}],"inLanguage":"pt-BR"}]}},"_links":{"self":[{"href":"https:\/\/previews.elleven.digital\/acocearense\/wp-json\/wp\/v2\/noticia\/1847","targetHints":{"allow":["GET"]}}],"collection":[{"href":"https:\/\/previews.elleven.digital\/acocearense\/wp-json\/wp\/v2\/noticia"}],"about":[{"href":"https:\/\/previews.elleven.digital\/acocearense\/wp-json\/wp\/v2\/types\/noticia"}],"wp:featuredmedia":[{"embeddable":true,"href":"https:\/\/previews.elleven.digital\/acocearense\/wp-json\/wp\/v2\/media\/1837"}],"wp:attachment":[{"href":"https:\/\/previews.elleven.digital\/acocearense\/wp-json\/wp\/v2\/media?parent=1847"}],"wp:term":[{"taxonomy":"categoria-noticia","embeddable":true,"href":"https:\/\/previews.elleven.digital\/acocearense\/wp-json\/wp\/v2\/categoria-noticia?post=1847"}],"curies":[{"name":"wp","href":"https:\/\/api.w.org\/{rel}","templated":true}]}}