{"id":1845,"date":"2019-05-22T15:24:55","date_gmt":"2019-05-22T18:24:55","guid":{"rendered":"https:\/\/previews.elleven.digital\/acocearense\/?post_type=noticia&#038;p=1845"},"modified":"2025-05-07T15:26:25","modified_gmt":"2025-05-07T18:26:25","slug":"2a-edicao-do-iac-social-beneficia-500-pessoas-com-servicos-gratuitos","status":"publish","type":"noticia","link":"https:\/\/previews.elleven.digital\/acocearense\/noticia\/2a-edicao-do-iac-social-beneficia-500-pessoas-com-servicos-gratuitos\/","title":{"rendered":"2\u00aa edi\u00e7\u00e3o do IAC Social beneficia 500 pessoas com servi\u00e7os gratuitos"},"content":{"rendered":"<p>Pensado para toda a fam\u00edlia, com a\u00e7\u00f5es diversas para crian\u00e7as e adultos, o IAC Social promoveu em Caucaia, no dia 18\/05, uma s\u00e9rie de atividades em mais uma edi\u00e7\u00e3o de servi\u00e7os gratuitos para a popula\u00e7\u00e3o do munic\u00edpio. O evento reuniu cerca de 500 pessoas para um dia de lazer, cultura e desenvolvimento social.<br \/>\n\u201cEsse \u00e9 o segundo IAC SOCIAL, uma forma de trazer um pouco de solidariedade para essa comunidade t\u00e3o carente desses servi\u00e7os que estamos oferecendo. \u00c9 um momento \u00fanico e prazeroso, pois com esse trabalho humanit\u00e1rio, solid\u00e1rio, damos um pouco de n\u00f3s e a comunidade se sente acolhida, humanizada e valorizada\u201d, celebra Rosemeire Matos, presidente do Instituto A\u00e7o Cearense, idealizadora da a\u00e7\u00e3o social.<br \/>\nEntre as atividades, a ONG Cepe Vive realizou uma oficina de confec\u00e7\u00e3o de mandalas com reaproveitamento de CDs. A professora de artesanato e integrante da ONG, Maninha Parente, trabalhou a reutiliza\u00e7\u00e3o de materiais que iriam para o lixo, transformando-os em artesanato. \u201cSe todo mundo transformasse o lixo em arte seria melhor para o planeta. Para a comunidade \u00e9 tamb\u00e9m uma possibilidade de fonte de renda\u201d, compartilhou Maninha.<br \/>\nMaria L\u00facia, que foi ao evento acompanhada da sobrinha Rita Alice, aproveitou a oportunidade para verificar a sa\u00fade, enquanto os netos corriam participando das brincadeiras propostas no bairro Camurupim. \u201cNunca t\u00ednhamos vindo para c\u00e1 e estamos gostando, j\u00e1 fiz exame de sangue e verifiquei a press\u00e3o, enquanto as crian\u00e7as est\u00e3o se divertindo\u201d, contou Maria.<br \/>\nA programa\u00e7\u00e3o incluiu servi\u00e7os de beleza e est\u00e9tica, aferi\u00e7\u00e3o de press\u00e3o arterial, teste de glicemia e vacina\u00e7\u00e3o, al\u00e9m de atividades f\u00edsicas como zumba e hidrogin\u00e1stica. Os participantes tiveram acesso tamb\u00e9m a atendimentos do Conselho Tutelar e do Cadastro \u00danico, al\u00e9m de palestra sobre sa\u00fade bucal e exposi\u00e7\u00e3o sobre o mosquito Aedes Aegypt e arboviroses. J\u00e1 as crian\u00e7as participaram das atividades com brinquedos e pintura em gesso, al\u00e9m da anima\u00e7\u00e3o musical.<\/p>\n<p><img loading=\"lazy\" decoding=\"async\" class=\"wp-image-5167 aligncenter\" src=\"https:\/\/grupoacocearense.com.br\/wp-content\/uploads\/2019\/05\/61020120_2942060465819102_5466428963242901504_o-300x225.jpg\" sizes=\"auto, (max-width: 299px) 100vw, 299px\" srcset=\"https:\/\/previews.elleven.digital\/acocearense\/wp-content\/uploads\/2019\/05\/61020120_2942060465819102_5466428963242901504_o-300x225.jpg 300w, https:\/\/previews.elleven.digital\/acocearense\/wp-content\/uploads\/2019\/05\/61020120_2942060465819102_5466428963242901504_o-768x576.jpg 768w, https:\/\/previews.elleven.digital\/acocearense\/wp-content\/uploads\/2019\/05\/61020120_2942060465819102_5466428963242901504_o-1024x768.jpg 1024w, https:\/\/previews.elleven.digital\/acocearense\/wp-content\/uploads\/2019\/05\/61020120_2942060465819102_5466428963242901504_o.jpg 1728w\" alt=\"\" width=\"299\" height=\"224\" \/><\/p>\n<p><img loading=\"lazy\" decoding=\"async\" class=\"wp-image-5166 aligncenter\" src=\"https:\/\/grupoacocearense.com.br\/wp-content\/uploads\/2019\/05\/60848020_2942060042485811_8913690575392210944_o-300x225.jpg\" sizes=\"auto, (max-width: 297px) 100vw, 297px\" srcset=\"https:\/\/previews.elleven.digital\/acocearense\/wp-content\/uploads\/2019\/05\/60848020_2942060042485811_8913690575392210944_o-300x225.jpg 300w, https:\/\/previews.elleven.digital\/acocearense\/wp-content\/uploads\/2019\/05\/60848020_2942060042485811_8913690575392210944_o-768x576.jpg 768w, https:\/\/previews.elleven.digital\/acocearense\/wp-content\/uploads\/2019\/05\/60848020_2942060042485811_8913690575392210944_o-1024x768.jpg 1024w, https:\/\/previews.elleven.digital\/acocearense\/wp-content\/uploads\/2019\/05\/60848020_2942060042485811_8913690575392210944_o.jpg 1728w\" alt=\"\" width=\"297\" height=\"223\" \/><\/p>\n<p><img loading=\"lazy\" decoding=\"async\" class=\"wp-image-5164  aligncenter\" src=\"https:\/\/grupoacocearense.com.br\/wp-content\/uploads\/2019\/05\/60647244_2942060229152459_294331617713848320_o-300x225.jpg\" sizes=\"auto, (max-width: 295px) 100vw, 295px\" srcset=\"https:\/\/previews.elleven.digital\/acocearense\/wp-content\/uploads\/2019\/05\/60647244_2942060229152459_294331617713848320_o-300x225.jpg 300w, https:\/\/previews.elleven.digital\/acocearense\/wp-content\/uploads\/2019\/05\/60647244_2942060229152459_294331617713848320_o-768x576.jpg 768w, https:\/\/previews.elleven.digital\/acocearense\/wp-content\/uploads\/2019\/05\/60647244_2942060229152459_294331617713848320_o-1024x768.jpg 1024w, https:\/\/previews.elleven.digital\/acocearense\/wp-content\/uploads\/2019\/05\/60647244_2942060229152459_294331617713848320_o.jpg 1728w\" alt=\"\" width=\"295\" height=\"221\" \/><\/p>\n<div class=\"col-12 col-md-8\">\n<div class=\"twocolumn\">\n<div class=\"conteudo\">\n<div class=\"box__texto\">\n<p><img loading=\"lazy\" decoding=\"async\" class=\"wp-image-5165 aligncenter\" src=\"https:\/\/grupoacocearense.com.br\/wp-content\/uploads\/2019\/05\/60831239_2942059792485836_3233405449495642112_o-300x225.jpg\" sizes=\"auto, (max-width: 297px) 100vw, 297px\" srcset=\"https:\/\/previews.elleven.digital\/acocearense\/wp-content\/uploads\/2019\/05\/60831239_2942059792485836_3233405449495642112_o-300x225.jpg 300w, https:\/\/previews.elleven.digital\/acocearense\/wp-content\/uploads\/2019\/05\/60831239_2942059792485836_3233405449495642112_o-768x576.jpg 768w, https:\/\/previews.elleven.digital\/acocearense\/wp-content\/uploads\/2019\/05\/60831239_2942059792485836_3233405449495642112_o-1024x768.jpg 1024w, https:\/\/previews.elleven.digital\/acocearense\/wp-content\/uploads\/2019\/05\/60831239_2942059792485836_3233405449495642112_o.jpg 1728w\" alt=\"\" width=\"297\" height=\"223\" \/><\/p>\n<\/div>\n<\/div>\n<\/div>\n<\/div>\n<aside class=\"col-12 col-md-4\">\n<div class=\"wgt__novidades\"><\/div>\n<\/aside>\n","protected":false},"featured_media":1839,"template":"","meta":{"_acf_changed":false,"inline_featured_image":false},"categoria-noticia":[],"class_list":["post-1845","noticia","type-noticia","status-publish","has-post-thumbnail","hentry"],"acf":{"link":""},"yoast_head":"<!-- This site is optimized with the Yoast SEO plugin v25.9 - https:\/\/yoast.com\/wordpress\/plugins\/seo\/ -->\n<title>2\u00aa edi\u00e7\u00e3o do IAC Social beneficia 500 pessoas com servi\u00e7os gratuitos - Grupo A\u00e7o Cearense<\/title>\n<meta name=\"robots\" content=\"index, follow, max-snippet:-1, max-image-preview:large, max-video-preview:-1\" \/>\n<link rel=\"canonical\" href=\"https:\/\/previews.elleven.digital\/acocearense\/noticia\/2a-edicao-do-iac-social-beneficia-500-pessoas-com-servicos-gratuitos\/\" \/>\n<meta property=\"og:locale\" content=\"pt_BR\" \/>\n<meta property=\"og:type\" content=\"article\" \/>\n<meta property=\"og:title\" content=\"2\u00aa edi\u00e7\u00e3o do IAC Social beneficia 500 pessoas com servi\u00e7os gratuitos - Grupo A\u00e7o Cearense\" \/>\n<meta property=\"og:description\" content=\"Pensado para toda a fam\u00edlia, com a\u00e7\u00f5es diversas para crian\u00e7as e adultos, o IAC Social(...)\" \/>\n<meta property=\"og:url\" content=\"https:\/\/previews.elleven.digital\/acocearense\/noticia\/2a-edicao-do-iac-social-beneficia-500-pessoas-com-servicos-gratuitos\/\" \/>\n<meta property=\"og:site_name\" content=\"Grupo A\u00e7o Cearense\" \/>\n<meta property=\"article:modified_time\" content=\"2025-05-07T18:26:25+00:00\" \/>\n<meta property=\"og:image\" content=\"https:\/\/previews.elleven.digital\/acocearense\/wp-content\/uploads\/2025\/05\/Design-sem-nome-1-2.png\" \/>\n\t<meta property=\"og:image:width\" content=\"400\" \/>\n\t<meta property=\"og:image:height\" content=\"300\" \/>\n\t<meta property=\"og:image:type\" content=\"image\/png\" \/>\n<meta name=\"twitter:card\" content=\"summary_large_image\" \/>\n<meta name=\"twitter:label1\" content=\"Est. tempo de leitura\" \/>\n\t<meta name=\"twitter:data1\" content=\"3 minutos\" \/>\n<script type=\"application\/ld+json\" class=\"yoast-schema-graph\">{\"@context\":\"https:\/\/schema.org\",\"@graph\":[{\"@type\":\"WebPage\",\"@id\":\"https:\/\/previews.elleven.digital\/acocearense\/noticia\/2a-edicao-do-iac-social-beneficia-500-pessoas-com-servicos-gratuitos\/\",\"url\":\"https:\/\/previews.elleven.digital\/acocearense\/noticia\/2a-edicao-do-iac-social-beneficia-500-pessoas-com-servicos-gratuitos\/\",\"name\":\"2\u00aa edi\u00e7\u00e3o do IAC Social beneficia 500 pessoas com servi\u00e7os gratuitos - Grupo A\u00e7o Cearense\",\"isPartOf\":{\"@id\":\"https:\/\/previews.elleven.digital\/acocearense\/#website\"},\"primaryImageOfPage\":{\"@id\":\"https:\/\/previews.elleven.digital\/acocearense\/noticia\/2a-edicao-do-iac-social-beneficia-500-pessoas-com-servicos-gratuitos\/#primaryimage\"},\"image\":{\"@id\":\"https:\/\/previews.elleven.digital\/acocearense\/noticia\/2a-edicao-do-iac-social-beneficia-500-pessoas-com-servicos-gratuitos\/#primaryimage\"},\"thumbnailUrl\":\"https:\/\/previews.elleven.digital\/acocearense\/wp-content\/uploads\/2025\/05\/Design-sem-nome-1-2.png\",\"datePublished\":\"2019-05-22T18:24:55+00:00\",\"dateModified\":\"2025-05-07T18:26:25+00:00\",\"breadcrumb\":{\"@id\":\"https:\/\/previews.elleven.digital\/acocearense\/noticia\/2a-edicao-do-iac-social-beneficia-500-pessoas-com-servicos-gratuitos\/#breadcrumb\"},\"inLanguage\":\"pt-BR\",\"potentialAction\":[{\"@type\":\"ReadAction\",\"target\":[\"https:\/\/previews.elleven.digital\/acocearense\/noticia\/2a-edicao-do-iac-social-beneficia-500-pessoas-com-servicos-gratuitos\/\"]}]},{\"@type\":\"ImageObject\",\"inLanguage\":\"pt-BR\",\"@id\":\"https:\/\/previews.elleven.digital\/acocearense\/noticia\/2a-edicao-do-iac-social-beneficia-500-pessoas-com-servicos-gratuitos\/#primaryimage\",\"url\":\"https:\/\/previews.elleven.digital\/acocearense\/wp-content\/uploads\/2025\/05\/Design-sem-nome-1-2.png\",\"contentUrl\":\"https:\/\/previews.elleven.digital\/acocearense\/wp-content\/uploads\/2025\/05\/Design-sem-nome-1-2.png\",\"width\":400,\"height\":300},{\"@type\":\"BreadcrumbList\",\"@id\":\"https:\/\/previews.elleven.digital\/acocearense\/noticia\/2a-edicao-do-iac-social-beneficia-500-pessoas-com-servicos-gratuitos\/#breadcrumb\",\"itemListElement\":[{\"@type\":\"ListItem\",\"position\":1,\"name\":\"In\u00edcio\",\"item\":\"https:\/\/previews.elleven.digital\/acocearense\/\"},{\"@type\":\"ListItem\",\"position\":2,\"name\":\"Not\u00edcias\",\"item\":\"https:\/\/previews.elleven.digital\/acocearense\/noticias\/\"},{\"@type\":\"ListItem\",\"position\":3,\"name\":\"2\u00aa edi\u00e7\u00e3o do IAC Social beneficia 500 pessoas com servi\u00e7os gratuitos\"}]},{\"@type\":\"WebSite\",\"@id\":\"https:\/\/previews.elleven.digital\/acocearense\/#website\",\"url\":\"https:\/\/previews.elleven.digital\/acocearense\/\",\"name\":\"A\u00e7o Cearense\",\"description\":\"H\u00e1 mais de 45 anos no mercado brasileiro do a\u00e7o.\",\"alternateName\":\"A\u00e7o Cearense\",\"potentialAction\":[{\"@type\":\"SearchAction\",\"target\":{\"@type\":\"EntryPoint\",\"urlTemplate\":\"https:\/\/previews.elleven.digital\/acocearense\/?s={search_term_string}\"},\"query-input\":{\"@type\":\"PropertyValueSpecification\",\"valueRequired\":true,\"valueName\":\"search_term_string\"}}],\"inLanguage\":\"pt-BR\"}]}<\/script>\n<!-- \/ Yoast SEO plugin. -->","yoast_head_json":{"title":"2\u00aa edi\u00e7\u00e3o do IAC Social beneficia 500 pessoas com servi\u00e7os gratuitos - Grupo A\u00e7o Cearense","robots":{"index":"index","follow":"follow","max-snippet":"max-snippet:-1","max-image-preview":"max-image-preview:large","max-video-preview":"max-video-preview:-1"},"canonical":"https:\/\/previews.elleven.digital\/acocearense\/noticia\/2a-edicao-do-iac-social-beneficia-500-pessoas-com-servicos-gratuitos\/","og_locale":"pt_BR","og_type":"article","og_title":"2\u00aa edi\u00e7\u00e3o do IAC Social beneficia 500 pessoas com servi\u00e7os gratuitos - Grupo A\u00e7o Cearense","og_description":"Pensado para toda a fam\u00edlia, com a\u00e7\u00f5es diversas para crian\u00e7as e adultos, o IAC Social(...)","og_url":"https:\/\/previews.elleven.digital\/acocearense\/noticia\/2a-edicao-do-iac-social-beneficia-500-pessoas-com-servicos-gratuitos\/","og_site_name":"Grupo A\u00e7o Cearense","article_modified_time":"2025-05-07T18:26:25+00:00","og_image":[{"width":400,"height":300,"url":"https:\/\/previews.elleven.digital\/acocearense\/wp-content\/uploads\/2025\/05\/Design-sem-nome-1-2.png","type":"image\/png"}],"twitter_card":"summary_large_image","twitter_misc":{"Est. tempo de leitura":"3 minutos"},"schema":{"@context":"https:\/\/schema.org","@graph":[{"@type":"WebPage","@id":"https:\/\/previews.elleven.digital\/acocearense\/noticia\/2a-edicao-do-iac-social-beneficia-500-pessoas-com-servicos-gratuitos\/","url":"https:\/\/previews.elleven.digital\/acocearense\/noticia\/2a-edicao-do-iac-social-beneficia-500-pessoas-com-servicos-gratuitos\/","name":"2\u00aa edi\u00e7\u00e3o do IAC Social beneficia 500 pessoas com servi\u00e7os gratuitos - Grupo A\u00e7o Cearense","isPartOf":{"@id":"https:\/\/previews.elleven.digital\/acocearense\/#website"},"primaryImageOfPage":{"@id":"https:\/\/previews.elleven.digital\/acocearense\/noticia\/2a-edicao-do-iac-social-beneficia-500-pessoas-com-servicos-gratuitos\/#primaryimage"},"image":{"@id":"https:\/\/previews.elleven.digital\/acocearense\/noticia\/2a-edicao-do-iac-social-beneficia-500-pessoas-com-servicos-gratuitos\/#primaryimage"},"thumbnailUrl":"https:\/\/previews.elleven.digital\/acocearense\/wp-content\/uploads\/2025\/05\/Design-sem-nome-1-2.png","datePublished":"2019-05-22T18:24:55+00:00","dateModified":"2025-05-07T18:26:25+00:00","breadcrumb":{"@id":"https:\/\/previews.elleven.digital\/acocearense\/noticia\/2a-edicao-do-iac-social-beneficia-500-pessoas-com-servicos-gratuitos\/#breadcrumb"},"inLanguage":"pt-BR","potentialAction":[{"@type":"ReadAction","target":["https:\/\/previews.elleven.digital\/acocearense\/noticia\/2a-edicao-do-iac-social-beneficia-500-pessoas-com-servicos-gratuitos\/"]}]},{"@type":"ImageObject","inLanguage":"pt-BR","@id":"https:\/\/previews.elleven.digital\/acocearense\/noticia\/2a-edicao-do-iac-social-beneficia-500-pessoas-com-servicos-gratuitos\/#primaryimage","url":"https:\/\/previews.elleven.digital\/acocearense\/wp-content\/uploads\/2025\/05\/Design-sem-nome-1-2.png","contentUrl":"https:\/\/previews.elleven.digital\/acocearense\/wp-content\/uploads\/2025\/05\/Design-sem-nome-1-2.png","width":400,"height":300},{"@type":"BreadcrumbList","@id":"https:\/\/previews.elleven.digital\/acocearense\/noticia\/2a-edicao-do-iac-social-beneficia-500-pessoas-com-servicos-gratuitos\/#breadcrumb","itemListElement":[{"@type":"ListItem","position":1,"name":"In\u00edcio","item":"https:\/\/previews.elleven.digital\/acocearense\/"},{"@type":"ListItem","position":2,"name":"Not\u00edcias","item":"https:\/\/previews.elleven.digital\/acocearense\/noticias\/"},{"@type":"ListItem","position":3,"name":"2\u00aa edi\u00e7\u00e3o do IAC Social beneficia 500 pessoas com servi\u00e7os gratuitos"}]},{"@type":"WebSite","@id":"https:\/\/previews.elleven.digital\/acocearense\/#website","url":"https:\/\/previews.elleven.digital\/acocearense\/","name":"A\u00e7o Cearense","description":"H\u00e1 mais de 45 anos no mercado brasileiro do a\u00e7o.","alternateName":"A\u00e7o Cearense","potentialAction":[{"@type":"SearchAction","target":{"@type":"EntryPoint","urlTemplate":"https:\/\/previews.elleven.digital\/acocearense\/?s={search_term_string}"},"query-input":{"@type":"PropertyValueSpecification","valueRequired":true,"valueName":"search_term_string"}}],"inLanguage":"pt-BR"}]}},"_links":{"self":[{"href":"https:\/\/previews.elleven.digital\/acocearense\/wp-json\/wp\/v2\/noticia\/1845","targetHints":{"allow":["GET"]}}],"collection":[{"href":"https:\/\/previews.elleven.digital\/acocearense\/wp-json\/wp\/v2\/noticia"}],"about":[{"href":"https:\/\/previews.elleven.digital\/acocearense\/wp-json\/wp\/v2\/types\/noticia"}],"wp:featuredmedia":[{"embeddable":true,"href":"https:\/\/previews.elleven.digital\/acocearense\/wp-json\/wp\/v2\/media\/1839"}],"wp:attachment":[{"href":"https:\/\/previews.elleven.digital\/acocearense\/wp-json\/wp\/v2\/media?parent=1845"}],"wp:term":[{"taxonomy":"categoria-noticia","embeddable":true,"href":"https:\/\/previews.elleven.digital\/acocearense\/wp-json\/wp\/v2\/categoria-noticia?post=1845"}],"curies":[{"name":"wp","href":"https:\/\/api.w.org\/{rel}","templated":true}]}}