{"id":1831,"date":"2019-05-02T15:13:35","date_gmt":"2019-05-02T18:13:35","guid":{"rendered":"https:\/\/previews.elleven.digital\/acocearense\/?post_type=noticia&#038;p=1831"},"modified":"2025-05-07T15:24:00","modified_gmt":"2025-05-07T18:24:00","slug":"estudantes-visitam-empresas-do-grupo-aco-cearense","status":"publish","type":"noticia","link":"https:\/\/previews.elleven.digital\/acocearense\/noticia\/estudantes-visitam-empresas-do-grupo-aco-cearense\/","title":{"rendered":"Estudantes visitam empresas do Grupo A\u00e7o Cearense"},"content":{"rendered":"<p>Com o objetivo de contribuir com a forma\u00e7\u00e3o acad\u00eamica dos estudantes, o Grupo A\u00e7o Cearense recebeu duas visitas em suas empresas no m\u00eas de abril. 25 alunos do curso de Administra\u00e7\u00e3o da Universidade Federal do Sul e Sudeste do Par\u00e1 (Unifesspa) \u2013 Campus Rondon do Par\u00e1 visitaram a SINOBRAS e 15 estudantes do curso T\u00e9cnico em Eletromec\u00e2nica do Instituto Federal de Educa\u00e7\u00e3o, Ci\u00eancia e Tecnologia do Cear\u00e1 (IFCE) \u2013 Campus Pec\u00e9m estiveram na A\u00e7o Cearense Industrial (ACI).<\/p>\n<p>Acompanhados pelos representantes institucionais, Erbson Ribeiro (Analista de Assist\u00eancia T\u00e9cnica) na SINOBRAS e Kaio Studart (Engenheiro Industrial) na A\u00e7o Cearense Industrial, os visitantes conheceram de perto as atividades de produ\u00e7\u00e3o das empresas do Grupo.<\/p>\n<p>\u201cImaginava que a SINOBRAS fosse uma empresa menor, mas me surpreendi ao ver o tamanho dela e toda a sua estrutura de fabrica\u00e7\u00e3o, o sistema de informa\u00e7\u00e3o e a automa\u00e7\u00e3o dos sistemas. Adorei a visita! Ter conhecido a forma como o empreendimento \u00e9 gerido contribuir\u00e1 muito para a nossa forma\u00e7\u00e3o\u201d, disse Janival Abreu, estudante de Administra\u00e7\u00e3o da Unifesspa \u2013 Campus Rondon do Par\u00e1.<\/p>\n<p>Fernando Sab\u00f3ia, professor do IFCE \u2013 Campus Pec\u00e9m, tamb\u00e9m comentou sobre a experi\u00eancia: \u201cA visita foi muito enriquecedora para a turma, foi al\u00e9m do que eles precisavam ver e superou as nossas expectativas! Foi tudo muito bem explicado. Espero que a empresa continue assim\u201d.<\/p>\n","protected":false},"featured_media":1842,"template":"","meta":{"_acf_changed":false,"inline_featured_image":false},"categoria-noticia":[],"class_list":["post-1831","noticia","type-noticia","status-publish","has-post-thumbnail","hentry"],"acf":{"link":""},"yoast_head":"<!-- This site is optimized with the Yoast SEO plugin v25.9 - https:\/\/yoast.com\/wordpress\/plugins\/seo\/ -->\n<title>Estudantes visitam empresas do Grupo A\u00e7o Cearense - Grupo A\u00e7o Cearense<\/title>\n<meta name=\"robots\" content=\"index, follow, max-snippet:-1, max-image-preview:large, max-video-preview:-1\" \/>\n<link rel=\"canonical\" href=\"https:\/\/previews.elleven.digital\/acocearense\/noticia\/estudantes-visitam-empresas-do-grupo-aco-cearense\/\" \/>\n<meta property=\"og:locale\" content=\"pt_BR\" \/>\n<meta property=\"og:type\" content=\"article\" \/>\n<meta property=\"og:title\" content=\"Estudantes visitam empresas do Grupo A\u00e7o Cearense - Grupo A\u00e7o Cearense\" \/>\n<meta property=\"og:description\" content=\"Com o objetivo de contribuir com a forma\u00e7\u00e3o acad\u00eamica dos estudantes, o Grupo A\u00e7o Cearense(...)\" \/>\n<meta property=\"og:url\" content=\"https:\/\/previews.elleven.digital\/acocearense\/noticia\/estudantes-visitam-empresas-do-grupo-aco-cearense\/\" \/>\n<meta property=\"og:site_name\" content=\"Grupo A\u00e7o Cearense\" \/>\n<meta property=\"article:modified_time\" content=\"2025-05-07T18:24:00+00:00\" \/>\n<meta property=\"og:image\" content=\"https:\/\/previews.elleven.digital\/acocearense\/wp-content\/uploads\/2025\/05\/educaco.png\" \/>\n\t<meta property=\"og:image:width\" content=\"400\" \/>\n\t<meta property=\"og:image:height\" content=\"300\" \/>\n\t<meta property=\"og:image:type\" content=\"image\/png\" \/>\n<meta name=\"twitter:card\" content=\"summary_large_image\" \/>\n<meta name=\"twitter:label1\" content=\"Est. tempo de leitura\" \/>\n\t<meta name=\"twitter:data1\" content=\"2 minutos\" \/>\n<script type=\"application\/ld+json\" class=\"yoast-schema-graph\">{\"@context\":\"https:\/\/schema.org\",\"@graph\":[{\"@type\":\"WebPage\",\"@id\":\"https:\/\/previews.elleven.digital\/acocearense\/noticia\/estudantes-visitam-empresas-do-grupo-aco-cearense\/\",\"url\":\"https:\/\/previews.elleven.digital\/acocearense\/noticia\/estudantes-visitam-empresas-do-grupo-aco-cearense\/\",\"name\":\"Estudantes visitam empresas do Grupo A\u00e7o Cearense - Grupo A\u00e7o Cearense\",\"isPartOf\":{\"@id\":\"https:\/\/previews.elleven.digital\/acocearense\/#website\"},\"primaryImageOfPage\":{\"@id\":\"https:\/\/previews.elleven.digital\/acocearense\/noticia\/estudantes-visitam-empresas-do-grupo-aco-cearense\/#primaryimage\"},\"image\":{\"@id\":\"https:\/\/previews.elleven.digital\/acocearense\/noticia\/estudantes-visitam-empresas-do-grupo-aco-cearense\/#primaryimage\"},\"thumbnailUrl\":\"https:\/\/previews.elleven.digital\/acocearense\/wp-content\/uploads\/2025\/05\/educaco.png\",\"datePublished\":\"2019-05-02T18:13:35+00:00\",\"dateModified\":\"2025-05-07T18:24:00+00:00\",\"breadcrumb\":{\"@id\":\"https:\/\/previews.elleven.digital\/acocearense\/noticia\/estudantes-visitam-empresas-do-grupo-aco-cearense\/#breadcrumb\"},\"inLanguage\":\"pt-BR\",\"potentialAction\":[{\"@type\":\"ReadAction\",\"target\":[\"https:\/\/previews.elleven.digital\/acocearense\/noticia\/estudantes-visitam-empresas-do-grupo-aco-cearense\/\"]}]},{\"@type\":\"ImageObject\",\"inLanguage\":\"pt-BR\",\"@id\":\"https:\/\/previews.elleven.digital\/acocearense\/noticia\/estudantes-visitam-empresas-do-grupo-aco-cearense\/#primaryimage\",\"url\":\"https:\/\/previews.elleven.digital\/acocearense\/wp-content\/uploads\/2025\/05\/educaco.png\",\"contentUrl\":\"https:\/\/previews.elleven.digital\/acocearense\/wp-content\/uploads\/2025\/05\/educaco.png\",\"width\":400,\"height\":300},{\"@type\":\"BreadcrumbList\",\"@id\":\"https:\/\/previews.elleven.digital\/acocearense\/noticia\/estudantes-visitam-empresas-do-grupo-aco-cearense\/#breadcrumb\",\"itemListElement\":[{\"@type\":\"ListItem\",\"position\":1,\"name\":\"In\u00edcio\",\"item\":\"https:\/\/previews.elleven.digital\/acocearense\/\"},{\"@type\":\"ListItem\",\"position\":2,\"name\":\"Not\u00edcias\",\"item\":\"https:\/\/previews.elleven.digital\/acocearense\/noticias\/\"},{\"@type\":\"ListItem\",\"position\":3,\"name\":\"Estudantes visitam empresas do Grupo A\u00e7o Cearense\"}]},{\"@type\":\"WebSite\",\"@id\":\"https:\/\/previews.elleven.digital\/acocearense\/#website\",\"url\":\"https:\/\/previews.elleven.digital\/acocearense\/\",\"name\":\"A\u00e7o Cearense\",\"description\":\"H\u00e1 mais de 45 anos no mercado brasileiro do a\u00e7o.\",\"alternateName\":\"A\u00e7o Cearense\",\"potentialAction\":[{\"@type\":\"SearchAction\",\"target\":{\"@type\":\"EntryPoint\",\"urlTemplate\":\"https:\/\/previews.elleven.digital\/acocearense\/?s={search_term_string}\"},\"query-input\":{\"@type\":\"PropertyValueSpecification\",\"valueRequired\":true,\"valueName\":\"search_term_string\"}}],\"inLanguage\":\"pt-BR\"}]}<\/script>\n<!-- \/ Yoast SEO plugin. -->","yoast_head_json":{"title":"Estudantes visitam empresas do Grupo A\u00e7o Cearense - Grupo A\u00e7o Cearense","robots":{"index":"index","follow":"follow","max-snippet":"max-snippet:-1","max-image-preview":"max-image-preview:large","max-video-preview":"max-video-preview:-1"},"canonical":"https:\/\/previews.elleven.digital\/acocearense\/noticia\/estudantes-visitam-empresas-do-grupo-aco-cearense\/","og_locale":"pt_BR","og_type":"article","og_title":"Estudantes visitam empresas do Grupo A\u00e7o Cearense - Grupo A\u00e7o Cearense","og_description":"Com o objetivo de contribuir com a forma\u00e7\u00e3o acad\u00eamica dos estudantes, o Grupo A\u00e7o Cearense(...)","og_url":"https:\/\/previews.elleven.digital\/acocearense\/noticia\/estudantes-visitam-empresas-do-grupo-aco-cearense\/","og_site_name":"Grupo A\u00e7o Cearense","article_modified_time":"2025-05-07T18:24:00+00:00","og_image":[{"width":400,"height":300,"url":"https:\/\/previews.elleven.digital\/acocearense\/wp-content\/uploads\/2025\/05\/educaco.png","type":"image\/png"}],"twitter_card":"summary_large_image","twitter_misc":{"Est. tempo de leitura":"2 minutos"},"schema":{"@context":"https:\/\/schema.org","@graph":[{"@type":"WebPage","@id":"https:\/\/previews.elleven.digital\/acocearense\/noticia\/estudantes-visitam-empresas-do-grupo-aco-cearense\/","url":"https:\/\/previews.elleven.digital\/acocearense\/noticia\/estudantes-visitam-empresas-do-grupo-aco-cearense\/","name":"Estudantes visitam empresas do Grupo A\u00e7o Cearense - Grupo A\u00e7o Cearense","isPartOf":{"@id":"https:\/\/previews.elleven.digital\/acocearense\/#website"},"primaryImageOfPage":{"@id":"https:\/\/previews.elleven.digital\/acocearense\/noticia\/estudantes-visitam-empresas-do-grupo-aco-cearense\/#primaryimage"},"image":{"@id":"https:\/\/previews.elleven.digital\/acocearense\/noticia\/estudantes-visitam-empresas-do-grupo-aco-cearense\/#primaryimage"},"thumbnailUrl":"https:\/\/previews.elleven.digital\/acocearense\/wp-content\/uploads\/2025\/05\/educaco.png","datePublished":"2019-05-02T18:13:35+00:00","dateModified":"2025-05-07T18:24:00+00:00","breadcrumb":{"@id":"https:\/\/previews.elleven.digital\/acocearense\/noticia\/estudantes-visitam-empresas-do-grupo-aco-cearense\/#breadcrumb"},"inLanguage":"pt-BR","potentialAction":[{"@type":"ReadAction","target":["https:\/\/previews.elleven.digital\/acocearense\/noticia\/estudantes-visitam-empresas-do-grupo-aco-cearense\/"]}]},{"@type":"ImageObject","inLanguage":"pt-BR","@id":"https:\/\/previews.elleven.digital\/acocearense\/noticia\/estudantes-visitam-empresas-do-grupo-aco-cearense\/#primaryimage","url":"https:\/\/previews.elleven.digital\/acocearense\/wp-content\/uploads\/2025\/05\/educaco.png","contentUrl":"https:\/\/previews.elleven.digital\/acocearense\/wp-content\/uploads\/2025\/05\/educaco.png","width":400,"height":300},{"@type":"BreadcrumbList","@id":"https:\/\/previews.elleven.digital\/acocearense\/noticia\/estudantes-visitam-empresas-do-grupo-aco-cearense\/#breadcrumb","itemListElement":[{"@type":"ListItem","position":1,"name":"In\u00edcio","item":"https:\/\/previews.elleven.digital\/acocearense\/"},{"@type":"ListItem","position":2,"name":"Not\u00edcias","item":"https:\/\/previews.elleven.digital\/acocearense\/noticias\/"},{"@type":"ListItem","position":3,"name":"Estudantes visitam empresas do Grupo A\u00e7o Cearense"}]},{"@type":"WebSite","@id":"https:\/\/previews.elleven.digital\/acocearense\/#website","url":"https:\/\/previews.elleven.digital\/acocearense\/","name":"A\u00e7o Cearense","description":"H\u00e1 mais de 45 anos no mercado brasileiro do a\u00e7o.","alternateName":"A\u00e7o Cearense","potentialAction":[{"@type":"SearchAction","target":{"@type":"EntryPoint","urlTemplate":"https:\/\/previews.elleven.digital\/acocearense\/?s={search_term_string}"},"query-input":{"@type":"PropertyValueSpecification","valueRequired":true,"valueName":"search_term_string"}}],"inLanguage":"pt-BR"}]}},"_links":{"self":[{"href":"https:\/\/previews.elleven.digital\/acocearense\/wp-json\/wp\/v2\/noticia\/1831","targetHints":{"allow":["GET"]}}],"collection":[{"href":"https:\/\/previews.elleven.digital\/acocearense\/wp-json\/wp\/v2\/noticia"}],"about":[{"href":"https:\/\/previews.elleven.digital\/acocearense\/wp-json\/wp\/v2\/types\/noticia"}],"wp:featuredmedia":[{"embeddable":true,"href":"https:\/\/previews.elleven.digital\/acocearense\/wp-json\/wp\/v2\/media\/1842"}],"wp:attachment":[{"href":"https:\/\/previews.elleven.digital\/acocearense\/wp-json\/wp\/v2\/media?parent=1831"}],"wp:term":[{"taxonomy":"categoria-noticia","embeddable":true,"href":"https:\/\/previews.elleven.digital\/acocearense\/wp-json\/wp\/v2\/categoria-noticia?post=1831"}],"curies":[{"name":"wp","href":"https:\/\/api.w.org\/{rel}","templated":true}]}}