{"id":1829,"date":"2019-04-30T15:12:34","date_gmt":"2019-04-30T18:12:34","guid":{"rendered":"https:\/\/previews.elleven.digital\/acocearense\/?post_type=noticia&#038;p=1829"},"modified":"2025-05-07T15:12:59","modified_gmt":"2025-05-07T18:12:59","slug":"cearense-gilberto-silva-sobe-ao-podio-na-2a-etapa-da-copa-brasil-de-paraciclismo","status":"publish","type":"noticia","link":"https:\/\/previews.elleven.digital\/acocearense\/noticia\/cearense-gilberto-silva-sobe-ao-podio-na-2a-etapa-da-copa-brasil-de-paraciclismo\/","title":{"rendered":"Cearense Gilberto Silva sobe ao p\u00f3dio na 2\u00aa etapa da Copa Brasil de Paraciclismo"},"content":{"rendered":"<p>No m\u00eas de abril, nos dias 27 e 28, foi realizada a segunda 2\u00aa Etapa da Copa Brasil Paraciclismo, em Bras\u00edlia-DF. O cearense Gilberto Silva, atleta patrocinado pelo Instituto A\u00e7o Cearense, participou da prova e alcan\u00e7ou o 2\u00ba lugar na prova de resist\u00eancia.<\/p>\n<p>A Copa Brasil \u00e9 um dos principais eventos do calend\u00e1rio nacional e conta pontos no ranking nacional e internacional. Gilberto participa da categoria C5, com o patroc\u00ednio master do Instituto A\u00e7o Cearense, que j\u00e1 apoia o atleta h\u00e1 nove anos. \u201cChegar na segunda etapa da Copa e alcan\u00e7ar um bom resultado e 3\u00aa coloca\u00e7\u00e3o no ranking geral me deixa muito feliz, \u00e9 a concretiza\u00e7\u00e3o de muitos anos de esfor\u00e7o se tornando um sonho realizado\u201d, diz o paraciclista.<\/p>\n","protected":false},"featured_media":1815,"template":"","meta":{"_acf_changed":false,"inline_featured_image":false},"categoria-noticia":[],"class_list":["post-1829","noticia","type-noticia","status-publish","has-post-thumbnail","hentry"],"acf":{"link":""},"yoast_head":"<!-- This site is optimized with the Yoast SEO plugin v25.9 - https:\/\/yoast.com\/wordpress\/plugins\/seo\/ -->\n<title>Cearense Gilberto Silva sobe ao p\u00f3dio na 2\u00aa etapa da Copa Brasil de Paraciclismo - Grupo A\u00e7o Cearense<\/title>\n<meta name=\"robots\" content=\"index, follow, max-snippet:-1, max-image-preview:large, max-video-preview:-1\" \/>\n<link rel=\"canonical\" href=\"https:\/\/previews.elleven.digital\/acocearense\/noticia\/cearense-gilberto-silva-sobe-ao-podio-na-2a-etapa-da-copa-brasil-de-paraciclismo\/\" \/>\n<meta property=\"og:locale\" content=\"pt_BR\" \/>\n<meta property=\"og:type\" content=\"article\" \/>\n<meta property=\"og:title\" content=\"Cearense Gilberto Silva sobe ao p\u00f3dio na 2\u00aa etapa da Copa Brasil de Paraciclismo - Grupo A\u00e7o Cearense\" \/>\n<meta property=\"og:description\" content=\"No m\u00eas de abril, nos dias 27 e 28, foi realizada a segunda 2\u00aa Etapa(...)\" \/>\n<meta property=\"og:url\" content=\"https:\/\/previews.elleven.digital\/acocearense\/noticia\/cearense-gilberto-silva-sobe-ao-podio-na-2a-etapa-da-copa-brasil-de-paraciclismo\/\" \/>\n<meta property=\"og:site_name\" content=\"Grupo A\u00e7o Cearense\" \/>\n<meta property=\"article:modified_time\" content=\"2025-05-07T18:12:59+00:00\" \/>\n<meta property=\"og:image\" content=\"https:\/\/previews.elleven.digital\/acocearense\/wp-content\/uploads\/2025\/05\/Design-sem-nome-8.png\" \/>\n\t<meta property=\"og:image:width\" content=\"400\" \/>\n\t<meta property=\"og:image:height\" content=\"300\" \/>\n\t<meta property=\"og:image:type\" content=\"image\/png\" \/>\n<meta name=\"twitter:card\" content=\"summary_large_image\" \/>\n<meta name=\"twitter:label1\" content=\"Est. tempo de leitura\" \/>\n\t<meta name=\"twitter:data1\" content=\"1 minuto\" \/>\n<script type=\"application\/ld+json\" class=\"yoast-schema-graph\">{\"@context\":\"https:\/\/schema.org\",\"@graph\":[{\"@type\":\"WebPage\",\"@id\":\"https:\/\/previews.elleven.digital\/acocearense\/noticia\/cearense-gilberto-silva-sobe-ao-podio-na-2a-etapa-da-copa-brasil-de-paraciclismo\/\",\"url\":\"https:\/\/previews.elleven.digital\/acocearense\/noticia\/cearense-gilberto-silva-sobe-ao-podio-na-2a-etapa-da-copa-brasil-de-paraciclismo\/\",\"name\":\"Cearense Gilberto Silva sobe ao p\u00f3dio na 2\u00aa etapa da Copa Brasil de Paraciclismo - Grupo A\u00e7o Cearense\",\"isPartOf\":{\"@id\":\"https:\/\/previews.elleven.digital\/acocearense\/#website\"},\"primaryImageOfPage\":{\"@id\":\"https:\/\/previews.elleven.digital\/acocearense\/noticia\/cearense-gilberto-silva-sobe-ao-podio-na-2a-etapa-da-copa-brasil-de-paraciclismo\/#primaryimage\"},\"image\":{\"@id\":\"https:\/\/previews.elleven.digital\/acocearense\/noticia\/cearense-gilberto-silva-sobe-ao-podio-na-2a-etapa-da-copa-brasil-de-paraciclismo\/#primaryimage\"},\"thumbnailUrl\":\"https:\/\/previews.elleven.digital\/acocearense\/wp-content\/uploads\/2025\/05\/Design-sem-nome-8.png\",\"datePublished\":\"2019-04-30T18:12:34+00:00\",\"dateModified\":\"2025-05-07T18:12:59+00:00\",\"breadcrumb\":{\"@id\":\"https:\/\/previews.elleven.digital\/acocearense\/noticia\/cearense-gilberto-silva-sobe-ao-podio-na-2a-etapa-da-copa-brasil-de-paraciclismo\/#breadcrumb\"},\"inLanguage\":\"pt-BR\",\"potentialAction\":[{\"@type\":\"ReadAction\",\"target\":[\"https:\/\/previews.elleven.digital\/acocearense\/noticia\/cearense-gilberto-silva-sobe-ao-podio-na-2a-etapa-da-copa-brasil-de-paraciclismo\/\"]}]},{\"@type\":\"ImageObject\",\"inLanguage\":\"pt-BR\",\"@id\":\"https:\/\/previews.elleven.digital\/acocearense\/noticia\/cearense-gilberto-silva-sobe-ao-podio-na-2a-etapa-da-copa-brasil-de-paraciclismo\/#primaryimage\",\"url\":\"https:\/\/previews.elleven.digital\/acocearense\/wp-content\/uploads\/2025\/05\/Design-sem-nome-8.png\",\"contentUrl\":\"https:\/\/previews.elleven.digital\/acocearense\/wp-content\/uploads\/2025\/05\/Design-sem-nome-8.png\",\"width\":400,\"height\":300},{\"@type\":\"BreadcrumbList\",\"@id\":\"https:\/\/previews.elleven.digital\/acocearense\/noticia\/cearense-gilberto-silva-sobe-ao-podio-na-2a-etapa-da-copa-brasil-de-paraciclismo\/#breadcrumb\",\"itemListElement\":[{\"@type\":\"ListItem\",\"position\":1,\"name\":\"In\u00edcio\",\"item\":\"https:\/\/previews.elleven.digital\/acocearense\/\"},{\"@type\":\"ListItem\",\"position\":2,\"name\":\"Not\u00edcias\",\"item\":\"https:\/\/previews.elleven.digital\/acocearense\/noticias\/\"},{\"@type\":\"ListItem\",\"position\":3,\"name\":\"Cearense Gilberto Silva sobe ao p\u00f3dio na 2\u00aa etapa da Copa Brasil de Paraciclismo\"}]},{\"@type\":\"WebSite\",\"@id\":\"https:\/\/previews.elleven.digital\/acocearense\/#website\",\"url\":\"https:\/\/previews.elleven.digital\/acocearense\/\",\"name\":\"A\u00e7o Cearense\",\"description\":\"H\u00e1 mais de 45 anos no mercado brasileiro do a\u00e7o.\",\"alternateName\":\"A\u00e7o Cearense\",\"potentialAction\":[{\"@type\":\"SearchAction\",\"target\":{\"@type\":\"EntryPoint\",\"urlTemplate\":\"https:\/\/previews.elleven.digital\/acocearense\/?s={search_term_string}\"},\"query-input\":{\"@type\":\"PropertyValueSpecification\",\"valueRequired\":true,\"valueName\":\"search_term_string\"}}],\"inLanguage\":\"pt-BR\"}]}<\/script>\n<!-- \/ Yoast SEO plugin. -->","yoast_head_json":{"title":"Cearense Gilberto Silva sobe ao p\u00f3dio na 2\u00aa etapa da Copa Brasil de Paraciclismo - Grupo A\u00e7o Cearense","robots":{"index":"index","follow":"follow","max-snippet":"max-snippet:-1","max-image-preview":"max-image-preview:large","max-video-preview":"max-video-preview:-1"},"canonical":"https:\/\/previews.elleven.digital\/acocearense\/noticia\/cearense-gilberto-silva-sobe-ao-podio-na-2a-etapa-da-copa-brasil-de-paraciclismo\/","og_locale":"pt_BR","og_type":"article","og_title":"Cearense Gilberto Silva sobe ao p\u00f3dio na 2\u00aa etapa da Copa Brasil de Paraciclismo - Grupo A\u00e7o Cearense","og_description":"No m\u00eas de abril, nos dias 27 e 28, foi realizada a segunda 2\u00aa Etapa(...)","og_url":"https:\/\/previews.elleven.digital\/acocearense\/noticia\/cearense-gilberto-silva-sobe-ao-podio-na-2a-etapa-da-copa-brasil-de-paraciclismo\/","og_site_name":"Grupo A\u00e7o Cearense","article_modified_time":"2025-05-07T18:12:59+00:00","og_image":[{"width":400,"height":300,"url":"https:\/\/previews.elleven.digital\/acocearense\/wp-content\/uploads\/2025\/05\/Design-sem-nome-8.png","type":"image\/png"}],"twitter_card":"summary_large_image","twitter_misc":{"Est. tempo de leitura":"1 minuto"},"schema":{"@context":"https:\/\/schema.org","@graph":[{"@type":"WebPage","@id":"https:\/\/previews.elleven.digital\/acocearense\/noticia\/cearense-gilberto-silva-sobe-ao-podio-na-2a-etapa-da-copa-brasil-de-paraciclismo\/","url":"https:\/\/previews.elleven.digital\/acocearense\/noticia\/cearense-gilberto-silva-sobe-ao-podio-na-2a-etapa-da-copa-brasil-de-paraciclismo\/","name":"Cearense Gilberto Silva sobe ao p\u00f3dio na 2\u00aa etapa da Copa Brasil de Paraciclismo - Grupo A\u00e7o Cearense","isPartOf":{"@id":"https:\/\/previews.elleven.digital\/acocearense\/#website"},"primaryImageOfPage":{"@id":"https:\/\/previews.elleven.digital\/acocearense\/noticia\/cearense-gilberto-silva-sobe-ao-podio-na-2a-etapa-da-copa-brasil-de-paraciclismo\/#primaryimage"},"image":{"@id":"https:\/\/previews.elleven.digital\/acocearense\/noticia\/cearense-gilberto-silva-sobe-ao-podio-na-2a-etapa-da-copa-brasil-de-paraciclismo\/#primaryimage"},"thumbnailUrl":"https:\/\/previews.elleven.digital\/acocearense\/wp-content\/uploads\/2025\/05\/Design-sem-nome-8.png","datePublished":"2019-04-30T18:12:34+00:00","dateModified":"2025-05-07T18:12:59+00:00","breadcrumb":{"@id":"https:\/\/previews.elleven.digital\/acocearense\/noticia\/cearense-gilberto-silva-sobe-ao-podio-na-2a-etapa-da-copa-brasil-de-paraciclismo\/#breadcrumb"},"inLanguage":"pt-BR","potentialAction":[{"@type":"ReadAction","target":["https:\/\/previews.elleven.digital\/acocearense\/noticia\/cearense-gilberto-silva-sobe-ao-podio-na-2a-etapa-da-copa-brasil-de-paraciclismo\/"]}]},{"@type":"ImageObject","inLanguage":"pt-BR","@id":"https:\/\/previews.elleven.digital\/acocearense\/noticia\/cearense-gilberto-silva-sobe-ao-podio-na-2a-etapa-da-copa-brasil-de-paraciclismo\/#primaryimage","url":"https:\/\/previews.elleven.digital\/acocearense\/wp-content\/uploads\/2025\/05\/Design-sem-nome-8.png","contentUrl":"https:\/\/previews.elleven.digital\/acocearense\/wp-content\/uploads\/2025\/05\/Design-sem-nome-8.png","width":400,"height":300},{"@type":"BreadcrumbList","@id":"https:\/\/previews.elleven.digital\/acocearense\/noticia\/cearense-gilberto-silva-sobe-ao-podio-na-2a-etapa-da-copa-brasil-de-paraciclismo\/#breadcrumb","itemListElement":[{"@type":"ListItem","position":1,"name":"In\u00edcio","item":"https:\/\/previews.elleven.digital\/acocearense\/"},{"@type":"ListItem","position":2,"name":"Not\u00edcias","item":"https:\/\/previews.elleven.digital\/acocearense\/noticias\/"},{"@type":"ListItem","position":3,"name":"Cearense Gilberto Silva sobe ao p\u00f3dio na 2\u00aa etapa da Copa Brasil de Paraciclismo"}]},{"@type":"WebSite","@id":"https:\/\/previews.elleven.digital\/acocearense\/#website","url":"https:\/\/previews.elleven.digital\/acocearense\/","name":"A\u00e7o Cearense","description":"H\u00e1 mais de 45 anos no mercado brasileiro do a\u00e7o.","alternateName":"A\u00e7o Cearense","potentialAction":[{"@type":"SearchAction","target":{"@type":"EntryPoint","urlTemplate":"https:\/\/previews.elleven.digital\/acocearense\/?s={search_term_string}"},"query-input":{"@type":"PropertyValueSpecification","valueRequired":true,"valueName":"search_term_string"}}],"inLanguage":"pt-BR"}]}},"_links":{"self":[{"href":"https:\/\/previews.elleven.digital\/acocearense\/wp-json\/wp\/v2\/noticia\/1829","targetHints":{"allow":["GET"]}}],"collection":[{"href":"https:\/\/previews.elleven.digital\/acocearense\/wp-json\/wp\/v2\/noticia"}],"about":[{"href":"https:\/\/previews.elleven.digital\/acocearense\/wp-json\/wp\/v2\/types\/noticia"}],"wp:featuredmedia":[{"embeddable":true,"href":"https:\/\/previews.elleven.digital\/acocearense\/wp-json\/wp\/v2\/media\/1815"}],"wp:attachment":[{"href":"https:\/\/previews.elleven.digital\/acocearense\/wp-json\/wp\/v2\/media?parent=1829"}],"wp:term":[{"taxonomy":"categoria-noticia","embeddable":true,"href":"https:\/\/previews.elleven.digital\/acocearense\/wp-json\/wp\/v2\/categoria-noticia?post=1829"}],"curies":[{"name":"wp","href":"https:\/\/api.w.org\/{rel}","templated":true}]}}