{"id":1828,"date":"2019-04-17T15:11:56","date_gmt":"2019-04-17T18:11:56","guid":{"rendered":"https:\/\/previews.elleven.digital\/acocearense\/?post_type=noticia&#038;p=1828"},"modified":"2025-05-07T15:12:30","modified_gmt":"2025-05-07T18:12:30","slug":"cases-de-sucesso-do-grupo-aco-cearense-sao-apresentados-em-talk-show-na-unifor","status":"publish","type":"noticia","link":"https:\/\/previews.elleven.digital\/acocearense\/noticia\/cases-de-sucesso-do-grupo-aco-cearense-sao-apresentados-em-talk-show-na-unifor\/","title":{"rendered":"Cases de sucesso do Grupo A\u00e7o Cearense s\u00e3o apresentados em Talk Show na Unifor"},"content":{"rendered":"<p>Na \u00faltimo dia 12\/04, o Grupo A\u00e7o Cearense apresentou seus cases de sucesso na \u00e1rea de sustentabilidade para os estudantes de p\u00f3s-gradua\u00e7\u00e3o da Universidade de Fortaleza (Unifor). Um Talk show foi realizado para a troca de conhecimentos com os alunos. O evento sobre sustentabilidade empresarial tamb\u00e9m teve participa\u00e7\u00e3o das empresas Enel e Cimento Apodi.<\/p>\n<p>O gerente de sustentabilidade da A\u00e7o Cearense, Carlos Yves Cavalcante, falou sobre os projetos das empresas do Grupo, como a utiliza\u00e7\u00e3o de Sucata na produ\u00e7\u00e3o do a\u00e7o da SINOBRAS e a produ\u00e7\u00e3o do redutor bioenerg\u00e9tico realizado pela SINOBRAS Florestal, empresas do grupo que est\u00e3o sediadas nos estados do Par\u00e1 e do Tocantins, assim como o aproveitamento de \u00e1gua da chuva e programas do Instituto A\u00e7o Cearense, que envolvem educa\u00e7\u00e3o, esporte e a\u00e7\u00f5es sociais, realizados no Cear\u00e1.<\/p>\n<p>O convite para o Talk Show veio do professor M\u00e1rcio Rios, que leciona para v\u00e1rias turmas de especializa\u00e7\u00e3o e prop\u00f4s essa troca de conhecimento entre os convidados. \u201cSempre realizamos o Talk Show com gestores que se destacam no cen\u00e1rio da sustentabilidade. \u00c9 uma forma de aproximar os alunos do mercado, mostrando para eles casos reais de sucesso na \u00e1rea\u201d, explicou o professor.<\/p>\n<p><img loading=\"lazy\" decoding=\"async\" class=\"aligncenter wp-image-4980 size-medium\" src=\"https:\/\/grupoacocearense.com.br\/wp-content\/uploads\/2019\/04\/Talk-Show-Sustentabilidade-1-300x225.jpeg\" alt=\"\" width=\"300\" height=\"225\" \/><\/p>\n","protected":false},"featured_media":1816,"template":"","meta":{"_acf_changed":false,"inline_featured_image":false},"categoria-noticia":[],"class_list":["post-1828","noticia","type-noticia","status-publish","has-post-thumbnail","hentry"],"acf":{"link":""},"yoast_head":"<!-- This site is optimized with the Yoast SEO plugin v25.9 - https:\/\/yoast.com\/wordpress\/plugins\/seo\/ -->\n<title>Cases de sucesso do Grupo A\u00e7o Cearense s\u00e3o apresentados em Talk Show na Unifor - Grupo A\u00e7o Cearense<\/title>\n<meta name=\"robots\" content=\"index, follow, max-snippet:-1, max-image-preview:large, max-video-preview:-1\" \/>\n<link rel=\"canonical\" href=\"https:\/\/previews.elleven.digital\/acocearense\/noticia\/cases-de-sucesso-do-grupo-aco-cearense-sao-apresentados-em-talk-show-na-unifor\/\" \/>\n<meta property=\"og:locale\" content=\"pt_BR\" \/>\n<meta property=\"og:type\" content=\"article\" \/>\n<meta property=\"og:title\" content=\"Cases de sucesso do Grupo A\u00e7o Cearense s\u00e3o apresentados em Talk Show na Unifor - Grupo A\u00e7o Cearense\" \/>\n<meta property=\"og:description\" content=\"Na \u00faltimo dia 12\/04, o Grupo A\u00e7o Cearense apresentou seus cases de sucesso na \u00e1rea(...)\" \/>\n<meta property=\"og:url\" content=\"https:\/\/previews.elleven.digital\/acocearense\/noticia\/cases-de-sucesso-do-grupo-aco-cearense-sao-apresentados-em-talk-show-na-unifor\/\" \/>\n<meta property=\"og:site_name\" content=\"Grupo A\u00e7o Cearense\" \/>\n<meta property=\"article:modified_time\" content=\"2025-05-07T18:12:30+00:00\" \/>\n<meta property=\"og:image\" content=\"https:\/\/previews.elleven.digital\/acocearense\/wp-content\/uploads\/2025\/05\/Talk-Show-Sustentabilidade-1-300x225-1.jpeg\" \/>\n\t<meta property=\"og:image:width\" content=\"300\" \/>\n\t<meta property=\"og:image:height\" content=\"225\" \/>\n\t<meta property=\"og:image:type\" content=\"image\/jpeg\" \/>\n<meta name=\"twitter:card\" content=\"summary_large_image\" \/>\n<meta name=\"twitter:label1\" content=\"Est. tempo de leitura\" \/>\n\t<meta name=\"twitter:data1\" content=\"2 minutos\" \/>\n<script type=\"application\/ld+json\" class=\"yoast-schema-graph\">{\"@context\":\"https:\/\/schema.org\",\"@graph\":[{\"@type\":\"WebPage\",\"@id\":\"https:\/\/previews.elleven.digital\/acocearense\/noticia\/cases-de-sucesso-do-grupo-aco-cearense-sao-apresentados-em-talk-show-na-unifor\/\",\"url\":\"https:\/\/previews.elleven.digital\/acocearense\/noticia\/cases-de-sucesso-do-grupo-aco-cearense-sao-apresentados-em-talk-show-na-unifor\/\",\"name\":\"Cases de sucesso do Grupo A\u00e7o Cearense s\u00e3o apresentados em Talk Show na Unifor - Grupo A\u00e7o Cearense\",\"isPartOf\":{\"@id\":\"https:\/\/previews.elleven.digital\/acocearense\/#website\"},\"primaryImageOfPage\":{\"@id\":\"https:\/\/previews.elleven.digital\/acocearense\/noticia\/cases-de-sucesso-do-grupo-aco-cearense-sao-apresentados-em-talk-show-na-unifor\/#primaryimage\"},\"image\":{\"@id\":\"https:\/\/previews.elleven.digital\/acocearense\/noticia\/cases-de-sucesso-do-grupo-aco-cearense-sao-apresentados-em-talk-show-na-unifor\/#primaryimage\"},\"thumbnailUrl\":\"https:\/\/previews.elleven.digital\/acocearense\/wp-content\/uploads\/2025\/05\/Talk-Show-Sustentabilidade-1-300x225-1.jpeg\",\"datePublished\":\"2019-04-17T18:11:56+00:00\",\"dateModified\":\"2025-05-07T18:12:30+00:00\",\"breadcrumb\":{\"@id\":\"https:\/\/previews.elleven.digital\/acocearense\/noticia\/cases-de-sucesso-do-grupo-aco-cearense-sao-apresentados-em-talk-show-na-unifor\/#breadcrumb\"},\"inLanguage\":\"pt-BR\",\"potentialAction\":[{\"@type\":\"ReadAction\",\"target\":[\"https:\/\/previews.elleven.digital\/acocearense\/noticia\/cases-de-sucesso-do-grupo-aco-cearense-sao-apresentados-em-talk-show-na-unifor\/\"]}]},{\"@type\":\"ImageObject\",\"inLanguage\":\"pt-BR\",\"@id\":\"https:\/\/previews.elleven.digital\/acocearense\/noticia\/cases-de-sucesso-do-grupo-aco-cearense-sao-apresentados-em-talk-show-na-unifor\/#primaryimage\",\"url\":\"https:\/\/previews.elleven.digital\/acocearense\/wp-content\/uploads\/2025\/05\/Talk-Show-Sustentabilidade-1-300x225-1.jpeg\",\"contentUrl\":\"https:\/\/previews.elleven.digital\/acocearense\/wp-content\/uploads\/2025\/05\/Talk-Show-Sustentabilidade-1-300x225-1.jpeg\",\"width\":300,\"height\":225},{\"@type\":\"BreadcrumbList\",\"@id\":\"https:\/\/previews.elleven.digital\/acocearense\/noticia\/cases-de-sucesso-do-grupo-aco-cearense-sao-apresentados-em-talk-show-na-unifor\/#breadcrumb\",\"itemListElement\":[{\"@type\":\"ListItem\",\"position\":1,\"name\":\"In\u00edcio\",\"item\":\"https:\/\/previews.elleven.digital\/acocearense\/\"},{\"@type\":\"ListItem\",\"position\":2,\"name\":\"Not\u00edcias\",\"item\":\"https:\/\/previews.elleven.digital\/acocearense\/noticias\/\"},{\"@type\":\"ListItem\",\"position\":3,\"name\":\"Cases de sucesso do Grupo A\u00e7o Cearense s\u00e3o apresentados em Talk Show na Unifor\"}]},{\"@type\":\"WebSite\",\"@id\":\"https:\/\/previews.elleven.digital\/acocearense\/#website\",\"url\":\"https:\/\/previews.elleven.digital\/acocearense\/\",\"name\":\"A\u00e7o Cearense\",\"description\":\"H\u00e1 mais de 45 anos no mercado brasileiro do a\u00e7o.\",\"alternateName\":\"A\u00e7o Cearense\",\"potentialAction\":[{\"@type\":\"SearchAction\",\"target\":{\"@type\":\"EntryPoint\",\"urlTemplate\":\"https:\/\/previews.elleven.digital\/acocearense\/?s={search_term_string}\"},\"query-input\":{\"@type\":\"PropertyValueSpecification\",\"valueRequired\":true,\"valueName\":\"search_term_string\"}}],\"inLanguage\":\"pt-BR\"}]}<\/script>\n<!-- \/ Yoast SEO plugin. -->","yoast_head_json":{"title":"Cases de sucesso do Grupo A\u00e7o Cearense s\u00e3o apresentados em Talk Show na Unifor - Grupo A\u00e7o Cearense","robots":{"index":"index","follow":"follow","max-snippet":"max-snippet:-1","max-image-preview":"max-image-preview:large","max-video-preview":"max-video-preview:-1"},"canonical":"https:\/\/previews.elleven.digital\/acocearense\/noticia\/cases-de-sucesso-do-grupo-aco-cearense-sao-apresentados-em-talk-show-na-unifor\/","og_locale":"pt_BR","og_type":"article","og_title":"Cases de sucesso do Grupo A\u00e7o Cearense s\u00e3o apresentados em Talk Show na Unifor - Grupo A\u00e7o Cearense","og_description":"Na \u00faltimo dia 12\/04, o Grupo A\u00e7o Cearense apresentou seus cases de sucesso na \u00e1rea(...)","og_url":"https:\/\/previews.elleven.digital\/acocearense\/noticia\/cases-de-sucesso-do-grupo-aco-cearense-sao-apresentados-em-talk-show-na-unifor\/","og_site_name":"Grupo A\u00e7o Cearense","article_modified_time":"2025-05-07T18:12:30+00:00","og_image":[{"width":300,"height":225,"url":"https:\/\/previews.elleven.digital\/acocearense\/wp-content\/uploads\/2025\/05\/Talk-Show-Sustentabilidade-1-300x225-1.jpeg","type":"image\/jpeg"}],"twitter_card":"summary_large_image","twitter_misc":{"Est. tempo de leitura":"2 minutos"},"schema":{"@context":"https:\/\/schema.org","@graph":[{"@type":"WebPage","@id":"https:\/\/previews.elleven.digital\/acocearense\/noticia\/cases-de-sucesso-do-grupo-aco-cearense-sao-apresentados-em-talk-show-na-unifor\/","url":"https:\/\/previews.elleven.digital\/acocearense\/noticia\/cases-de-sucesso-do-grupo-aco-cearense-sao-apresentados-em-talk-show-na-unifor\/","name":"Cases de sucesso do Grupo A\u00e7o Cearense s\u00e3o apresentados em Talk Show na Unifor - Grupo A\u00e7o Cearense","isPartOf":{"@id":"https:\/\/previews.elleven.digital\/acocearense\/#website"},"primaryImageOfPage":{"@id":"https:\/\/previews.elleven.digital\/acocearense\/noticia\/cases-de-sucesso-do-grupo-aco-cearense-sao-apresentados-em-talk-show-na-unifor\/#primaryimage"},"image":{"@id":"https:\/\/previews.elleven.digital\/acocearense\/noticia\/cases-de-sucesso-do-grupo-aco-cearense-sao-apresentados-em-talk-show-na-unifor\/#primaryimage"},"thumbnailUrl":"https:\/\/previews.elleven.digital\/acocearense\/wp-content\/uploads\/2025\/05\/Talk-Show-Sustentabilidade-1-300x225-1.jpeg","datePublished":"2019-04-17T18:11:56+00:00","dateModified":"2025-05-07T18:12:30+00:00","breadcrumb":{"@id":"https:\/\/previews.elleven.digital\/acocearense\/noticia\/cases-de-sucesso-do-grupo-aco-cearense-sao-apresentados-em-talk-show-na-unifor\/#breadcrumb"},"inLanguage":"pt-BR","potentialAction":[{"@type":"ReadAction","target":["https:\/\/previews.elleven.digital\/acocearense\/noticia\/cases-de-sucesso-do-grupo-aco-cearense-sao-apresentados-em-talk-show-na-unifor\/"]}]},{"@type":"ImageObject","inLanguage":"pt-BR","@id":"https:\/\/previews.elleven.digital\/acocearense\/noticia\/cases-de-sucesso-do-grupo-aco-cearense-sao-apresentados-em-talk-show-na-unifor\/#primaryimage","url":"https:\/\/previews.elleven.digital\/acocearense\/wp-content\/uploads\/2025\/05\/Talk-Show-Sustentabilidade-1-300x225-1.jpeg","contentUrl":"https:\/\/previews.elleven.digital\/acocearense\/wp-content\/uploads\/2025\/05\/Talk-Show-Sustentabilidade-1-300x225-1.jpeg","width":300,"height":225},{"@type":"BreadcrumbList","@id":"https:\/\/previews.elleven.digital\/acocearense\/noticia\/cases-de-sucesso-do-grupo-aco-cearense-sao-apresentados-em-talk-show-na-unifor\/#breadcrumb","itemListElement":[{"@type":"ListItem","position":1,"name":"In\u00edcio","item":"https:\/\/previews.elleven.digital\/acocearense\/"},{"@type":"ListItem","position":2,"name":"Not\u00edcias","item":"https:\/\/previews.elleven.digital\/acocearense\/noticias\/"},{"@type":"ListItem","position":3,"name":"Cases de sucesso do Grupo A\u00e7o Cearense s\u00e3o apresentados em Talk Show na Unifor"}]},{"@type":"WebSite","@id":"https:\/\/previews.elleven.digital\/acocearense\/#website","url":"https:\/\/previews.elleven.digital\/acocearense\/","name":"A\u00e7o Cearense","description":"H\u00e1 mais de 45 anos no mercado brasileiro do a\u00e7o.","alternateName":"A\u00e7o Cearense","potentialAction":[{"@type":"SearchAction","target":{"@type":"EntryPoint","urlTemplate":"https:\/\/previews.elleven.digital\/acocearense\/?s={search_term_string}"},"query-input":{"@type":"PropertyValueSpecification","valueRequired":true,"valueName":"search_term_string"}}],"inLanguage":"pt-BR"}]}},"_links":{"self":[{"href":"https:\/\/previews.elleven.digital\/acocearense\/wp-json\/wp\/v2\/noticia\/1828","targetHints":{"allow":["GET"]}}],"collection":[{"href":"https:\/\/previews.elleven.digital\/acocearense\/wp-json\/wp\/v2\/noticia"}],"about":[{"href":"https:\/\/previews.elleven.digital\/acocearense\/wp-json\/wp\/v2\/types\/noticia"}],"wp:featuredmedia":[{"embeddable":true,"href":"https:\/\/previews.elleven.digital\/acocearense\/wp-json\/wp\/v2\/media\/1816"}],"wp:attachment":[{"href":"https:\/\/previews.elleven.digital\/acocearense\/wp-json\/wp\/v2\/media?parent=1828"}],"wp:term":[{"taxonomy":"categoria-noticia","embeddable":true,"href":"https:\/\/previews.elleven.digital\/acocearense\/wp-json\/wp\/v2\/categoria-noticia?post=1828"}],"curies":[{"name":"wp","href":"https:\/\/api.w.org\/{rel}","templated":true}]}}