{"id":1827,"date":"2019-04-11T15:11:06","date_gmt":"2019-04-11T18:11:06","guid":{"rendered":"https:\/\/previews.elleven.digital\/acocearense\/?post_type=noticia&#038;p=1827"},"modified":"2025-05-07T15:11:53","modified_gmt":"2025-05-07T18:11:53","slug":"cases-de-sucesso-do-grupo-aco-cearense-sao-apresentados-em-evento-de-sustentabilidade","status":"publish","type":"noticia","link":"https:\/\/previews.elleven.digital\/acocearense\/noticia\/cases-de-sucesso-do-grupo-aco-cearense-sao-apresentados-em-evento-de-sustentabilidade\/","title":{"rendered":"Cases de sucesso do Grupo A\u00e7o Cearense s\u00e3o apresentados em evento de sustentabilidade"},"content":{"rendered":"<p>Trocar experi\u00eancias sobre a\u00e7\u00f5es de desenvolvimento sustent\u00e1vel \u00e9 uma pr\u00e1tica que a sociedade precisa vivenciar cada vez mais para aprender a colocar em pr\u00e1tica pequenas e grandes ideias que contribuem com o futuro do planeta. Nesse sentido, a A\u00e7o Cearense apresentou seus cases de sucesso no Grupo de Comunica\u00e7\u00e3o O Povo, neste m\u00eas de abril. Foram debatidos temas sobre sustentabilidade empresarial, com a participa\u00e7\u00e3o das empresas Tr\u00eas Cora\u00e7\u00f5es e Ayo.<\/p>\n<p>O gerente de sustentabilidade da A\u00e7o Cearense, Carlos Yves Cavalcante, apresentou os cases de sucesso das empresas no Cear\u00e1, como os projetos de reciclagem, aproveitamento de \u00e1gua da chuva, Educa\u00e7\u00e3o de Jovens e Adultos, reflorestamento e a\u00e7\u00f5es sociais com o Instituto A\u00e7o Cearense. Al\u00e9m disso, ele abordou a produ\u00e7\u00e3o do pr\u00f3prio redutor bioenerg\u00e9tico realizado pela SINOBRAS Florestal e utiliza\u00e7\u00e3o de sucata na produ\u00e7\u00e3o do a\u00e7o da SINOBRAS, empresas do Grupo que est\u00e3o localizadas no Tocantins e no Par\u00e1.<\/p>\n<p>Carlos Yves acredita que est\u00e3o no caminho certo. \u201cTer a\u00e7\u00f5es sustent\u00e1veis \u00e9 uma preocupa\u00e7\u00e3o de todos que fazem o Grupo, desde a presid\u00eancia at\u00e9 o operacional. A ideia \u00e9 que todos possam praticar essas a\u00e7\u00f5es n\u00e3o s\u00f3 dentro da empresa, mas tamb\u00e9m em suas vidas, ajudando a transformar o mundo\u201d, explicou o gerente.<br \/>\n<img loading=\"lazy\" decoding=\"async\" class=\"wp-image-4975 aligncenter\" src=\"https:\/\/grupoacocearense.com.br\/wp-content\/uploads\/2019\/04\/5-1-300x225.jpg\" alt=\"\" width=\"299\" height=\"224\" \/><\/p>\n<p><img loading=\"lazy\" decoding=\"async\" class=\"wp-image-4974 size-medium aligncenter\" src=\"https:\/\/grupoacocearense.com.br\/wp-content\/uploads\/2019\/04\/1-1-300x225.jpg\" alt=\"\" width=\"300\" height=\"225\" \/><\/p>\n","protected":false},"featured_media":1820,"template":"","meta":{"_acf_changed":false,"inline_featured_image":false},"categoria-noticia":[],"class_list":["post-1827","noticia","type-noticia","status-publish","has-post-thumbnail","hentry"],"acf":{"link":""},"yoast_head":"<!-- This site is optimized with the Yoast SEO plugin v25.9 - https:\/\/yoast.com\/wordpress\/plugins\/seo\/ -->\n<title>Cases de sucesso do Grupo A\u00e7o Cearense s\u00e3o apresentados em evento de sustentabilidade - Grupo A\u00e7o Cearense<\/title>\n<meta name=\"robots\" content=\"index, follow, max-snippet:-1, max-image-preview:large, max-video-preview:-1\" \/>\n<link rel=\"canonical\" href=\"https:\/\/previews.elleven.digital\/acocearense\/noticia\/cases-de-sucesso-do-grupo-aco-cearense-sao-apresentados-em-evento-de-sustentabilidade\/\" \/>\n<meta property=\"og:locale\" content=\"pt_BR\" \/>\n<meta property=\"og:type\" content=\"article\" \/>\n<meta property=\"og:title\" content=\"Cases de sucesso do Grupo A\u00e7o Cearense s\u00e3o apresentados em evento de sustentabilidade - Grupo A\u00e7o Cearense\" \/>\n<meta property=\"og:description\" content=\"Trocar experi\u00eancias sobre a\u00e7\u00f5es de desenvolvimento sustent\u00e1vel \u00e9 uma pr\u00e1tica que a sociedade precisa vivenciar(...)\" \/>\n<meta property=\"og:url\" content=\"https:\/\/previews.elleven.digital\/acocearense\/noticia\/cases-de-sucesso-do-grupo-aco-cearense-sao-apresentados-em-evento-de-sustentabilidade\/\" \/>\n<meta property=\"og:site_name\" content=\"Grupo A\u00e7o Cearense\" \/>\n<meta property=\"article:modified_time\" content=\"2025-05-07T18:11:53+00:00\" \/>\n<meta property=\"og:image\" content=\"https:\/\/previews.elleven.digital\/acocearense\/wp-content\/uploads\/2025\/05\/gac-1.png\" \/>\n\t<meta property=\"og:image:width\" content=\"383\" \/>\n\t<meta property=\"og:image:height\" content=\"266\" \/>\n\t<meta property=\"og:image:type\" content=\"image\/png\" \/>\n<meta name=\"twitter:card\" content=\"summary_large_image\" \/>\n<meta name=\"twitter:label1\" content=\"Est. tempo de leitura\" \/>\n\t<meta name=\"twitter:data1\" content=\"2 minutos\" \/>\n<script type=\"application\/ld+json\" class=\"yoast-schema-graph\">{\"@context\":\"https:\/\/schema.org\",\"@graph\":[{\"@type\":\"WebPage\",\"@id\":\"https:\/\/previews.elleven.digital\/acocearense\/noticia\/cases-de-sucesso-do-grupo-aco-cearense-sao-apresentados-em-evento-de-sustentabilidade\/\",\"url\":\"https:\/\/previews.elleven.digital\/acocearense\/noticia\/cases-de-sucesso-do-grupo-aco-cearense-sao-apresentados-em-evento-de-sustentabilidade\/\",\"name\":\"Cases de sucesso do Grupo A\u00e7o Cearense s\u00e3o apresentados em evento de sustentabilidade - Grupo A\u00e7o Cearense\",\"isPartOf\":{\"@id\":\"https:\/\/previews.elleven.digital\/acocearense\/#website\"},\"primaryImageOfPage\":{\"@id\":\"https:\/\/previews.elleven.digital\/acocearense\/noticia\/cases-de-sucesso-do-grupo-aco-cearense-sao-apresentados-em-evento-de-sustentabilidade\/#primaryimage\"},\"image\":{\"@id\":\"https:\/\/previews.elleven.digital\/acocearense\/noticia\/cases-de-sucesso-do-grupo-aco-cearense-sao-apresentados-em-evento-de-sustentabilidade\/#primaryimage\"},\"thumbnailUrl\":\"https:\/\/previews.elleven.digital\/acocearense\/wp-content\/uploads\/2025\/05\/gac-1.png\",\"datePublished\":\"2019-04-11T18:11:06+00:00\",\"dateModified\":\"2025-05-07T18:11:53+00:00\",\"breadcrumb\":{\"@id\":\"https:\/\/previews.elleven.digital\/acocearense\/noticia\/cases-de-sucesso-do-grupo-aco-cearense-sao-apresentados-em-evento-de-sustentabilidade\/#breadcrumb\"},\"inLanguage\":\"pt-BR\",\"potentialAction\":[{\"@type\":\"ReadAction\",\"target\":[\"https:\/\/previews.elleven.digital\/acocearense\/noticia\/cases-de-sucesso-do-grupo-aco-cearense-sao-apresentados-em-evento-de-sustentabilidade\/\"]}]},{\"@type\":\"ImageObject\",\"inLanguage\":\"pt-BR\",\"@id\":\"https:\/\/previews.elleven.digital\/acocearense\/noticia\/cases-de-sucesso-do-grupo-aco-cearense-sao-apresentados-em-evento-de-sustentabilidade\/#primaryimage\",\"url\":\"https:\/\/previews.elleven.digital\/acocearense\/wp-content\/uploads\/2025\/05\/gac-1.png\",\"contentUrl\":\"https:\/\/previews.elleven.digital\/acocearense\/wp-content\/uploads\/2025\/05\/gac-1.png\",\"width\":383,\"height\":266},{\"@type\":\"BreadcrumbList\",\"@id\":\"https:\/\/previews.elleven.digital\/acocearense\/noticia\/cases-de-sucesso-do-grupo-aco-cearense-sao-apresentados-em-evento-de-sustentabilidade\/#breadcrumb\",\"itemListElement\":[{\"@type\":\"ListItem\",\"position\":1,\"name\":\"In\u00edcio\",\"item\":\"https:\/\/previews.elleven.digital\/acocearense\/\"},{\"@type\":\"ListItem\",\"position\":2,\"name\":\"Not\u00edcias\",\"item\":\"https:\/\/previews.elleven.digital\/acocearense\/noticias\/\"},{\"@type\":\"ListItem\",\"position\":3,\"name\":\"Cases de sucesso do Grupo A\u00e7o Cearense s\u00e3o apresentados em evento de sustentabilidade\"}]},{\"@type\":\"WebSite\",\"@id\":\"https:\/\/previews.elleven.digital\/acocearense\/#website\",\"url\":\"https:\/\/previews.elleven.digital\/acocearense\/\",\"name\":\"A\u00e7o Cearense\",\"description\":\"H\u00e1 mais de 45 anos no mercado brasileiro do a\u00e7o.\",\"alternateName\":\"A\u00e7o Cearense\",\"potentialAction\":[{\"@type\":\"SearchAction\",\"target\":{\"@type\":\"EntryPoint\",\"urlTemplate\":\"https:\/\/previews.elleven.digital\/acocearense\/?s={search_term_string}\"},\"query-input\":{\"@type\":\"PropertyValueSpecification\",\"valueRequired\":true,\"valueName\":\"search_term_string\"}}],\"inLanguage\":\"pt-BR\"}]}<\/script>\n<!-- \/ Yoast SEO plugin. -->","yoast_head_json":{"title":"Cases de sucesso do Grupo A\u00e7o Cearense s\u00e3o apresentados em evento de sustentabilidade - Grupo A\u00e7o Cearense","robots":{"index":"index","follow":"follow","max-snippet":"max-snippet:-1","max-image-preview":"max-image-preview:large","max-video-preview":"max-video-preview:-1"},"canonical":"https:\/\/previews.elleven.digital\/acocearense\/noticia\/cases-de-sucesso-do-grupo-aco-cearense-sao-apresentados-em-evento-de-sustentabilidade\/","og_locale":"pt_BR","og_type":"article","og_title":"Cases de sucesso do Grupo A\u00e7o Cearense s\u00e3o apresentados em evento de sustentabilidade - Grupo A\u00e7o Cearense","og_description":"Trocar experi\u00eancias sobre a\u00e7\u00f5es de desenvolvimento sustent\u00e1vel \u00e9 uma pr\u00e1tica que a sociedade precisa vivenciar(...)","og_url":"https:\/\/previews.elleven.digital\/acocearense\/noticia\/cases-de-sucesso-do-grupo-aco-cearense-sao-apresentados-em-evento-de-sustentabilidade\/","og_site_name":"Grupo A\u00e7o Cearense","article_modified_time":"2025-05-07T18:11:53+00:00","og_image":[{"width":383,"height":266,"url":"https:\/\/previews.elleven.digital\/acocearense\/wp-content\/uploads\/2025\/05\/gac-1.png","type":"image\/png"}],"twitter_card":"summary_large_image","twitter_misc":{"Est. tempo de leitura":"2 minutos"},"schema":{"@context":"https:\/\/schema.org","@graph":[{"@type":"WebPage","@id":"https:\/\/previews.elleven.digital\/acocearense\/noticia\/cases-de-sucesso-do-grupo-aco-cearense-sao-apresentados-em-evento-de-sustentabilidade\/","url":"https:\/\/previews.elleven.digital\/acocearense\/noticia\/cases-de-sucesso-do-grupo-aco-cearense-sao-apresentados-em-evento-de-sustentabilidade\/","name":"Cases de sucesso do Grupo A\u00e7o Cearense s\u00e3o apresentados em evento de sustentabilidade - Grupo A\u00e7o Cearense","isPartOf":{"@id":"https:\/\/previews.elleven.digital\/acocearense\/#website"},"primaryImageOfPage":{"@id":"https:\/\/previews.elleven.digital\/acocearense\/noticia\/cases-de-sucesso-do-grupo-aco-cearense-sao-apresentados-em-evento-de-sustentabilidade\/#primaryimage"},"image":{"@id":"https:\/\/previews.elleven.digital\/acocearense\/noticia\/cases-de-sucesso-do-grupo-aco-cearense-sao-apresentados-em-evento-de-sustentabilidade\/#primaryimage"},"thumbnailUrl":"https:\/\/previews.elleven.digital\/acocearense\/wp-content\/uploads\/2025\/05\/gac-1.png","datePublished":"2019-04-11T18:11:06+00:00","dateModified":"2025-05-07T18:11:53+00:00","breadcrumb":{"@id":"https:\/\/previews.elleven.digital\/acocearense\/noticia\/cases-de-sucesso-do-grupo-aco-cearense-sao-apresentados-em-evento-de-sustentabilidade\/#breadcrumb"},"inLanguage":"pt-BR","potentialAction":[{"@type":"ReadAction","target":["https:\/\/previews.elleven.digital\/acocearense\/noticia\/cases-de-sucesso-do-grupo-aco-cearense-sao-apresentados-em-evento-de-sustentabilidade\/"]}]},{"@type":"ImageObject","inLanguage":"pt-BR","@id":"https:\/\/previews.elleven.digital\/acocearense\/noticia\/cases-de-sucesso-do-grupo-aco-cearense-sao-apresentados-em-evento-de-sustentabilidade\/#primaryimage","url":"https:\/\/previews.elleven.digital\/acocearense\/wp-content\/uploads\/2025\/05\/gac-1.png","contentUrl":"https:\/\/previews.elleven.digital\/acocearense\/wp-content\/uploads\/2025\/05\/gac-1.png","width":383,"height":266},{"@type":"BreadcrumbList","@id":"https:\/\/previews.elleven.digital\/acocearense\/noticia\/cases-de-sucesso-do-grupo-aco-cearense-sao-apresentados-em-evento-de-sustentabilidade\/#breadcrumb","itemListElement":[{"@type":"ListItem","position":1,"name":"In\u00edcio","item":"https:\/\/previews.elleven.digital\/acocearense\/"},{"@type":"ListItem","position":2,"name":"Not\u00edcias","item":"https:\/\/previews.elleven.digital\/acocearense\/noticias\/"},{"@type":"ListItem","position":3,"name":"Cases de sucesso do Grupo A\u00e7o Cearense s\u00e3o apresentados em evento de sustentabilidade"}]},{"@type":"WebSite","@id":"https:\/\/previews.elleven.digital\/acocearense\/#website","url":"https:\/\/previews.elleven.digital\/acocearense\/","name":"A\u00e7o Cearense","description":"H\u00e1 mais de 45 anos no mercado brasileiro do a\u00e7o.","alternateName":"A\u00e7o Cearense","potentialAction":[{"@type":"SearchAction","target":{"@type":"EntryPoint","urlTemplate":"https:\/\/previews.elleven.digital\/acocearense\/?s={search_term_string}"},"query-input":{"@type":"PropertyValueSpecification","valueRequired":true,"valueName":"search_term_string"}}],"inLanguage":"pt-BR"}]}},"_links":{"self":[{"href":"https:\/\/previews.elleven.digital\/acocearense\/wp-json\/wp\/v2\/noticia\/1827","targetHints":{"allow":["GET"]}}],"collection":[{"href":"https:\/\/previews.elleven.digital\/acocearense\/wp-json\/wp\/v2\/noticia"}],"about":[{"href":"https:\/\/previews.elleven.digital\/acocearense\/wp-json\/wp\/v2\/types\/noticia"}],"wp:featuredmedia":[{"embeddable":true,"href":"https:\/\/previews.elleven.digital\/acocearense\/wp-json\/wp\/v2\/media\/1820"}],"wp:attachment":[{"href":"https:\/\/previews.elleven.digital\/acocearense\/wp-json\/wp\/v2\/media?parent=1827"}],"wp:term":[{"taxonomy":"categoria-noticia","embeddable":true,"href":"https:\/\/previews.elleven.digital\/acocearense\/wp-json\/wp\/v2\/categoria-noticia?post=1827"}],"curies":[{"name":"wp","href":"https:\/\/api.w.org\/{rel}","templated":true}]}}