{"id":1825,"date":"2019-04-08T15:10:27","date_gmt":"2019-04-08T18:10:27","guid":{"rendered":"https:\/\/previews.elleven.digital\/acocearense\/?post_type=noticia&#038;p=1825"},"modified":"2025-05-07T15:11:03","modified_gmt":"2025-05-07T18:11:03","slug":"grupo-aco-cearense-sedia-5o-encontro-do-comite-de-seguranca-do-trabalho-do-instituto-aco-brasil","status":"publish","type":"noticia","link":"https:\/\/previews.elleven.digital\/acocearense\/noticia\/grupo-aco-cearense-sedia-5o-encontro-do-comite-de-seguranca-do-trabalho-do-instituto-aco-brasil\/","title":{"rendered":"Grupo A\u00e7o Cearense sedia 5\u00ba Encontro do Comit\u00ea de Seguran\u00e7a do Trabalho do Instituto A\u00e7o Brasil"},"content":{"rendered":"<p>O Grupo A\u00e7o Cearense, juntamente com a Companhia Sider\u00fargica do Pec\u00e9m \u2013 CSP, sediou o Encontro do Comit\u00ea de Seguran\u00e7a do Trabalho do Instituto A\u00e7o Brasil. A programa\u00e7\u00e3o foi realizada durantes os dias 03, 04 e 05 de abril para gestores de seguran\u00e7a do trabalho de grandes ind\u00fastrias sider\u00fargicas brasileiras associadas ao A\u00e7o Brasil.<\/p>\n<p>Com o objetivo de compartilhar informa\u00e7\u00f5es, conhecimento, boas pr\u00e1ticas e procedimentos para contribuir com a melhoria das \u00e1reas de seguran\u00e7a do trabalho das empresas participantes, a programa\u00e7\u00e3o do Encontro contou com visita \u00e0s plantas das ind\u00fastrias, estudo de modelos de gest\u00e3o de seguran\u00e7a e palestra com o tema \u201cEscale seu Everest com seguran\u00e7a\u201d, com Rosier Alexandre.<br \/>\nDe acordo com Paulo Novais, da Aperam, o Encontro \u00e9 um grande momento para compartilhar boas pr\u00e1ticas e aprender com as empresas participantes.<\/p>\n<p>\u201cO mais importante para mim \u00e9 o compartilhamento de experi\u00eancias, pois quando falamos de seguran\u00e7a, n\u00e3o somos concorrentes e sim parceiros. A programa\u00e7\u00e3o superou as expectativas, com assuntos bem debatidos e a vontade de contribui\u00e7\u00e3o de cada um\u201d, explica Paulo.<\/p>\n<h3>Empresas que participaram deste momento t\u00e3o importante:<\/h3>\n<p>As empresas representadas pelo Comit\u00ea s\u00e3o a SINOBRAS (empresa do Grupo A\u00e7o Cearense), Usiminas, Gerdau, Aperam, CSP, Ternium, ArcelorMittal Tubar\u00e3o, Vallourec e Villares Metals.<\/p>\n<p><img loading=\"lazy\" decoding=\"async\" class=\"size-full wp-image-4878 aligncenter\" src=\"https:\/\/grupoacocearense.com.br\/wp-content\/uploads\/2019\/04\/A%C3%A7o-1.png\" alt=\"\" width=\"400\" height=\"300\" \/><img loading=\"lazy\" decoding=\"async\" class=\"wp-image-4879 aligncenter\" src=\"https:\/\/grupoacocearense.com.br\/wp-content\/uploads\/2019\/04\/A%C3%A7o-2.png\" alt=\"\" width=\"339\" height=\"254\" \/><\/p>\n","protected":false},"featured_media":1820,"template":"","meta":{"_acf_changed":false,"inline_featured_image":false},"categoria-noticia":[],"class_list":["post-1825","noticia","type-noticia","status-publish","has-post-thumbnail","hentry"],"acf":{"link":""},"yoast_head":"<!-- This site is optimized with the Yoast SEO plugin v25.9 - https:\/\/yoast.com\/wordpress\/plugins\/seo\/ -->\n<title>Grupo A\u00e7o Cearense sedia 5\u00ba Encontro do Comit\u00ea de Seguran\u00e7a do Trabalho do Instituto A\u00e7o Brasil - Grupo A\u00e7o Cearense<\/title>\n<meta name=\"robots\" content=\"index, follow, max-snippet:-1, max-image-preview:large, max-video-preview:-1\" \/>\n<link rel=\"canonical\" href=\"https:\/\/previews.elleven.digital\/acocearense\/noticia\/grupo-aco-cearense-sedia-5o-encontro-do-comite-de-seguranca-do-trabalho-do-instituto-aco-brasil\/\" \/>\n<meta property=\"og:locale\" content=\"pt_BR\" \/>\n<meta property=\"og:type\" content=\"article\" \/>\n<meta property=\"og:title\" content=\"Grupo A\u00e7o Cearense sedia 5\u00ba Encontro do Comit\u00ea de Seguran\u00e7a do Trabalho do Instituto A\u00e7o Brasil - Grupo A\u00e7o Cearense\" \/>\n<meta property=\"og:description\" content=\"O Grupo A\u00e7o Cearense, juntamente com a Companhia Sider\u00fargica do Pec\u00e9m \u2013 CSP, sediou o(...)\" \/>\n<meta property=\"og:url\" content=\"https:\/\/previews.elleven.digital\/acocearense\/noticia\/grupo-aco-cearense-sedia-5o-encontro-do-comite-de-seguranca-do-trabalho-do-instituto-aco-brasil\/\" \/>\n<meta property=\"og:site_name\" content=\"Grupo A\u00e7o Cearense\" \/>\n<meta property=\"article:modified_time\" content=\"2025-05-07T18:11:03+00:00\" \/>\n<meta property=\"og:image\" content=\"https:\/\/previews.elleven.digital\/acocearense\/wp-content\/uploads\/2025\/05\/gac-1.png\" \/>\n\t<meta property=\"og:image:width\" content=\"383\" \/>\n\t<meta property=\"og:image:height\" content=\"266\" \/>\n\t<meta property=\"og:image:type\" content=\"image\/png\" \/>\n<meta name=\"twitter:card\" content=\"summary_large_image\" \/>\n<meta name=\"twitter:label1\" content=\"Est. tempo de leitura\" \/>\n\t<meta name=\"twitter:data1\" content=\"2 minutos\" \/>\n<script type=\"application\/ld+json\" class=\"yoast-schema-graph\">{\"@context\":\"https:\/\/schema.org\",\"@graph\":[{\"@type\":\"WebPage\",\"@id\":\"https:\/\/previews.elleven.digital\/acocearense\/noticia\/grupo-aco-cearense-sedia-5o-encontro-do-comite-de-seguranca-do-trabalho-do-instituto-aco-brasil\/\",\"url\":\"https:\/\/previews.elleven.digital\/acocearense\/noticia\/grupo-aco-cearense-sedia-5o-encontro-do-comite-de-seguranca-do-trabalho-do-instituto-aco-brasil\/\",\"name\":\"Grupo A\u00e7o Cearense sedia 5\u00ba Encontro do Comit\u00ea de Seguran\u00e7a do Trabalho do Instituto A\u00e7o Brasil - Grupo A\u00e7o Cearense\",\"isPartOf\":{\"@id\":\"https:\/\/previews.elleven.digital\/acocearense\/#website\"},\"primaryImageOfPage\":{\"@id\":\"https:\/\/previews.elleven.digital\/acocearense\/noticia\/grupo-aco-cearense-sedia-5o-encontro-do-comite-de-seguranca-do-trabalho-do-instituto-aco-brasil\/#primaryimage\"},\"image\":{\"@id\":\"https:\/\/previews.elleven.digital\/acocearense\/noticia\/grupo-aco-cearense-sedia-5o-encontro-do-comite-de-seguranca-do-trabalho-do-instituto-aco-brasil\/#primaryimage\"},\"thumbnailUrl\":\"https:\/\/previews.elleven.digital\/acocearense\/wp-content\/uploads\/2025\/05\/gac-1.png\",\"datePublished\":\"2019-04-08T18:10:27+00:00\",\"dateModified\":\"2025-05-07T18:11:03+00:00\",\"breadcrumb\":{\"@id\":\"https:\/\/previews.elleven.digital\/acocearense\/noticia\/grupo-aco-cearense-sedia-5o-encontro-do-comite-de-seguranca-do-trabalho-do-instituto-aco-brasil\/#breadcrumb\"},\"inLanguage\":\"pt-BR\",\"potentialAction\":[{\"@type\":\"ReadAction\",\"target\":[\"https:\/\/previews.elleven.digital\/acocearense\/noticia\/grupo-aco-cearense-sedia-5o-encontro-do-comite-de-seguranca-do-trabalho-do-instituto-aco-brasil\/\"]}]},{\"@type\":\"ImageObject\",\"inLanguage\":\"pt-BR\",\"@id\":\"https:\/\/previews.elleven.digital\/acocearense\/noticia\/grupo-aco-cearense-sedia-5o-encontro-do-comite-de-seguranca-do-trabalho-do-instituto-aco-brasil\/#primaryimage\",\"url\":\"https:\/\/previews.elleven.digital\/acocearense\/wp-content\/uploads\/2025\/05\/gac-1.png\",\"contentUrl\":\"https:\/\/previews.elleven.digital\/acocearense\/wp-content\/uploads\/2025\/05\/gac-1.png\",\"width\":383,\"height\":266},{\"@type\":\"BreadcrumbList\",\"@id\":\"https:\/\/previews.elleven.digital\/acocearense\/noticia\/grupo-aco-cearense-sedia-5o-encontro-do-comite-de-seguranca-do-trabalho-do-instituto-aco-brasil\/#breadcrumb\",\"itemListElement\":[{\"@type\":\"ListItem\",\"position\":1,\"name\":\"In\u00edcio\",\"item\":\"https:\/\/previews.elleven.digital\/acocearense\/\"},{\"@type\":\"ListItem\",\"position\":2,\"name\":\"Not\u00edcias\",\"item\":\"https:\/\/previews.elleven.digital\/acocearense\/noticias\/\"},{\"@type\":\"ListItem\",\"position\":3,\"name\":\"Grupo A\u00e7o Cearense sedia 5\u00ba Encontro do Comit\u00ea de Seguran\u00e7a do Trabalho do Instituto A\u00e7o Brasil\"}]},{\"@type\":\"WebSite\",\"@id\":\"https:\/\/previews.elleven.digital\/acocearense\/#website\",\"url\":\"https:\/\/previews.elleven.digital\/acocearense\/\",\"name\":\"A\u00e7o Cearense\",\"description\":\"H\u00e1 mais de 45 anos no mercado brasileiro do a\u00e7o.\",\"alternateName\":\"A\u00e7o Cearense\",\"potentialAction\":[{\"@type\":\"SearchAction\",\"target\":{\"@type\":\"EntryPoint\",\"urlTemplate\":\"https:\/\/previews.elleven.digital\/acocearense\/?s={search_term_string}\"},\"query-input\":{\"@type\":\"PropertyValueSpecification\",\"valueRequired\":true,\"valueName\":\"search_term_string\"}}],\"inLanguage\":\"pt-BR\"}]}<\/script>\n<!-- \/ Yoast SEO plugin. -->","yoast_head_json":{"title":"Grupo A\u00e7o Cearense sedia 5\u00ba Encontro do Comit\u00ea de Seguran\u00e7a do Trabalho do Instituto A\u00e7o Brasil - Grupo A\u00e7o Cearense","robots":{"index":"index","follow":"follow","max-snippet":"max-snippet:-1","max-image-preview":"max-image-preview:large","max-video-preview":"max-video-preview:-1"},"canonical":"https:\/\/previews.elleven.digital\/acocearense\/noticia\/grupo-aco-cearense-sedia-5o-encontro-do-comite-de-seguranca-do-trabalho-do-instituto-aco-brasil\/","og_locale":"pt_BR","og_type":"article","og_title":"Grupo A\u00e7o Cearense sedia 5\u00ba Encontro do Comit\u00ea de Seguran\u00e7a do Trabalho do Instituto A\u00e7o Brasil - Grupo A\u00e7o Cearense","og_description":"O Grupo A\u00e7o Cearense, juntamente com a Companhia Sider\u00fargica do Pec\u00e9m \u2013 CSP, sediou o(...)","og_url":"https:\/\/previews.elleven.digital\/acocearense\/noticia\/grupo-aco-cearense-sedia-5o-encontro-do-comite-de-seguranca-do-trabalho-do-instituto-aco-brasil\/","og_site_name":"Grupo A\u00e7o Cearense","article_modified_time":"2025-05-07T18:11:03+00:00","og_image":[{"width":383,"height":266,"url":"https:\/\/previews.elleven.digital\/acocearense\/wp-content\/uploads\/2025\/05\/gac-1.png","type":"image\/png"}],"twitter_card":"summary_large_image","twitter_misc":{"Est. tempo de leitura":"2 minutos"},"schema":{"@context":"https:\/\/schema.org","@graph":[{"@type":"WebPage","@id":"https:\/\/previews.elleven.digital\/acocearense\/noticia\/grupo-aco-cearense-sedia-5o-encontro-do-comite-de-seguranca-do-trabalho-do-instituto-aco-brasil\/","url":"https:\/\/previews.elleven.digital\/acocearense\/noticia\/grupo-aco-cearense-sedia-5o-encontro-do-comite-de-seguranca-do-trabalho-do-instituto-aco-brasil\/","name":"Grupo A\u00e7o Cearense sedia 5\u00ba Encontro do Comit\u00ea de Seguran\u00e7a do Trabalho do Instituto A\u00e7o Brasil - Grupo A\u00e7o Cearense","isPartOf":{"@id":"https:\/\/previews.elleven.digital\/acocearense\/#website"},"primaryImageOfPage":{"@id":"https:\/\/previews.elleven.digital\/acocearense\/noticia\/grupo-aco-cearense-sedia-5o-encontro-do-comite-de-seguranca-do-trabalho-do-instituto-aco-brasil\/#primaryimage"},"image":{"@id":"https:\/\/previews.elleven.digital\/acocearense\/noticia\/grupo-aco-cearense-sedia-5o-encontro-do-comite-de-seguranca-do-trabalho-do-instituto-aco-brasil\/#primaryimage"},"thumbnailUrl":"https:\/\/previews.elleven.digital\/acocearense\/wp-content\/uploads\/2025\/05\/gac-1.png","datePublished":"2019-04-08T18:10:27+00:00","dateModified":"2025-05-07T18:11:03+00:00","breadcrumb":{"@id":"https:\/\/previews.elleven.digital\/acocearense\/noticia\/grupo-aco-cearense-sedia-5o-encontro-do-comite-de-seguranca-do-trabalho-do-instituto-aco-brasil\/#breadcrumb"},"inLanguage":"pt-BR","potentialAction":[{"@type":"ReadAction","target":["https:\/\/previews.elleven.digital\/acocearense\/noticia\/grupo-aco-cearense-sedia-5o-encontro-do-comite-de-seguranca-do-trabalho-do-instituto-aco-brasil\/"]}]},{"@type":"ImageObject","inLanguage":"pt-BR","@id":"https:\/\/previews.elleven.digital\/acocearense\/noticia\/grupo-aco-cearense-sedia-5o-encontro-do-comite-de-seguranca-do-trabalho-do-instituto-aco-brasil\/#primaryimage","url":"https:\/\/previews.elleven.digital\/acocearense\/wp-content\/uploads\/2025\/05\/gac-1.png","contentUrl":"https:\/\/previews.elleven.digital\/acocearense\/wp-content\/uploads\/2025\/05\/gac-1.png","width":383,"height":266},{"@type":"BreadcrumbList","@id":"https:\/\/previews.elleven.digital\/acocearense\/noticia\/grupo-aco-cearense-sedia-5o-encontro-do-comite-de-seguranca-do-trabalho-do-instituto-aco-brasil\/#breadcrumb","itemListElement":[{"@type":"ListItem","position":1,"name":"In\u00edcio","item":"https:\/\/previews.elleven.digital\/acocearense\/"},{"@type":"ListItem","position":2,"name":"Not\u00edcias","item":"https:\/\/previews.elleven.digital\/acocearense\/noticias\/"},{"@type":"ListItem","position":3,"name":"Grupo A\u00e7o Cearense sedia 5\u00ba Encontro do Comit\u00ea de Seguran\u00e7a do Trabalho do Instituto A\u00e7o Brasil"}]},{"@type":"WebSite","@id":"https:\/\/previews.elleven.digital\/acocearense\/#website","url":"https:\/\/previews.elleven.digital\/acocearense\/","name":"A\u00e7o Cearense","description":"H\u00e1 mais de 45 anos no mercado brasileiro do a\u00e7o.","alternateName":"A\u00e7o Cearense","potentialAction":[{"@type":"SearchAction","target":{"@type":"EntryPoint","urlTemplate":"https:\/\/previews.elleven.digital\/acocearense\/?s={search_term_string}"},"query-input":{"@type":"PropertyValueSpecification","valueRequired":true,"valueName":"search_term_string"}}],"inLanguage":"pt-BR"}]}},"_links":{"self":[{"href":"https:\/\/previews.elleven.digital\/acocearense\/wp-json\/wp\/v2\/noticia\/1825","targetHints":{"allow":["GET"]}}],"collection":[{"href":"https:\/\/previews.elleven.digital\/acocearense\/wp-json\/wp\/v2\/noticia"}],"about":[{"href":"https:\/\/previews.elleven.digital\/acocearense\/wp-json\/wp\/v2\/types\/noticia"}],"wp:featuredmedia":[{"embeddable":true,"href":"https:\/\/previews.elleven.digital\/acocearense\/wp-json\/wp\/v2\/media\/1820"}],"wp:attachment":[{"href":"https:\/\/previews.elleven.digital\/acocearense\/wp-json\/wp\/v2\/media?parent=1825"}],"wp:term":[{"taxonomy":"categoria-noticia","embeddable":true,"href":"https:\/\/previews.elleven.digital\/acocearense\/wp-json\/wp\/v2\/categoria-noticia?post=1825"}],"curies":[{"name":"wp","href":"https:\/\/api.w.org\/{rel}","templated":true}]}}