{"id":1824,"date":"2019-04-03T15:09:50","date_gmt":"2019-04-03T18:09:50","guid":{"rendered":"https:\/\/previews.elleven.digital\/acocearense\/?post_type=noticia&#038;p=1824"},"modified":"2025-05-07T15:10:23","modified_gmt":"2025-05-07T18:10:23","slug":"jonathan-benvindo-representa-o-brasil-no-campeonato-sulamericano-de-karate-na-bolivia","status":"publish","type":"noticia","link":"https:\/\/previews.elleven.digital\/acocearense\/noticia\/jonathan-benvindo-representa-o-brasil-no-campeonato-sulamericano-de-karate-na-bolivia\/","title":{"rendered":"Jonathan Benvindo representa o Brasil no Campeonato Sulamericano de Karat\u00ea na Bol\u00edvia"},"content":{"rendered":"<p>Diretamente de Caucaia para o mundo, o atleta cearense Jonathan Benvindo est\u00e1 confirmado como um dos representantes brasileiros no Campeonato Sulamericano de Karat\u00ea, que acontecer\u00e1 no per\u00edodo de 22 a 28 de abril, na Bol\u00edvia. Hoje com quase 17 anos, o atleta patrocinado pelo Instituto A\u00e7o Cearense pratica karat\u00ea desde os sete.<\/p>\n<p>Na \u00faltima semana, Jonathan esteve em Bras\u00edlia participando da seletiva nacional, garantindo vaga na Sele\u00e7\u00e3o Brasileira e no Campeonato Sulamericano. Ainda em Bras\u00edlia, competiu tamb\u00e9m pela classifica\u00e7\u00e3o para a final do Campeonato Brasileiro, onde alcan\u00e7ou 1\u00ba lugar, garantindo vaga para representar o Cear\u00e1, em outubro, no Rio Grande do Sul.<\/p>\n<p>Jonathan j\u00e1 contabiliza mais de 200 medalhas em campeonatos estaduais, nacionais e internacionais e faz parte, pela 3\u00aa vez, da Sele\u00e7\u00e3o Brasileira de Karat\u00ea na Categoria J\u00fanior \u2013 55k. Para sua m\u00e3e, Val\u00e9ria Benvindo, todo o esfor\u00e7o est\u00e1 sendo compensado. \u201cO Jonathan treina desde crian\u00e7a e agora est\u00e1 colhendo os frutos do seu esfor\u00e7o. Gra\u00e7as a Deus temos o apoio do Instituto A\u00e7o Cearense para ajudar a transformar esse esfor\u00e7o em realidade, pois a institui\u00e7\u00e3o \u00e9 a \u00fanica patrocinadora dele e sem esse apoio, nada disso seria poss\u00edvel\u201d, orgulha-se a m\u00e3e.<\/p>\n","protected":false},"featured_media":1817,"template":"","meta":{"_acf_changed":false,"inline_featured_image":false},"categoria-noticia":[],"class_list":["post-1824","noticia","type-noticia","status-publish","has-post-thumbnail","hentry"],"acf":{"link":""},"yoast_head":"<!-- This site is optimized with the Yoast SEO plugin v25.9 - https:\/\/yoast.com\/wordpress\/plugins\/seo\/ -->\n<title>Jonathan Benvindo representa o Brasil no Campeonato Sulamericano de Karat\u00ea na Bol\u00edvia - Grupo A\u00e7o Cearense<\/title>\n<meta name=\"robots\" content=\"index, follow, max-snippet:-1, max-image-preview:large, max-video-preview:-1\" \/>\n<link rel=\"canonical\" href=\"https:\/\/previews.elleven.digital\/acocearense\/noticia\/jonathan-benvindo-representa-o-brasil-no-campeonato-sulamericano-de-karate-na-bolivia\/\" \/>\n<meta property=\"og:locale\" content=\"pt_BR\" \/>\n<meta property=\"og:type\" content=\"article\" \/>\n<meta property=\"og:title\" content=\"Jonathan Benvindo representa o Brasil no Campeonato Sulamericano de Karat\u00ea na Bol\u00edvia - Grupo A\u00e7o Cearense\" \/>\n<meta property=\"og:description\" content=\"Diretamente de Caucaia para o mundo, o atleta cearense Jonathan Benvindo est\u00e1 confirmado como um(...)\" \/>\n<meta property=\"og:url\" content=\"https:\/\/previews.elleven.digital\/acocearense\/noticia\/jonathan-benvindo-representa-o-brasil-no-campeonato-sulamericano-de-karate-na-bolivia\/\" \/>\n<meta property=\"og:site_name\" content=\"Grupo A\u00e7o Cearense\" \/>\n<meta property=\"article:modified_time\" content=\"2025-05-07T18:10:23+00:00\" \/>\n<meta property=\"og:image\" content=\"https:\/\/previews.elleven.digital\/acocearense\/wp-content\/uploads\/2025\/05\/Jonathan-Benvindo.png\" \/>\n\t<meta property=\"og:image:width\" content=\"400\" \/>\n\t<meta property=\"og:image:height\" content=\"300\" \/>\n\t<meta property=\"og:image:type\" content=\"image\/png\" \/>\n<meta name=\"twitter:card\" content=\"summary_large_image\" \/>\n<meta name=\"twitter:label1\" content=\"Est. tempo de leitura\" \/>\n\t<meta name=\"twitter:data1\" content=\"2 minutos\" \/>\n<script type=\"application\/ld+json\" class=\"yoast-schema-graph\">{\"@context\":\"https:\/\/schema.org\",\"@graph\":[{\"@type\":\"WebPage\",\"@id\":\"https:\/\/previews.elleven.digital\/acocearense\/noticia\/jonathan-benvindo-representa-o-brasil-no-campeonato-sulamericano-de-karate-na-bolivia\/\",\"url\":\"https:\/\/previews.elleven.digital\/acocearense\/noticia\/jonathan-benvindo-representa-o-brasil-no-campeonato-sulamericano-de-karate-na-bolivia\/\",\"name\":\"Jonathan Benvindo representa o Brasil no Campeonato Sulamericano de Karat\u00ea na Bol\u00edvia - Grupo A\u00e7o Cearense\",\"isPartOf\":{\"@id\":\"https:\/\/previews.elleven.digital\/acocearense\/#website\"},\"primaryImageOfPage\":{\"@id\":\"https:\/\/previews.elleven.digital\/acocearense\/noticia\/jonathan-benvindo-representa-o-brasil-no-campeonato-sulamericano-de-karate-na-bolivia\/#primaryimage\"},\"image\":{\"@id\":\"https:\/\/previews.elleven.digital\/acocearense\/noticia\/jonathan-benvindo-representa-o-brasil-no-campeonato-sulamericano-de-karate-na-bolivia\/#primaryimage\"},\"thumbnailUrl\":\"https:\/\/previews.elleven.digital\/acocearense\/wp-content\/uploads\/2025\/05\/Jonathan-Benvindo.png\",\"datePublished\":\"2019-04-03T18:09:50+00:00\",\"dateModified\":\"2025-05-07T18:10:23+00:00\",\"breadcrumb\":{\"@id\":\"https:\/\/previews.elleven.digital\/acocearense\/noticia\/jonathan-benvindo-representa-o-brasil-no-campeonato-sulamericano-de-karate-na-bolivia\/#breadcrumb\"},\"inLanguage\":\"pt-BR\",\"potentialAction\":[{\"@type\":\"ReadAction\",\"target\":[\"https:\/\/previews.elleven.digital\/acocearense\/noticia\/jonathan-benvindo-representa-o-brasil-no-campeonato-sulamericano-de-karate-na-bolivia\/\"]}]},{\"@type\":\"ImageObject\",\"inLanguage\":\"pt-BR\",\"@id\":\"https:\/\/previews.elleven.digital\/acocearense\/noticia\/jonathan-benvindo-representa-o-brasil-no-campeonato-sulamericano-de-karate-na-bolivia\/#primaryimage\",\"url\":\"https:\/\/previews.elleven.digital\/acocearense\/wp-content\/uploads\/2025\/05\/Jonathan-Benvindo.png\",\"contentUrl\":\"https:\/\/previews.elleven.digital\/acocearense\/wp-content\/uploads\/2025\/05\/Jonathan-Benvindo.png\",\"width\":400,\"height\":300},{\"@type\":\"BreadcrumbList\",\"@id\":\"https:\/\/previews.elleven.digital\/acocearense\/noticia\/jonathan-benvindo-representa-o-brasil-no-campeonato-sulamericano-de-karate-na-bolivia\/#breadcrumb\",\"itemListElement\":[{\"@type\":\"ListItem\",\"position\":1,\"name\":\"In\u00edcio\",\"item\":\"https:\/\/previews.elleven.digital\/acocearense\/\"},{\"@type\":\"ListItem\",\"position\":2,\"name\":\"Not\u00edcias\",\"item\":\"https:\/\/previews.elleven.digital\/acocearense\/noticias\/\"},{\"@type\":\"ListItem\",\"position\":3,\"name\":\"Jonathan Benvindo representa o Brasil no Campeonato Sulamericano de Karat\u00ea na Bol\u00edvia\"}]},{\"@type\":\"WebSite\",\"@id\":\"https:\/\/previews.elleven.digital\/acocearense\/#website\",\"url\":\"https:\/\/previews.elleven.digital\/acocearense\/\",\"name\":\"A\u00e7o Cearense\",\"description\":\"H\u00e1 mais de 45 anos no mercado brasileiro do a\u00e7o.\",\"alternateName\":\"A\u00e7o Cearense\",\"potentialAction\":[{\"@type\":\"SearchAction\",\"target\":{\"@type\":\"EntryPoint\",\"urlTemplate\":\"https:\/\/previews.elleven.digital\/acocearense\/?s={search_term_string}\"},\"query-input\":{\"@type\":\"PropertyValueSpecification\",\"valueRequired\":true,\"valueName\":\"search_term_string\"}}],\"inLanguage\":\"pt-BR\"}]}<\/script>\n<!-- \/ Yoast SEO plugin. -->","yoast_head_json":{"title":"Jonathan Benvindo representa o Brasil no Campeonato Sulamericano de Karat\u00ea na Bol\u00edvia - Grupo A\u00e7o Cearense","robots":{"index":"index","follow":"follow","max-snippet":"max-snippet:-1","max-image-preview":"max-image-preview:large","max-video-preview":"max-video-preview:-1"},"canonical":"https:\/\/previews.elleven.digital\/acocearense\/noticia\/jonathan-benvindo-representa-o-brasil-no-campeonato-sulamericano-de-karate-na-bolivia\/","og_locale":"pt_BR","og_type":"article","og_title":"Jonathan Benvindo representa o Brasil no Campeonato Sulamericano de Karat\u00ea na Bol\u00edvia - Grupo A\u00e7o Cearense","og_description":"Diretamente de Caucaia para o mundo, o atleta cearense Jonathan Benvindo est\u00e1 confirmado como um(...)","og_url":"https:\/\/previews.elleven.digital\/acocearense\/noticia\/jonathan-benvindo-representa-o-brasil-no-campeonato-sulamericano-de-karate-na-bolivia\/","og_site_name":"Grupo A\u00e7o Cearense","article_modified_time":"2025-05-07T18:10:23+00:00","og_image":[{"width":400,"height":300,"url":"https:\/\/previews.elleven.digital\/acocearense\/wp-content\/uploads\/2025\/05\/Jonathan-Benvindo.png","type":"image\/png"}],"twitter_card":"summary_large_image","twitter_misc":{"Est. tempo de leitura":"2 minutos"},"schema":{"@context":"https:\/\/schema.org","@graph":[{"@type":"WebPage","@id":"https:\/\/previews.elleven.digital\/acocearense\/noticia\/jonathan-benvindo-representa-o-brasil-no-campeonato-sulamericano-de-karate-na-bolivia\/","url":"https:\/\/previews.elleven.digital\/acocearense\/noticia\/jonathan-benvindo-representa-o-brasil-no-campeonato-sulamericano-de-karate-na-bolivia\/","name":"Jonathan Benvindo representa o Brasil no Campeonato Sulamericano de Karat\u00ea na Bol\u00edvia - Grupo A\u00e7o Cearense","isPartOf":{"@id":"https:\/\/previews.elleven.digital\/acocearense\/#website"},"primaryImageOfPage":{"@id":"https:\/\/previews.elleven.digital\/acocearense\/noticia\/jonathan-benvindo-representa-o-brasil-no-campeonato-sulamericano-de-karate-na-bolivia\/#primaryimage"},"image":{"@id":"https:\/\/previews.elleven.digital\/acocearense\/noticia\/jonathan-benvindo-representa-o-brasil-no-campeonato-sulamericano-de-karate-na-bolivia\/#primaryimage"},"thumbnailUrl":"https:\/\/previews.elleven.digital\/acocearense\/wp-content\/uploads\/2025\/05\/Jonathan-Benvindo.png","datePublished":"2019-04-03T18:09:50+00:00","dateModified":"2025-05-07T18:10:23+00:00","breadcrumb":{"@id":"https:\/\/previews.elleven.digital\/acocearense\/noticia\/jonathan-benvindo-representa-o-brasil-no-campeonato-sulamericano-de-karate-na-bolivia\/#breadcrumb"},"inLanguage":"pt-BR","potentialAction":[{"@type":"ReadAction","target":["https:\/\/previews.elleven.digital\/acocearense\/noticia\/jonathan-benvindo-representa-o-brasil-no-campeonato-sulamericano-de-karate-na-bolivia\/"]}]},{"@type":"ImageObject","inLanguage":"pt-BR","@id":"https:\/\/previews.elleven.digital\/acocearense\/noticia\/jonathan-benvindo-representa-o-brasil-no-campeonato-sulamericano-de-karate-na-bolivia\/#primaryimage","url":"https:\/\/previews.elleven.digital\/acocearense\/wp-content\/uploads\/2025\/05\/Jonathan-Benvindo.png","contentUrl":"https:\/\/previews.elleven.digital\/acocearense\/wp-content\/uploads\/2025\/05\/Jonathan-Benvindo.png","width":400,"height":300},{"@type":"BreadcrumbList","@id":"https:\/\/previews.elleven.digital\/acocearense\/noticia\/jonathan-benvindo-representa-o-brasil-no-campeonato-sulamericano-de-karate-na-bolivia\/#breadcrumb","itemListElement":[{"@type":"ListItem","position":1,"name":"In\u00edcio","item":"https:\/\/previews.elleven.digital\/acocearense\/"},{"@type":"ListItem","position":2,"name":"Not\u00edcias","item":"https:\/\/previews.elleven.digital\/acocearense\/noticias\/"},{"@type":"ListItem","position":3,"name":"Jonathan Benvindo representa o Brasil no Campeonato Sulamericano de Karat\u00ea na Bol\u00edvia"}]},{"@type":"WebSite","@id":"https:\/\/previews.elleven.digital\/acocearense\/#website","url":"https:\/\/previews.elleven.digital\/acocearense\/","name":"A\u00e7o Cearense","description":"H\u00e1 mais de 45 anos no mercado brasileiro do a\u00e7o.","alternateName":"A\u00e7o Cearense","potentialAction":[{"@type":"SearchAction","target":{"@type":"EntryPoint","urlTemplate":"https:\/\/previews.elleven.digital\/acocearense\/?s={search_term_string}"},"query-input":{"@type":"PropertyValueSpecification","valueRequired":true,"valueName":"search_term_string"}}],"inLanguage":"pt-BR"}]}},"_links":{"self":[{"href":"https:\/\/previews.elleven.digital\/acocearense\/wp-json\/wp\/v2\/noticia\/1824","targetHints":{"allow":["GET"]}}],"collection":[{"href":"https:\/\/previews.elleven.digital\/acocearense\/wp-json\/wp\/v2\/noticia"}],"about":[{"href":"https:\/\/previews.elleven.digital\/acocearense\/wp-json\/wp\/v2\/types\/noticia"}],"wp:featuredmedia":[{"embeddable":true,"href":"https:\/\/previews.elleven.digital\/acocearense\/wp-json\/wp\/v2\/media\/1817"}],"wp:attachment":[{"href":"https:\/\/previews.elleven.digital\/acocearense\/wp-json\/wp\/v2\/media?parent=1824"}],"wp:term":[{"taxonomy":"categoria-noticia","embeddable":true,"href":"https:\/\/previews.elleven.digital\/acocearense\/wp-json\/wp\/v2\/categoria-noticia?post=1824"}],"curies":[{"name":"wp","href":"https:\/\/api.w.org\/{rel}","templated":true}]}}