{"id":1823,"date":"2019-03-08T15:09:23","date_gmt":"2019-03-08T18:09:23","guid":{"rendered":"https:\/\/previews.elleven.digital\/acocearense\/?post_type=noticia&#038;p=1823"},"modified":"2025-05-07T15:09:46","modified_gmt":"2025-05-07T18:09:46","slug":"com-85-de-colaboradores-homens-grupo-aco-cearense-realiza-palestras-sobre-violencia-contra-a-mulher-na-semana-da-mulher","status":"publish","type":"noticia","link":"https:\/\/previews.elleven.digital\/acocearense\/noticia\/com-85-de-colaboradores-homens-grupo-aco-cearense-realiza-palestras-sobre-violencia-contra-a-mulher-na-semana-da-mulher\/","title":{"rendered":"Com 85% de colaboradores homens, Grupo A\u00e7o Cearense realiza palestras sobre viol\u00eancia contra a mulher na Semana da Mulher"},"content":{"rendered":"<p>Com cartazes, mensagens sobre a viol\u00eancia contra a mulher, relacionamento abusivo e a realiza\u00e7\u00e3o de palestra sobre \u201cO que \u00e9 feminismo e qual o seu papel na sociedade\u201d, o Grupo A\u00e7o Cearense realiza uma campanha em refer\u00eancia ao Dia Internacional da Mulher (8 de mar\u00e7o), para comemorar a data de uma forma diferente, levando conhecimento e apoiando uma causa t\u00e3o importante.<\/p>\n<p>Com um p\u00fablico industrial formado por 85% de colaboradores do sexo masculino, o Grupo entende que \u00e9 fundamental abordar o respeito \u00e0s mulheres e \u00e0s causas femininas. Assim, no dia 7 de mar\u00e7o, \u00e0s 16h, a palestrante Ana Karina Cavalcante, feminista e professora de Hist\u00f3ria, conversar\u00e1 com os colaboradores da A\u00e7o Cearense Comercial. No dia 8 de mar\u00e7o, \u00e0s 6h30 e 14h, ser\u00e1 a vez da A\u00e7o Cearense Industrial receber a palestrante Raquel Vieira, feminista e assistente social, para falar sobre tem\u00e1ticas ligadas \u00e0s mulheres. As duas unidades est\u00e3o localizadas em Fortaleza.<\/p>\n<p>A SINOBRAS e a SINOBRAS Florestal, empresas do grupo nos estados do Par\u00e1 e do Tocantins, tamb\u00e9m ter\u00e3o eventos semelhantes no dia 8 de mar\u00e7o para seus colaboradores, com as palestrantes Tayann\u00e1 Santos e Elizabeth Costa, respectivamente.<\/p>\n","protected":false},"featured_media":1818,"template":"","meta":{"_acf_changed":false,"inline_featured_image":false},"categoria-noticia":[],"class_list":["post-1823","noticia","type-noticia","status-publish","has-post-thumbnail","hentry"],"acf":{"link":""},"yoast_head":"<!-- This site is optimized with the Yoast SEO plugin v25.9 - https:\/\/yoast.com\/wordpress\/plugins\/seo\/ -->\n<title>Com 85% de colaboradores homens, Grupo A\u00e7o Cearense realiza palestras sobre viol\u00eancia contra a mulher na Semana da Mulher - Grupo A\u00e7o Cearense<\/title>\n<meta name=\"robots\" content=\"index, follow, max-snippet:-1, max-image-preview:large, max-video-preview:-1\" \/>\n<link rel=\"canonical\" href=\"https:\/\/previews.elleven.digital\/acocearense\/noticia\/com-85-de-colaboradores-homens-grupo-aco-cearense-realiza-palestras-sobre-violencia-contra-a-mulher-na-semana-da-mulher\/\" \/>\n<meta property=\"og:locale\" content=\"pt_BR\" \/>\n<meta property=\"og:type\" content=\"article\" \/>\n<meta property=\"og:title\" content=\"Com 85% de colaboradores homens, Grupo A\u00e7o Cearense realiza palestras sobre viol\u00eancia contra a mulher na Semana da Mulher - Grupo A\u00e7o Cearense\" \/>\n<meta property=\"og:description\" content=\"Com cartazes, mensagens sobre a viol\u00eancia contra a mulher, relacionamento abusivo e a realiza\u00e7\u00e3o de(...)\" \/>\n<meta property=\"og:url\" content=\"https:\/\/previews.elleven.digital\/acocearense\/noticia\/com-85-de-colaboradores-homens-grupo-aco-cearense-realiza-palestras-sobre-violencia-contra-a-mulher-na-semana-da-mulher\/\" \/>\n<meta property=\"og:site_name\" content=\"Grupo A\u00e7o Cearense\" \/>\n<meta property=\"article:modified_time\" content=\"2025-05-07T18:09:46+00:00\" \/>\n<meta property=\"og:image\" content=\"https:\/\/previews.elleven.digital\/acocearense\/wp-content\/uploads\/2025\/05\/mulheres.png\" \/>\n\t<meta property=\"og:image:width\" content=\"400\" \/>\n\t<meta property=\"og:image:height\" content=\"300\" \/>\n\t<meta property=\"og:image:type\" content=\"image\/png\" \/>\n<meta name=\"twitter:card\" content=\"summary_large_image\" \/>\n<meta name=\"twitter:label1\" content=\"Est. tempo de leitura\" \/>\n\t<meta name=\"twitter:data1\" content=\"1 minuto\" \/>\n<script type=\"application\/ld+json\" class=\"yoast-schema-graph\">{\"@context\":\"https:\/\/schema.org\",\"@graph\":[{\"@type\":\"WebPage\",\"@id\":\"https:\/\/previews.elleven.digital\/acocearense\/noticia\/com-85-de-colaboradores-homens-grupo-aco-cearense-realiza-palestras-sobre-violencia-contra-a-mulher-na-semana-da-mulher\/\",\"url\":\"https:\/\/previews.elleven.digital\/acocearense\/noticia\/com-85-de-colaboradores-homens-grupo-aco-cearense-realiza-palestras-sobre-violencia-contra-a-mulher-na-semana-da-mulher\/\",\"name\":\"Com 85% de colaboradores homens, Grupo A\u00e7o Cearense realiza palestras sobre viol\u00eancia contra a mulher na Semana da Mulher - Grupo A\u00e7o Cearense\",\"isPartOf\":{\"@id\":\"https:\/\/previews.elleven.digital\/acocearense\/#website\"},\"primaryImageOfPage\":{\"@id\":\"https:\/\/previews.elleven.digital\/acocearense\/noticia\/com-85-de-colaboradores-homens-grupo-aco-cearense-realiza-palestras-sobre-violencia-contra-a-mulher-na-semana-da-mulher\/#primaryimage\"},\"image\":{\"@id\":\"https:\/\/previews.elleven.digital\/acocearense\/noticia\/com-85-de-colaboradores-homens-grupo-aco-cearense-realiza-palestras-sobre-violencia-contra-a-mulher-na-semana-da-mulher\/#primaryimage\"},\"thumbnailUrl\":\"https:\/\/previews.elleven.digital\/acocearense\/wp-content\/uploads\/2025\/05\/mulheres.png\",\"datePublished\":\"2019-03-08T18:09:23+00:00\",\"dateModified\":\"2025-05-07T18:09:46+00:00\",\"breadcrumb\":{\"@id\":\"https:\/\/previews.elleven.digital\/acocearense\/noticia\/com-85-de-colaboradores-homens-grupo-aco-cearense-realiza-palestras-sobre-violencia-contra-a-mulher-na-semana-da-mulher\/#breadcrumb\"},\"inLanguage\":\"pt-BR\",\"potentialAction\":[{\"@type\":\"ReadAction\",\"target\":[\"https:\/\/previews.elleven.digital\/acocearense\/noticia\/com-85-de-colaboradores-homens-grupo-aco-cearense-realiza-palestras-sobre-violencia-contra-a-mulher-na-semana-da-mulher\/\"]}]},{\"@type\":\"ImageObject\",\"inLanguage\":\"pt-BR\",\"@id\":\"https:\/\/previews.elleven.digital\/acocearense\/noticia\/com-85-de-colaboradores-homens-grupo-aco-cearense-realiza-palestras-sobre-violencia-contra-a-mulher-na-semana-da-mulher\/#primaryimage\",\"url\":\"https:\/\/previews.elleven.digital\/acocearense\/wp-content\/uploads\/2025\/05\/mulheres.png\",\"contentUrl\":\"https:\/\/previews.elleven.digital\/acocearense\/wp-content\/uploads\/2025\/05\/mulheres.png\",\"width\":400,\"height\":300},{\"@type\":\"BreadcrumbList\",\"@id\":\"https:\/\/previews.elleven.digital\/acocearense\/noticia\/com-85-de-colaboradores-homens-grupo-aco-cearense-realiza-palestras-sobre-violencia-contra-a-mulher-na-semana-da-mulher\/#breadcrumb\",\"itemListElement\":[{\"@type\":\"ListItem\",\"position\":1,\"name\":\"In\u00edcio\",\"item\":\"https:\/\/previews.elleven.digital\/acocearense\/\"},{\"@type\":\"ListItem\",\"position\":2,\"name\":\"Not\u00edcias\",\"item\":\"https:\/\/previews.elleven.digital\/acocearense\/noticias\/\"},{\"@type\":\"ListItem\",\"position\":3,\"name\":\"Com 85% de colaboradores homens, Grupo A\u00e7o Cearense realiza palestras sobre viol\u00eancia contra a mulher na Semana da Mulher\"}]},{\"@type\":\"WebSite\",\"@id\":\"https:\/\/previews.elleven.digital\/acocearense\/#website\",\"url\":\"https:\/\/previews.elleven.digital\/acocearense\/\",\"name\":\"A\u00e7o Cearense\",\"description\":\"H\u00e1 mais de 45 anos no mercado brasileiro do a\u00e7o.\",\"alternateName\":\"A\u00e7o Cearense\",\"potentialAction\":[{\"@type\":\"SearchAction\",\"target\":{\"@type\":\"EntryPoint\",\"urlTemplate\":\"https:\/\/previews.elleven.digital\/acocearense\/?s={search_term_string}\"},\"query-input\":{\"@type\":\"PropertyValueSpecification\",\"valueRequired\":true,\"valueName\":\"search_term_string\"}}],\"inLanguage\":\"pt-BR\"}]}<\/script>\n<!-- \/ Yoast SEO plugin. -->","yoast_head_json":{"title":"Com 85% de colaboradores homens, Grupo A\u00e7o Cearense realiza palestras sobre viol\u00eancia contra a mulher na Semana da Mulher - Grupo A\u00e7o Cearense","robots":{"index":"index","follow":"follow","max-snippet":"max-snippet:-1","max-image-preview":"max-image-preview:large","max-video-preview":"max-video-preview:-1"},"canonical":"https:\/\/previews.elleven.digital\/acocearense\/noticia\/com-85-de-colaboradores-homens-grupo-aco-cearense-realiza-palestras-sobre-violencia-contra-a-mulher-na-semana-da-mulher\/","og_locale":"pt_BR","og_type":"article","og_title":"Com 85% de colaboradores homens, Grupo A\u00e7o Cearense realiza palestras sobre viol\u00eancia contra a mulher na Semana da Mulher - Grupo A\u00e7o Cearense","og_description":"Com cartazes, mensagens sobre a viol\u00eancia contra a mulher, relacionamento abusivo e a realiza\u00e7\u00e3o de(...)","og_url":"https:\/\/previews.elleven.digital\/acocearense\/noticia\/com-85-de-colaboradores-homens-grupo-aco-cearense-realiza-palestras-sobre-violencia-contra-a-mulher-na-semana-da-mulher\/","og_site_name":"Grupo A\u00e7o Cearense","article_modified_time":"2025-05-07T18:09:46+00:00","og_image":[{"width":400,"height":300,"url":"https:\/\/previews.elleven.digital\/acocearense\/wp-content\/uploads\/2025\/05\/mulheres.png","type":"image\/png"}],"twitter_card":"summary_large_image","twitter_misc":{"Est. tempo de leitura":"1 minuto"},"schema":{"@context":"https:\/\/schema.org","@graph":[{"@type":"WebPage","@id":"https:\/\/previews.elleven.digital\/acocearense\/noticia\/com-85-de-colaboradores-homens-grupo-aco-cearense-realiza-palestras-sobre-violencia-contra-a-mulher-na-semana-da-mulher\/","url":"https:\/\/previews.elleven.digital\/acocearense\/noticia\/com-85-de-colaboradores-homens-grupo-aco-cearense-realiza-palestras-sobre-violencia-contra-a-mulher-na-semana-da-mulher\/","name":"Com 85% de colaboradores homens, Grupo A\u00e7o Cearense realiza palestras sobre viol\u00eancia contra a mulher na Semana da Mulher - Grupo A\u00e7o Cearense","isPartOf":{"@id":"https:\/\/previews.elleven.digital\/acocearense\/#website"},"primaryImageOfPage":{"@id":"https:\/\/previews.elleven.digital\/acocearense\/noticia\/com-85-de-colaboradores-homens-grupo-aco-cearense-realiza-palestras-sobre-violencia-contra-a-mulher-na-semana-da-mulher\/#primaryimage"},"image":{"@id":"https:\/\/previews.elleven.digital\/acocearense\/noticia\/com-85-de-colaboradores-homens-grupo-aco-cearense-realiza-palestras-sobre-violencia-contra-a-mulher-na-semana-da-mulher\/#primaryimage"},"thumbnailUrl":"https:\/\/previews.elleven.digital\/acocearense\/wp-content\/uploads\/2025\/05\/mulheres.png","datePublished":"2019-03-08T18:09:23+00:00","dateModified":"2025-05-07T18:09:46+00:00","breadcrumb":{"@id":"https:\/\/previews.elleven.digital\/acocearense\/noticia\/com-85-de-colaboradores-homens-grupo-aco-cearense-realiza-palestras-sobre-violencia-contra-a-mulher-na-semana-da-mulher\/#breadcrumb"},"inLanguage":"pt-BR","potentialAction":[{"@type":"ReadAction","target":["https:\/\/previews.elleven.digital\/acocearense\/noticia\/com-85-de-colaboradores-homens-grupo-aco-cearense-realiza-palestras-sobre-violencia-contra-a-mulher-na-semana-da-mulher\/"]}]},{"@type":"ImageObject","inLanguage":"pt-BR","@id":"https:\/\/previews.elleven.digital\/acocearense\/noticia\/com-85-de-colaboradores-homens-grupo-aco-cearense-realiza-palestras-sobre-violencia-contra-a-mulher-na-semana-da-mulher\/#primaryimage","url":"https:\/\/previews.elleven.digital\/acocearense\/wp-content\/uploads\/2025\/05\/mulheres.png","contentUrl":"https:\/\/previews.elleven.digital\/acocearense\/wp-content\/uploads\/2025\/05\/mulheres.png","width":400,"height":300},{"@type":"BreadcrumbList","@id":"https:\/\/previews.elleven.digital\/acocearense\/noticia\/com-85-de-colaboradores-homens-grupo-aco-cearense-realiza-palestras-sobre-violencia-contra-a-mulher-na-semana-da-mulher\/#breadcrumb","itemListElement":[{"@type":"ListItem","position":1,"name":"In\u00edcio","item":"https:\/\/previews.elleven.digital\/acocearense\/"},{"@type":"ListItem","position":2,"name":"Not\u00edcias","item":"https:\/\/previews.elleven.digital\/acocearense\/noticias\/"},{"@type":"ListItem","position":3,"name":"Com 85% de colaboradores homens, Grupo A\u00e7o Cearense realiza palestras sobre viol\u00eancia contra a mulher na Semana da Mulher"}]},{"@type":"WebSite","@id":"https:\/\/previews.elleven.digital\/acocearense\/#website","url":"https:\/\/previews.elleven.digital\/acocearense\/","name":"A\u00e7o Cearense","description":"H\u00e1 mais de 45 anos no mercado brasileiro do a\u00e7o.","alternateName":"A\u00e7o Cearense","potentialAction":[{"@type":"SearchAction","target":{"@type":"EntryPoint","urlTemplate":"https:\/\/previews.elleven.digital\/acocearense\/?s={search_term_string}"},"query-input":{"@type":"PropertyValueSpecification","valueRequired":true,"valueName":"search_term_string"}}],"inLanguage":"pt-BR"}]}},"_links":{"self":[{"href":"https:\/\/previews.elleven.digital\/acocearense\/wp-json\/wp\/v2\/noticia\/1823","targetHints":{"allow":["GET"]}}],"collection":[{"href":"https:\/\/previews.elleven.digital\/acocearense\/wp-json\/wp\/v2\/noticia"}],"about":[{"href":"https:\/\/previews.elleven.digital\/acocearense\/wp-json\/wp\/v2\/types\/noticia"}],"wp:featuredmedia":[{"embeddable":true,"href":"https:\/\/previews.elleven.digital\/acocearense\/wp-json\/wp\/v2\/media\/1818"}],"wp:attachment":[{"href":"https:\/\/previews.elleven.digital\/acocearense\/wp-json\/wp\/v2\/media?parent=1823"}],"wp:term":[{"taxonomy":"categoria-noticia","embeddable":true,"href":"https:\/\/previews.elleven.digital\/acocearense\/wp-json\/wp\/v2\/categoria-noticia?post=1823"}],"curies":[{"name":"wp","href":"https:\/\/api.w.org\/{rel}","templated":true}]}}