{"id":1822,"date":"2019-02-25T15:08:57","date_gmt":"2019-02-25T18:08:57","guid":{"rendered":"https:\/\/previews.elleven.digital\/acocearense\/?post_type=noticia&#038;p=1822"},"modified":"2025-05-07T15:09:20","modified_gmt":"2025-05-07T18:09:20","slug":"cearense-gilberto-silva-alcanca-otimos-resultados-na-1a-etapa-da-copa-brasil-de-paraciclismo","status":"publish","type":"noticia","link":"https:\/\/previews.elleven.digital\/acocearense\/noticia\/cearense-gilberto-silva-alcanca-otimos-resultados-na-1a-etapa-da-copa-brasil-de-paraciclismo\/","title":{"rendered":"Cearense Gilberto Silva alcan\u00e7a \u00f3timos resultados na 1\u00aa etapa da Copa Brasil de Paraciclismo"},"content":{"rendered":"<p>O paraciclista cearense Gilberto Silva trouxe novas medalhas para casa. O atleta ganhou segunda e terceira coloca\u00e7\u00f5es em duas provas da Copa Brasil de Paraciclismo, que aconteceram nos dias 23 e 24\/02, em Maring\u00e1 (PR).<\/p>\n<p>A Copa Brasil\u00a0\u00e9 um dos principais eventos do calend\u00e1rio nacional e conta pontos no ranking nacional e internacional. No s\u00e1bado (23), Gilberto foi para Maring\u00e1 com a o apoio do Instituto A\u00e7o Cearense, que j\u00e1 apoia o atleta h\u00e1 nove anos, e alcan\u00e7ou a terceira cola\u00e7\u00e3o na prova contrarrel\u00f3gio e no domingo, chegou em segundo lugar na prova de resist\u00eancia (70km).<\/p>\n<p>Para Gilberto, que j\u00e1 foi campe\u00e3o nacional, cada prova \u00e9 uma supera\u00e7\u00e3o. \u201cO resultado dessa prova foi muito bom, mas ainda quero me superar mais, pois a intens\u00e3o \u00e9 participar de campeonatos internacionais e quem sabe compor a sele\u00e7\u00e3o brasileira. E gra\u00e7as ao Instituto A\u00e7o Cearense, posso participar de provas muito importantes para esse crescimento na minha carreira\u201d, disse o paraciclista.<\/p>\n","protected":false},"featured_media":1819,"template":"","meta":{"_acf_changed":false,"inline_featured_image":false},"categoria-noticia":[],"class_list":["post-1822","noticia","type-noticia","status-publish","has-post-thumbnail","hentry"],"acf":{"link":""},"yoast_head":"<!-- This site is optimized with the Yoast SEO plugin v25.9 - https:\/\/yoast.com\/wordpress\/plugins\/seo\/ -->\n<title>Cearense Gilberto Silva alcan\u00e7a \u00f3timos resultados na 1\u00aa etapa da Copa Brasil de Paraciclismo - Grupo A\u00e7o Cearense<\/title>\n<meta name=\"robots\" content=\"index, follow, max-snippet:-1, max-image-preview:large, max-video-preview:-1\" \/>\n<link rel=\"canonical\" href=\"https:\/\/previews.elleven.digital\/acocearense\/noticia\/cearense-gilberto-silva-alcanca-otimos-resultados-na-1a-etapa-da-copa-brasil-de-paraciclismo\/\" \/>\n<meta property=\"og:locale\" content=\"pt_BR\" \/>\n<meta property=\"og:type\" content=\"article\" \/>\n<meta property=\"og:title\" content=\"Cearense Gilberto Silva alcan\u00e7a \u00f3timos resultados na 1\u00aa etapa da Copa Brasil de Paraciclismo - Grupo A\u00e7o Cearense\" \/>\n<meta property=\"og:description\" content=\"O paraciclista cearense Gilberto Silva trouxe novas medalhas para casa. O atleta ganhou segunda e(...)\" \/>\n<meta property=\"og:url\" content=\"https:\/\/previews.elleven.digital\/acocearense\/noticia\/cearense-gilberto-silva-alcanca-otimos-resultados-na-1a-etapa-da-copa-brasil-de-paraciclismo\/\" \/>\n<meta property=\"og:site_name\" content=\"Grupo A\u00e7o Cearense\" \/>\n<meta property=\"article:modified_time\" content=\"2025-05-07T18:09:20+00:00\" \/>\n<meta property=\"og:image\" content=\"https:\/\/previews.elleven.digital\/acocearense\/wp-content\/uploads\/2025\/05\/Design-sem-nome-25.png\" \/>\n\t<meta property=\"og:image:width\" content=\"400\" \/>\n\t<meta property=\"og:image:height\" content=\"300\" \/>\n\t<meta property=\"og:image:type\" content=\"image\/png\" \/>\n<meta name=\"twitter:card\" content=\"summary_large_image\" \/>\n<meta name=\"twitter:label1\" content=\"Est. tempo de leitura\" \/>\n\t<meta name=\"twitter:data1\" content=\"2 minutos\" \/>\n<script type=\"application\/ld+json\" class=\"yoast-schema-graph\">{\"@context\":\"https:\/\/schema.org\",\"@graph\":[{\"@type\":\"WebPage\",\"@id\":\"https:\/\/previews.elleven.digital\/acocearense\/noticia\/cearense-gilberto-silva-alcanca-otimos-resultados-na-1a-etapa-da-copa-brasil-de-paraciclismo\/\",\"url\":\"https:\/\/previews.elleven.digital\/acocearense\/noticia\/cearense-gilberto-silva-alcanca-otimos-resultados-na-1a-etapa-da-copa-brasil-de-paraciclismo\/\",\"name\":\"Cearense Gilberto Silva alcan\u00e7a \u00f3timos resultados na 1\u00aa etapa da Copa Brasil de Paraciclismo - Grupo A\u00e7o Cearense\",\"isPartOf\":{\"@id\":\"https:\/\/previews.elleven.digital\/acocearense\/#website\"},\"primaryImageOfPage\":{\"@id\":\"https:\/\/previews.elleven.digital\/acocearense\/noticia\/cearense-gilberto-silva-alcanca-otimos-resultados-na-1a-etapa-da-copa-brasil-de-paraciclismo\/#primaryimage\"},\"image\":{\"@id\":\"https:\/\/previews.elleven.digital\/acocearense\/noticia\/cearense-gilberto-silva-alcanca-otimos-resultados-na-1a-etapa-da-copa-brasil-de-paraciclismo\/#primaryimage\"},\"thumbnailUrl\":\"https:\/\/previews.elleven.digital\/acocearense\/wp-content\/uploads\/2025\/05\/Design-sem-nome-25.png\",\"datePublished\":\"2019-02-25T18:08:57+00:00\",\"dateModified\":\"2025-05-07T18:09:20+00:00\",\"breadcrumb\":{\"@id\":\"https:\/\/previews.elleven.digital\/acocearense\/noticia\/cearense-gilberto-silva-alcanca-otimos-resultados-na-1a-etapa-da-copa-brasil-de-paraciclismo\/#breadcrumb\"},\"inLanguage\":\"pt-BR\",\"potentialAction\":[{\"@type\":\"ReadAction\",\"target\":[\"https:\/\/previews.elleven.digital\/acocearense\/noticia\/cearense-gilberto-silva-alcanca-otimos-resultados-na-1a-etapa-da-copa-brasil-de-paraciclismo\/\"]}]},{\"@type\":\"ImageObject\",\"inLanguage\":\"pt-BR\",\"@id\":\"https:\/\/previews.elleven.digital\/acocearense\/noticia\/cearense-gilberto-silva-alcanca-otimos-resultados-na-1a-etapa-da-copa-brasil-de-paraciclismo\/#primaryimage\",\"url\":\"https:\/\/previews.elleven.digital\/acocearense\/wp-content\/uploads\/2025\/05\/Design-sem-nome-25.png\",\"contentUrl\":\"https:\/\/previews.elleven.digital\/acocearense\/wp-content\/uploads\/2025\/05\/Design-sem-nome-25.png\",\"width\":400,\"height\":300},{\"@type\":\"BreadcrumbList\",\"@id\":\"https:\/\/previews.elleven.digital\/acocearense\/noticia\/cearense-gilberto-silva-alcanca-otimos-resultados-na-1a-etapa-da-copa-brasil-de-paraciclismo\/#breadcrumb\",\"itemListElement\":[{\"@type\":\"ListItem\",\"position\":1,\"name\":\"In\u00edcio\",\"item\":\"https:\/\/previews.elleven.digital\/acocearense\/\"},{\"@type\":\"ListItem\",\"position\":2,\"name\":\"Not\u00edcias\",\"item\":\"https:\/\/previews.elleven.digital\/acocearense\/noticias\/\"},{\"@type\":\"ListItem\",\"position\":3,\"name\":\"Cearense Gilberto Silva alcan\u00e7a \u00f3timos resultados na 1\u00aa etapa da Copa Brasil de Paraciclismo\"}]},{\"@type\":\"WebSite\",\"@id\":\"https:\/\/previews.elleven.digital\/acocearense\/#website\",\"url\":\"https:\/\/previews.elleven.digital\/acocearense\/\",\"name\":\"A\u00e7o Cearense\",\"description\":\"H\u00e1 mais de 45 anos no mercado brasileiro do a\u00e7o.\",\"alternateName\":\"A\u00e7o Cearense\",\"potentialAction\":[{\"@type\":\"SearchAction\",\"target\":{\"@type\":\"EntryPoint\",\"urlTemplate\":\"https:\/\/previews.elleven.digital\/acocearense\/?s={search_term_string}\"},\"query-input\":{\"@type\":\"PropertyValueSpecification\",\"valueRequired\":true,\"valueName\":\"search_term_string\"}}],\"inLanguage\":\"pt-BR\"}]}<\/script>\n<!-- \/ Yoast SEO plugin. -->","yoast_head_json":{"title":"Cearense Gilberto Silva alcan\u00e7a \u00f3timos resultados na 1\u00aa etapa da Copa Brasil de Paraciclismo - Grupo A\u00e7o Cearense","robots":{"index":"index","follow":"follow","max-snippet":"max-snippet:-1","max-image-preview":"max-image-preview:large","max-video-preview":"max-video-preview:-1"},"canonical":"https:\/\/previews.elleven.digital\/acocearense\/noticia\/cearense-gilberto-silva-alcanca-otimos-resultados-na-1a-etapa-da-copa-brasil-de-paraciclismo\/","og_locale":"pt_BR","og_type":"article","og_title":"Cearense Gilberto Silva alcan\u00e7a \u00f3timos resultados na 1\u00aa etapa da Copa Brasil de Paraciclismo - Grupo A\u00e7o Cearense","og_description":"O paraciclista cearense Gilberto Silva trouxe novas medalhas para casa. O atleta ganhou segunda e(...)","og_url":"https:\/\/previews.elleven.digital\/acocearense\/noticia\/cearense-gilberto-silva-alcanca-otimos-resultados-na-1a-etapa-da-copa-brasil-de-paraciclismo\/","og_site_name":"Grupo A\u00e7o Cearense","article_modified_time":"2025-05-07T18:09:20+00:00","og_image":[{"width":400,"height":300,"url":"https:\/\/previews.elleven.digital\/acocearense\/wp-content\/uploads\/2025\/05\/Design-sem-nome-25.png","type":"image\/png"}],"twitter_card":"summary_large_image","twitter_misc":{"Est. tempo de leitura":"2 minutos"},"schema":{"@context":"https:\/\/schema.org","@graph":[{"@type":"WebPage","@id":"https:\/\/previews.elleven.digital\/acocearense\/noticia\/cearense-gilberto-silva-alcanca-otimos-resultados-na-1a-etapa-da-copa-brasil-de-paraciclismo\/","url":"https:\/\/previews.elleven.digital\/acocearense\/noticia\/cearense-gilberto-silva-alcanca-otimos-resultados-na-1a-etapa-da-copa-brasil-de-paraciclismo\/","name":"Cearense Gilberto Silva alcan\u00e7a \u00f3timos resultados na 1\u00aa etapa da Copa Brasil de Paraciclismo - Grupo A\u00e7o Cearense","isPartOf":{"@id":"https:\/\/previews.elleven.digital\/acocearense\/#website"},"primaryImageOfPage":{"@id":"https:\/\/previews.elleven.digital\/acocearense\/noticia\/cearense-gilberto-silva-alcanca-otimos-resultados-na-1a-etapa-da-copa-brasil-de-paraciclismo\/#primaryimage"},"image":{"@id":"https:\/\/previews.elleven.digital\/acocearense\/noticia\/cearense-gilberto-silva-alcanca-otimos-resultados-na-1a-etapa-da-copa-brasil-de-paraciclismo\/#primaryimage"},"thumbnailUrl":"https:\/\/previews.elleven.digital\/acocearense\/wp-content\/uploads\/2025\/05\/Design-sem-nome-25.png","datePublished":"2019-02-25T18:08:57+00:00","dateModified":"2025-05-07T18:09:20+00:00","breadcrumb":{"@id":"https:\/\/previews.elleven.digital\/acocearense\/noticia\/cearense-gilberto-silva-alcanca-otimos-resultados-na-1a-etapa-da-copa-brasil-de-paraciclismo\/#breadcrumb"},"inLanguage":"pt-BR","potentialAction":[{"@type":"ReadAction","target":["https:\/\/previews.elleven.digital\/acocearense\/noticia\/cearense-gilberto-silva-alcanca-otimos-resultados-na-1a-etapa-da-copa-brasil-de-paraciclismo\/"]}]},{"@type":"ImageObject","inLanguage":"pt-BR","@id":"https:\/\/previews.elleven.digital\/acocearense\/noticia\/cearense-gilberto-silva-alcanca-otimos-resultados-na-1a-etapa-da-copa-brasil-de-paraciclismo\/#primaryimage","url":"https:\/\/previews.elleven.digital\/acocearense\/wp-content\/uploads\/2025\/05\/Design-sem-nome-25.png","contentUrl":"https:\/\/previews.elleven.digital\/acocearense\/wp-content\/uploads\/2025\/05\/Design-sem-nome-25.png","width":400,"height":300},{"@type":"BreadcrumbList","@id":"https:\/\/previews.elleven.digital\/acocearense\/noticia\/cearense-gilberto-silva-alcanca-otimos-resultados-na-1a-etapa-da-copa-brasil-de-paraciclismo\/#breadcrumb","itemListElement":[{"@type":"ListItem","position":1,"name":"In\u00edcio","item":"https:\/\/previews.elleven.digital\/acocearense\/"},{"@type":"ListItem","position":2,"name":"Not\u00edcias","item":"https:\/\/previews.elleven.digital\/acocearense\/noticias\/"},{"@type":"ListItem","position":3,"name":"Cearense Gilberto Silva alcan\u00e7a \u00f3timos resultados na 1\u00aa etapa da Copa Brasil de Paraciclismo"}]},{"@type":"WebSite","@id":"https:\/\/previews.elleven.digital\/acocearense\/#website","url":"https:\/\/previews.elleven.digital\/acocearense\/","name":"A\u00e7o Cearense","description":"H\u00e1 mais de 45 anos no mercado brasileiro do a\u00e7o.","alternateName":"A\u00e7o Cearense","potentialAction":[{"@type":"SearchAction","target":{"@type":"EntryPoint","urlTemplate":"https:\/\/previews.elleven.digital\/acocearense\/?s={search_term_string}"},"query-input":{"@type":"PropertyValueSpecification","valueRequired":true,"valueName":"search_term_string"}}],"inLanguage":"pt-BR"}]}},"_links":{"self":[{"href":"https:\/\/previews.elleven.digital\/acocearense\/wp-json\/wp\/v2\/noticia\/1822","targetHints":{"allow":["GET"]}}],"collection":[{"href":"https:\/\/previews.elleven.digital\/acocearense\/wp-json\/wp\/v2\/noticia"}],"about":[{"href":"https:\/\/previews.elleven.digital\/acocearense\/wp-json\/wp\/v2\/types\/noticia"}],"wp:featuredmedia":[{"embeddable":true,"href":"https:\/\/previews.elleven.digital\/acocearense\/wp-json\/wp\/v2\/media\/1819"}],"wp:attachment":[{"href":"https:\/\/previews.elleven.digital\/acocearense\/wp-json\/wp\/v2\/media?parent=1822"}],"wp:term":[{"taxonomy":"categoria-noticia","embeddable":true,"href":"https:\/\/previews.elleven.digital\/acocearense\/wp-json\/wp\/v2\/categoria-noticia?post=1822"}],"curies":[{"name":"wp","href":"https:\/\/api.w.org\/{rel}","templated":true}]}}