{"id":1821,"date":"2019-01-29T15:08:34","date_gmt":"2019-01-29T17:08:34","guid":{"rendered":"https:\/\/previews.elleven.digital\/acocearense\/?post_type=noticia&#038;p=1821"},"modified":"2025-05-07T15:08:53","modified_gmt":"2025-05-07T18:08:53","slug":"aco-cearense-abre-as-portas-para-visita-de-familiares-dos-colaboradores","status":"publish","type":"noticia","link":"https:\/\/previews.elleven.digital\/acocearense\/noticia\/aco-cearense-abre-as-portas-para-visita-de-familiares-dos-colaboradores\/","title":{"rendered":"A\u00e7o Cearense abre as portas para visita de familiares dos colaboradores"},"content":{"rendered":"<p>Conhecer o local de trabalho dos\u00a0familiares \u00e9\u00a0uma a\u00e7\u00e3o que aproxima\u00a0e refor\u00e7a os la\u00e7os do colaborador com o local de trabalho. A partir disso, a A\u00e7o Cearense coloca em pr\u00e1tica o projeto Fam\u00edlia na\u00a0Empresa, onde os colaboradores t\u00eam a oportunidade de levar seus familiares para conhecer a empresa. No \u00faltimo dia 24\/01, a ind\u00fastria abriu as portas para receber 21 visitantes\u00a0por meio do projeto.<\/p>\n<p>A visita, que durou uma tarde, iniciou com uma apresenta\u00e7\u00e3o institucional e seguiu para que os participantes pudessem conhecer o processo de produ\u00e7\u00e3o e a \u00e1rea comercial da empresa. O projeto\u00a0\u00e9\u00a0realizado pela \u00e1rea de Recursos Humanos e ainda tem mais cinco visitas prevista para este ano. Segundo a gerente de RH do Grupo A\u00e7o Cearense, Adriana Bianqui, o projeto traz muitos benef\u00edcios \u00e0 empresa. \u201cTrazer os familiares para o ambiente profissional produz um sentimento de orgulho em nossos colaboradores. \u00c9 uma forma deles compartilharem um pouco da viv\u00eancia na empresa com a fam\u00edlia. Esse projeto agrega muito para o nosso dia a dia, pois o colaborador se sente mais\u00a0integrado, o que auxilia tamb\u00e9m no processo de produ\u00e7\u00e3o\u201d, diz a gerente.<\/p>\n<p>Tamires Quintino, esposa do colaborador Jo\u00e3o Pedro Fraga, da \u00e1rea Automotiva, gostou bastante da visita. \u201cFazia tempo que eu queria conhecer a A\u00e7o Cearense, s\u00f3 conhecia por fora, mas hoje tive essa oportunidade. Fui muito bem recebida e estou gostando bastante\u201d, disse a visitante.<\/p>\n","protected":false},"featured_media":1820,"template":"","meta":{"_acf_changed":false,"inline_featured_image":false},"categoria-noticia":[],"class_list":["post-1821","noticia","type-noticia","status-publish","has-post-thumbnail","hentry"],"acf":{"link":""},"yoast_head":"<!-- This site is optimized with the Yoast SEO plugin v25.9 - https:\/\/yoast.com\/wordpress\/plugins\/seo\/ -->\n<title>A\u00e7o Cearense abre as portas para visita de familiares dos colaboradores - Grupo A\u00e7o Cearense<\/title>\n<meta name=\"robots\" content=\"index, follow, max-snippet:-1, max-image-preview:large, max-video-preview:-1\" \/>\n<link rel=\"canonical\" href=\"https:\/\/previews.elleven.digital\/acocearense\/noticia\/aco-cearense-abre-as-portas-para-visita-de-familiares-dos-colaboradores\/\" \/>\n<meta property=\"og:locale\" content=\"pt_BR\" \/>\n<meta property=\"og:type\" content=\"article\" \/>\n<meta property=\"og:title\" content=\"A\u00e7o Cearense abre as portas para visita de familiares dos colaboradores - Grupo A\u00e7o Cearense\" \/>\n<meta property=\"og:description\" content=\"Conhecer o local de trabalho dos\u00a0familiares \u00e9\u00a0uma a\u00e7\u00e3o que aproxima\u00a0e refor\u00e7a os la\u00e7os do colaborador(...)\" \/>\n<meta property=\"og:url\" content=\"https:\/\/previews.elleven.digital\/acocearense\/noticia\/aco-cearense-abre-as-portas-para-visita-de-familiares-dos-colaboradores\/\" \/>\n<meta property=\"og:site_name\" content=\"Grupo A\u00e7o Cearense\" \/>\n<meta property=\"article:modified_time\" content=\"2025-05-07T18:08:53+00:00\" \/>\n<meta property=\"og:image\" content=\"https:\/\/previews.elleven.digital\/acocearense\/wp-content\/uploads\/2025\/05\/gac-1.png\" \/>\n\t<meta property=\"og:image:width\" content=\"383\" \/>\n\t<meta property=\"og:image:height\" content=\"266\" \/>\n\t<meta property=\"og:image:type\" content=\"image\/png\" \/>\n<meta name=\"twitter:card\" content=\"summary_large_image\" \/>\n<meta name=\"twitter:label1\" content=\"Est. tempo de leitura\" \/>\n\t<meta name=\"twitter:data1\" content=\"1 minuto\" \/>\n<script type=\"application\/ld+json\" class=\"yoast-schema-graph\">{\"@context\":\"https:\/\/schema.org\",\"@graph\":[{\"@type\":\"WebPage\",\"@id\":\"https:\/\/previews.elleven.digital\/acocearense\/noticia\/aco-cearense-abre-as-portas-para-visita-de-familiares-dos-colaboradores\/\",\"url\":\"https:\/\/previews.elleven.digital\/acocearense\/noticia\/aco-cearense-abre-as-portas-para-visita-de-familiares-dos-colaboradores\/\",\"name\":\"A\u00e7o Cearense abre as portas para visita de familiares dos colaboradores - Grupo A\u00e7o Cearense\",\"isPartOf\":{\"@id\":\"https:\/\/previews.elleven.digital\/acocearense\/#website\"},\"primaryImageOfPage\":{\"@id\":\"https:\/\/previews.elleven.digital\/acocearense\/noticia\/aco-cearense-abre-as-portas-para-visita-de-familiares-dos-colaboradores\/#primaryimage\"},\"image\":{\"@id\":\"https:\/\/previews.elleven.digital\/acocearense\/noticia\/aco-cearense-abre-as-portas-para-visita-de-familiares-dos-colaboradores\/#primaryimage\"},\"thumbnailUrl\":\"https:\/\/previews.elleven.digital\/acocearense\/wp-content\/uploads\/2025\/05\/gac-1.png\",\"datePublished\":\"2019-01-29T17:08:34+00:00\",\"dateModified\":\"2025-05-07T18:08:53+00:00\",\"breadcrumb\":{\"@id\":\"https:\/\/previews.elleven.digital\/acocearense\/noticia\/aco-cearense-abre-as-portas-para-visita-de-familiares-dos-colaboradores\/#breadcrumb\"},\"inLanguage\":\"pt-BR\",\"potentialAction\":[{\"@type\":\"ReadAction\",\"target\":[\"https:\/\/previews.elleven.digital\/acocearense\/noticia\/aco-cearense-abre-as-portas-para-visita-de-familiares-dos-colaboradores\/\"]}]},{\"@type\":\"ImageObject\",\"inLanguage\":\"pt-BR\",\"@id\":\"https:\/\/previews.elleven.digital\/acocearense\/noticia\/aco-cearense-abre-as-portas-para-visita-de-familiares-dos-colaboradores\/#primaryimage\",\"url\":\"https:\/\/previews.elleven.digital\/acocearense\/wp-content\/uploads\/2025\/05\/gac-1.png\",\"contentUrl\":\"https:\/\/previews.elleven.digital\/acocearense\/wp-content\/uploads\/2025\/05\/gac-1.png\",\"width\":383,\"height\":266},{\"@type\":\"BreadcrumbList\",\"@id\":\"https:\/\/previews.elleven.digital\/acocearense\/noticia\/aco-cearense-abre-as-portas-para-visita-de-familiares-dos-colaboradores\/#breadcrumb\",\"itemListElement\":[{\"@type\":\"ListItem\",\"position\":1,\"name\":\"In\u00edcio\",\"item\":\"https:\/\/previews.elleven.digital\/acocearense\/\"},{\"@type\":\"ListItem\",\"position\":2,\"name\":\"Not\u00edcias\",\"item\":\"https:\/\/previews.elleven.digital\/acocearense\/noticias\/\"},{\"@type\":\"ListItem\",\"position\":3,\"name\":\"A\u00e7o Cearense abre as portas para visita de familiares dos colaboradores\"}]},{\"@type\":\"WebSite\",\"@id\":\"https:\/\/previews.elleven.digital\/acocearense\/#website\",\"url\":\"https:\/\/previews.elleven.digital\/acocearense\/\",\"name\":\"A\u00e7o Cearense\",\"description\":\"H\u00e1 mais de 45 anos no mercado brasileiro do a\u00e7o.\",\"alternateName\":\"A\u00e7o Cearense\",\"potentialAction\":[{\"@type\":\"SearchAction\",\"target\":{\"@type\":\"EntryPoint\",\"urlTemplate\":\"https:\/\/previews.elleven.digital\/acocearense\/?s={search_term_string}\"},\"query-input\":{\"@type\":\"PropertyValueSpecification\",\"valueRequired\":true,\"valueName\":\"search_term_string\"}}],\"inLanguage\":\"pt-BR\"}]}<\/script>\n<!-- \/ Yoast SEO plugin. -->","yoast_head_json":{"title":"A\u00e7o Cearense abre as portas para visita de familiares dos colaboradores - Grupo A\u00e7o Cearense","robots":{"index":"index","follow":"follow","max-snippet":"max-snippet:-1","max-image-preview":"max-image-preview:large","max-video-preview":"max-video-preview:-1"},"canonical":"https:\/\/previews.elleven.digital\/acocearense\/noticia\/aco-cearense-abre-as-portas-para-visita-de-familiares-dos-colaboradores\/","og_locale":"pt_BR","og_type":"article","og_title":"A\u00e7o Cearense abre as portas para visita de familiares dos colaboradores - Grupo A\u00e7o Cearense","og_description":"Conhecer o local de trabalho dos\u00a0familiares \u00e9\u00a0uma a\u00e7\u00e3o que aproxima\u00a0e refor\u00e7a os la\u00e7os do colaborador(...)","og_url":"https:\/\/previews.elleven.digital\/acocearense\/noticia\/aco-cearense-abre-as-portas-para-visita-de-familiares-dos-colaboradores\/","og_site_name":"Grupo A\u00e7o Cearense","article_modified_time":"2025-05-07T18:08:53+00:00","og_image":[{"width":383,"height":266,"url":"https:\/\/previews.elleven.digital\/acocearense\/wp-content\/uploads\/2025\/05\/gac-1.png","type":"image\/png"}],"twitter_card":"summary_large_image","twitter_misc":{"Est. tempo de leitura":"1 minuto"},"schema":{"@context":"https:\/\/schema.org","@graph":[{"@type":"WebPage","@id":"https:\/\/previews.elleven.digital\/acocearense\/noticia\/aco-cearense-abre-as-portas-para-visita-de-familiares-dos-colaboradores\/","url":"https:\/\/previews.elleven.digital\/acocearense\/noticia\/aco-cearense-abre-as-portas-para-visita-de-familiares-dos-colaboradores\/","name":"A\u00e7o Cearense abre as portas para visita de familiares dos colaboradores - Grupo A\u00e7o Cearense","isPartOf":{"@id":"https:\/\/previews.elleven.digital\/acocearense\/#website"},"primaryImageOfPage":{"@id":"https:\/\/previews.elleven.digital\/acocearense\/noticia\/aco-cearense-abre-as-portas-para-visita-de-familiares-dos-colaboradores\/#primaryimage"},"image":{"@id":"https:\/\/previews.elleven.digital\/acocearense\/noticia\/aco-cearense-abre-as-portas-para-visita-de-familiares-dos-colaboradores\/#primaryimage"},"thumbnailUrl":"https:\/\/previews.elleven.digital\/acocearense\/wp-content\/uploads\/2025\/05\/gac-1.png","datePublished":"2019-01-29T17:08:34+00:00","dateModified":"2025-05-07T18:08:53+00:00","breadcrumb":{"@id":"https:\/\/previews.elleven.digital\/acocearense\/noticia\/aco-cearense-abre-as-portas-para-visita-de-familiares-dos-colaboradores\/#breadcrumb"},"inLanguage":"pt-BR","potentialAction":[{"@type":"ReadAction","target":["https:\/\/previews.elleven.digital\/acocearense\/noticia\/aco-cearense-abre-as-portas-para-visita-de-familiares-dos-colaboradores\/"]}]},{"@type":"ImageObject","inLanguage":"pt-BR","@id":"https:\/\/previews.elleven.digital\/acocearense\/noticia\/aco-cearense-abre-as-portas-para-visita-de-familiares-dos-colaboradores\/#primaryimage","url":"https:\/\/previews.elleven.digital\/acocearense\/wp-content\/uploads\/2025\/05\/gac-1.png","contentUrl":"https:\/\/previews.elleven.digital\/acocearense\/wp-content\/uploads\/2025\/05\/gac-1.png","width":383,"height":266},{"@type":"BreadcrumbList","@id":"https:\/\/previews.elleven.digital\/acocearense\/noticia\/aco-cearense-abre-as-portas-para-visita-de-familiares-dos-colaboradores\/#breadcrumb","itemListElement":[{"@type":"ListItem","position":1,"name":"In\u00edcio","item":"https:\/\/previews.elleven.digital\/acocearense\/"},{"@type":"ListItem","position":2,"name":"Not\u00edcias","item":"https:\/\/previews.elleven.digital\/acocearense\/noticias\/"},{"@type":"ListItem","position":3,"name":"A\u00e7o Cearense abre as portas para visita de familiares dos colaboradores"}]},{"@type":"WebSite","@id":"https:\/\/previews.elleven.digital\/acocearense\/#website","url":"https:\/\/previews.elleven.digital\/acocearense\/","name":"A\u00e7o Cearense","description":"H\u00e1 mais de 45 anos no mercado brasileiro do a\u00e7o.","alternateName":"A\u00e7o Cearense","potentialAction":[{"@type":"SearchAction","target":{"@type":"EntryPoint","urlTemplate":"https:\/\/previews.elleven.digital\/acocearense\/?s={search_term_string}"},"query-input":{"@type":"PropertyValueSpecification","valueRequired":true,"valueName":"search_term_string"}}],"inLanguage":"pt-BR"}]}},"_links":{"self":[{"href":"https:\/\/previews.elleven.digital\/acocearense\/wp-json\/wp\/v2\/noticia\/1821","targetHints":{"allow":["GET"]}}],"collection":[{"href":"https:\/\/previews.elleven.digital\/acocearense\/wp-json\/wp\/v2\/noticia"}],"about":[{"href":"https:\/\/previews.elleven.digital\/acocearense\/wp-json\/wp\/v2\/types\/noticia"}],"wp:featuredmedia":[{"embeddable":true,"href":"https:\/\/previews.elleven.digital\/acocearense\/wp-json\/wp\/v2\/media\/1820"}],"wp:attachment":[{"href":"https:\/\/previews.elleven.digital\/acocearense\/wp-json\/wp\/v2\/media?parent=1821"}],"wp:term":[{"taxonomy":"categoria-noticia","embeddable":true,"href":"https:\/\/previews.elleven.digital\/acocearense\/wp-json\/wp\/v2\/categoria-noticia?post=1821"}],"curies":[{"name":"wp","href":"https:\/\/api.w.org\/{rel}","templated":true}]}}