{"id":1813,"date":"2019-01-11T15:06:06","date_gmt":"2019-01-11T17:06:06","guid":{"rendered":"https:\/\/previews.elleven.digital\/acocearense\/?post_type=noticia&#038;p=1813"},"modified":"2025-05-07T15:08:28","modified_gmt":"2025-05-07T18:08:28","slug":"colaboradores-do-grupo-aco-cearense-aprendem-sobre-arboviroses-e-como-eliminar-focos-do-aedes-aegypti","status":"publish","type":"noticia","link":"https:\/\/previews.elleven.digital\/acocearense\/noticia\/colaboradores-do-grupo-aco-cearense-aprendem-sobre-arboviroses-e-como-eliminar-focos-do-aedes-aegypti\/","title":{"rendered":"Colaboradores do grupo A\u00e7o Cearense aprendem sobre arboviroses e como eliminar focos do Aedes Aegypti"},"content":{"rendered":"<p>O per\u00edodo chuvoso vem chegando e com ele as arboviroses, doen\u00e7as transmitidas por insetos, que se proliferam em maior n\u00famero nessa \u00e9poca do ano. Para ajudar seus colaboradores a entender melhor sobre as doen\u00e7as, suas formas de transmiss\u00e3o e como se proteger, o Grupo A\u00e7o Cearense promoveu um ciclo de palestras sobre o assunto.<\/p>\n<p>Dengue, Zika e Chikungunya foram os temas abordados pela m\u00e9dica do Trabalho, Fernanda Rocha, e os enfermeiros da Medicina Preventiva do Hapvida, Leonardo Cardoso e Maria Jana\u00edna Marques. Para os participantes foi muito importante saber como proceder nessa \u00e9poca em que as doen\u00e7as s\u00e3o mais frequentes em nossa cidade.\u00a0\u201cA palestra foi importante porque trouxe mais conhecimento para a gente se cuidar e se prevenir das doen\u00e7as\u201d, disse Andr\u00e9 Freitas, colaborador da \u00e1rea de Servi\u00e7os,\u00a0da A\u00e7o Cearense Comercial.<\/p>\n<p>A \u00faltima palestra aconteceu no dia 11 de janeiro e contou com a presen\u00e7a de 150 colaboradores. Segundo Katarina Lima, t\u00e9cnica de Enfermagem do Trabalho da A\u00e7o Cearense Industrial, a palestra possibilitou aos colaboradores o aprendizado sobre o cuidado com os ambientes dom\u00e9stico e empresarial para elimina\u00e7\u00e3o dos focos dos mosquitos, ajudando a manter a sa\u00fade de todos. \u201cNosso objetivo \u00e9 conscientizar os colaboradores sobre as doen\u00e7as transmitidas pelo mosquito Aedes Aegypti e refor\u00e7ar medidas de preven\u00e7\u00e3o que envolvem a elimina\u00e7\u00e3o de poss\u00edveis focos do mosquito transmissor\u201d, explicou Katarina.<\/p>\n","protected":false},"featured_media":1820,"template":"","meta":{"_acf_changed":false,"inline_featured_image":false},"categoria-noticia":[],"class_list":["post-1813","noticia","type-noticia","status-publish","has-post-thumbnail","hentry"],"acf":{"link":""},"yoast_head":"<!-- This site is optimized with the Yoast SEO plugin v25.9 - https:\/\/yoast.com\/wordpress\/plugins\/seo\/ -->\n<title>Colaboradores do grupo A\u00e7o Cearense aprendem sobre arboviroses e como eliminar focos do Aedes Aegypti - Grupo A\u00e7o Cearense<\/title>\n<meta name=\"robots\" content=\"index, follow, max-snippet:-1, max-image-preview:large, max-video-preview:-1\" \/>\n<link rel=\"canonical\" href=\"https:\/\/previews.elleven.digital\/acocearense\/noticia\/colaboradores-do-grupo-aco-cearense-aprendem-sobre-arboviroses-e-como-eliminar-focos-do-aedes-aegypti\/\" \/>\n<meta property=\"og:locale\" content=\"pt_BR\" \/>\n<meta property=\"og:type\" content=\"article\" \/>\n<meta property=\"og:title\" content=\"Colaboradores do grupo A\u00e7o Cearense aprendem sobre arboviroses e como eliminar focos do Aedes Aegypti - Grupo A\u00e7o Cearense\" \/>\n<meta property=\"og:description\" content=\"O per\u00edodo chuvoso vem chegando e com ele as arboviroses, doen\u00e7as transmitidas por insetos, que(...)\" \/>\n<meta property=\"og:url\" content=\"https:\/\/previews.elleven.digital\/acocearense\/noticia\/colaboradores-do-grupo-aco-cearense-aprendem-sobre-arboviroses-e-como-eliminar-focos-do-aedes-aegypti\/\" \/>\n<meta property=\"og:site_name\" content=\"Grupo A\u00e7o Cearense\" \/>\n<meta property=\"article:modified_time\" content=\"2025-05-07T18:08:28+00:00\" \/>\n<meta property=\"og:image\" content=\"https:\/\/previews.elleven.digital\/acocearense\/wp-content\/uploads\/2025\/05\/gac-1.png\" \/>\n\t<meta property=\"og:image:width\" content=\"383\" \/>\n\t<meta property=\"og:image:height\" content=\"266\" \/>\n\t<meta property=\"og:image:type\" content=\"image\/png\" \/>\n<meta name=\"twitter:card\" content=\"summary_large_image\" \/>\n<meta name=\"twitter:label1\" content=\"Est. tempo de leitura\" \/>\n\t<meta name=\"twitter:data1\" content=\"2 minutos\" \/>\n<script type=\"application\/ld+json\" class=\"yoast-schema-graph\">{\"@context\":\"https:\/\/schema.org\",\"@graph\":[{\"@type\":\"WebPage\",\"@id\":\"https:\/\/previews.elleven.digital\/acocearense\/noticia\/colaboradores-do-grupo-aco-cearense-aprendem-sobre-arboviroses-e-como-eliminar-focos-do-aedes-aegypti\/\",\"url\":\"https:\/\/previews.elleven.digital\/acocearense\/noticia\/colaboradores-do-grupo-aco-cearense-aprendem-sobre-arboviroses-e-como-eliminar-focos-do-aedes-aegypti\/\",\"name\":\"Colaboradores do grupo A\u00e7o Cearense aprendem sobre arboviroses e como eliminar focos do Aedes Aegypti - Grupo A\u00e7o Cearense\",\"isPartOf\":{\"@id\":\"https:\/\/previews.elleven.digital\/acocearense\/#website\"},\"primaryImageOfPage\":{\"@id\":\"https:\/\/previews.elleven.digital\/acocearense\/noticia\/colaboradores-do-grupo-aco-cearense-aprendem-sobre-arboviroses-e-como-eliminar-focos-do-aedes-aegypti\/#primaryimage\"},\"image\":{\"@id\":\"https:\/\/previews.elleven.digital\/acocearense\/noticia\/colaboradores-do-grupo-aco-cearense-aprendem-sobre-arboviroses-e-como-eliminar-focos-do-aedes-aegypti\/#primaryimage\"},\"thumbnailUrl\":\"https:\/\/previews.elleven.digital\/acocearense\/wp-content\/uploads\/2025\/05\/gac-1.png\",\"datePublished\":\"2019-01-11T17:06:06+00:00\",\"dateModified\":\"2025-05-07T18:08:28+00:00\",\"breadcrumb\":{\"@id\":\"https:\/\/previews.elleven.digital\/acocearense\/noticia\/colaboradores-do-grupo-aco-cearense-aprendem-sobre-arboviroses-e-como-eliminar-focos-do-aedes-aegypti\/#breadcrumb\"},\"inLanguage\":\"pt-BR\",\"potentialAction\":[{\"@type\":\"ReadAction\",\"target\":[\"https:\/\/previews.elleven.digital\/acocearense\/noticia\/colaboradores-do-grupo-aco-cearense-aprendem-sobre-arboviroses-e-como-eliminar-focos-do-aedes-aegypti\/\"]}]},{\"@type\":\"ImageObject\",\"inLanguage\":\"pt-BR\",\"@id\":\"https:\/\/previews.elleven.digital\/acocearense\/noticia\/colaboradores-do-grupo-aco-cearense-aprendem-sobre-arboviroses-e-como-eliminar-focos-do-aedes-aegypti\/#primaryimage\",\"url\":\"https:\/\/previews.elleven.digital\/acocearense\/wp-content\/uploads\/2025\/05\/gac-1.png\",\"contentUrl\":\"https:\/\/previews.elleven.digital\/acocearense\/wp-content\/uploads\/2025\/05\/gac-1.png\",\"width\":383,\"height\":266},{\"@type\":\"BreadcrumbList\",\"@id\":\"https:\/\/previews.elleven.digital\/acocearense\/noticia\/colaboradores-do-grupo-aco-cearense-aprendem-sobre-arboviroses-e-como-eliminar-focos-do-aedes-aegypti\/#breadcrumb\",\"itemListElement\":[{\"@type\":\"ListItem\",\"position\":1,\"name\":\"In\u00edcio\",\"item\":\"https:\/\/previews.elleven.digital\/acocearense\/\"},{\"@type\":\"ListItem\",\"position\":2,\"name\":\"Not\u00edcias\",\"item\":\"https:\/\/previews.elleven.digital\/acocearense\/noticias\/\"},{\"@type\":\"ListItem\",\"position\":3,\"name\":\"Colaboradores do grupo A\u00e7o Cearense aprendem sobre arboviroses e como eliminar focos do Aedes Aegypti\"}]},{\"@type\":\"WebSite\",\"@id\":\"https:\/\/previews.elleven.digital\/acocearense\/#website\",\"url\":\"https:\/\/previews.elleven.digital\/acocearense\/\",\"name\":\"A\u00e7o Cearense\",\"description\":\"H\u00e1 mais de 45 anos no mercado brasileiro do a\u00e7o.\",\"alternateName\":\"A\u00e7o Cearense\",\"potentialAction\":[{\"@type\":\"SearchAction\",\"target\":{\"@type\":\"EntryPoint\",\"urlTemplate\":\"https:\/\/previews.elleven.digital\/acocearense\/?s={search_term_string}\"},\"query-input\":{\"@type\":\"PropertyValueSpecification\",\"valueRequired\":true,\"valueName\":\"search_term_string\"}}],\"inLanguage\":\"pt-BR\"}]}<\/script>\n<!-- \/ Yoast SEO plugin. -->","yoast_head_json":{"title":"Colaboradores do grupo A\u00e7o Cearense aprendem sobre arboviroses e como eliminar focos do Aedes Aegypti - Grupo A\u00e7o Cearense","robots":{"index":"index","follow":"follow","max-snippet":"max-snippet:-1","max-image-preview":"max-image-preview:large","max-video-preview":"max-video-preview:-1"},"canonical":"https:\/\/previews.elleven.digital\/acocearense\/noticia\/colaboradores-do-grupo-aco-cearense-aprendem-sobre-arboviroses-e-como-eliminar-focos-do-aedes-aegypti\/","og_locale":"pt_BR","og_type":"article","og_title":"Colaboradores do grupo A\u00e7o Cearense aprendem sobre arboviroses e como eliminar focos do Aedes Aegypti - Grupo A\u00e7o Cearense","og_description":"O per\u00edodo chuvoso vem chegando e com ele as arboviroses, doen\u00e7as transmitidas por insetos, que(...)","og_url":"https:\/\/previews.elleven.digital\/acocearense\/noticia\/colaboradores-do-grupo-aco-cearense-aprendem-sobre-arboviroses-e-como-eliminar-focos-do-aedes-aegypti\/","og_site_name":"Grupo A\u00e7o Cearense","article_modified_time":"2025-05-07T18:08:28+00:00","og_image":[{"width":383,"height":266,"url":"https:\/\/previews.elleven.digital\/acocearense\/wp-content\/uploads\/2025\/05\/gac-1.png","type":"image\/png"}],"twitter_card":"summary_large_image","twitter_misc":{"Est. tempo de leitura":"2 minutos"},"schema":{"@context":"https:\/\/schema.org","@graph":[{"@type":"WebPage","@id":"https:\/\/previews.elleven.digital\/acocearense\/noticia\/colaboradores-do-grupo-aco-cearense-aprendem-sobre-arboviroses-e-como-eliminar-focos-do-aedes-aegypti\/","url":"https:\/\/previews.elleven.digital\/acocearense\/noticia\/colaboradores-do-grupo-aco-cearense-aprendem-sobre-arboviroses-e-como-eliminar-focos-do-aedes-aegypti\/","name":"Colaboradores do grupo A\u00e7o Cearense aprendem sobre arboviroses e como eliminar focos do Aedes Aegypti - Grupo A\u00e7o Cearense","isPartOf":{"@id":"https:\/\/previews.elleven.digital\/acocearense\/#website"},"primaryImageOfPage":{"@id":"https:\/\/previews.elleven.digital\/acocearense\/noticia\/colaboradores-do-grupo-aco-cearense-aprendem-sobre-arboviroses-e-como-eliminar-focos-do-aedes-aegypti\/#primaryimage"},"image":{"@id":"https:\/\/previews.elleven.digital\/acocearense\/noticia\/colaboradores-do-grupo-aco-cearense-aprendem-sobre-arboviroses-e-como-eliminar-focos-do-aedes-aegypti\/#primaryimage"},"thumbnailUrl":"https:\/\/previews.elleven.digital\/acocearense\/wp-content\/uploads\/2025\/05\/gac-1.png","datePublished":"2019-01-11T17:06:06+00:00","dateModified":"2025-05-07T18:08:28+00:00","breadcrumb":{"@id":"https:\/\/previews.elleven.digital\/acocearense\/noticia\/colaboradores-do-grupo-aco-cearense-aprendem-sobre-arboviroses-e-como-eliminar-focos-do-aedes-aegypti\/#breadcrumb"},"inLanguage":"pt-BR","potentialAction":[{"@type":"ReadAction","target":["https:\/\/previews.elleven.digital\/acocearense\/noticia\/colaboradores-do-grupo-aco-cearense-aprendem-sobre-arboviroses-e-como-eliminar-focos-do-aedes-aegypti\/"]}]},{"@type":"ImageObject","inLanguage":"pt-BR","@id":"https:\/\/previews.elleven.digital\/acocearense\/noticia\/colaboradores-do-grupo-aco-cearense-aprendem-sobre-arboviroses-e-como-eliminar-focos-do-aedes-aegypti\/#primaryimage","url":"https:\/\/previews.elleven.digital\/acocearense\/wp-content\/uploads\/2025\/05\/gac-1.png","contentUrl":"https:\/\/previews.elleven.digital\/acocearense\/wp-content\/uploads\/2025\/05\/gac-1.png","width":383,"height":266},{"@type":"BreadcrumbList","@id":"https:\/\/previews.elleven.digital\/acocearense\/noticia\/colaboradores-do-grupo-aco-cearense-aprendem-sobre-arboviroses-e-como-eliminar-focos-do-aedes-aegypti\/#breadcrumb","itemListElement":[{"@type":"ListItem","position":1,"name":"In\u00edcio","item":"https:\/\/previews.elleven.digital\/acocearense\/"},{"@type":"ListItem","position":2,"name":"Not\u00edcias","item":"https:\/\/previews.elleven.digital\/acocearense\/noticias\/"},{"@type":"ListItem","position":3,"name":"Colaboradores do grupo A\u00e7o Cearense aprendem sobre arboviroses e como eliminar focos do Aedes Aegypti"}]},{"@type":"WebSite","@id":"https:\/\/previews.elleven.digital\/acocearense\/#website","url":"https:\/\/previews.elleven.digital\/acocearense\/","name":"A\u00e7o Cearense","description":"H\u00e1 mais de 45 anos no mercado brasileiro do a\u00e7o.","alternateName":"A\u00e7o Cearense","potentialAction":[{"@type":"SearchAction","target":{"@type":"EntryPoint","urlTemplate":"https:\/\/previews.elleven.digital\/acocearense\/?s={search_term_string}"},"query-input":{"@type":"PropertyValueSpecification","valueRequired":true,"valueName":"search_term_string"}}],"inLanguage":"pt-BR"}]}},"_links":{"self":[{"href":"https:\/\/previews.elleven.digital\/acocearense\/wp-json\/wp\/v2\/noticia\/1813","targetHints":{"allow":["GET"]}}],"collection":[{"href":"https:\/\/previews.elleven.digital\/acocearense\/wp-json\/wp\/v2\/noticia"}],"about":[{"href":"https:\/\/previews.elleven.digital\/acocearense\/wp-json\/wp\/v2\/types\/noticia"}],"wp:featuredmedia":[{"embeddable":true,"href":"https:\/\/previews.elleven.digital\/acocearense\/wp-json\/wp\/v2\/media\/1820"}],"wp:attachment":[{"href":"https:\/\/previews.elleven.digital\/acocearense\/wp-json\/wp\/v2\/media?parent=1813"}],"wp:term":[{"taxonomy":"categoria-noticia","embeddable":true,"href":"https:\/\/previews.elleven.digital\/acocearense\/wp-json\/wp\/v2\/categoria-noticia?post=1813"}],"curies":[{"name":"wp","href":"https:\/\/api.w.org\/{rel}","templated":true}]}}