{"id":1812,"date":"2018-12-20T15:05:10","date_gmt":"2018-12-20T17:05:10","guid":{"rendered":"https:\/\/previews.elleven.digital\/acocearense\/?post_type=noticia&#038;p=1812"},"modified":"2025-05-07T15:05:58","modified_gmt":"2025-05-07T18:05:58","slug":"presidente-do-grupo-aco-cearense-vilmar-ferreira-foi-homenageado-com-medalha-edson-queiroz","status":"publish","type":"noticia","link":"https:\/\/previews.elleven.digital\/acocearense\/noticia\/presidente-do-grupo-aco-cearense-vilmar-ferreira-foi-homenageado-com-medalha-edson-queiroz\/","title":{"rendered":"Presidente do Grupo A\u00e7o Cearense, Vilmar Ferreira, foi homenageado com Medalha Edson Queiroz"},"content":{"rendered":"<p>Uma das homenagens mais importantes para o empresariado cearense, a Medalha Edson Queiroz agracia grandes empreendedores que s\u00e3o destaque no cen\u00e1rio corporativo. Em dezembro de 2018, na Assembleia Legislativa do Cear\u00e1, o presidente do Grupo A\u00e7o Cearense, Vilmar Ferreira, foi um dos homenageados da noite, juntamente com os empres\u00e1rios Beto Studart e Rafael Ferreira Idelbergue Leal.<\/p>\n<p>A Medalha Edson Queiroz foi institu\u00edda pela Lei n\u00ba 10.695, de julho de 1982, criando o Dia do Empres\u00e1rio Cearense. Para Vilmar Ferreira foi um orgulho receber a homenagem. \u201cN\u00e3o resta d\u00favida que \u00e9 muito importante esse legado deixado pelo chanceler Edson Queiroz. Para quem recebe a medalha \u00e9 um grande orgulho, pois \u00e9 um exemplo que deixamos para as futuras gera\u00e7\u00f5es de empres\u00e1rios. Isso d\u00e1 muita energia, coragem e entusiasmos para continuar empreendendo e colaborando para a economia do nosso estado\u201d, disse o presidente do grupo A\u00e7o Cearense.<\/p>\n<p><img loading=\"lazy\" decoding=\"async\" class=\"wp-image-4616 aligncenter\" src=\"https:\/\/grupoacocearense.com.br\/wp-content\/uploads\/2018\/12\/Design-sem-nome-6-300x225.png\" sizes=\"auto, (max-width: 397px) 100vw, 397px\" srcset=\"https:\/\/previews.elleven.digital\/acocearense\/wp-content\/uploads\/2018\/12\/Design-sem-nome-6-300x225.png 300w, https:\/\/previews.elleven.digital\/acocearense\/wp-content\/uploads\/2018\/12\/Design-sem-nome-6-768x576.png 768w, https:\/\/previews.elleven.digital\/acocearense\/wp-content\/uploads\/2018\/12\/Design-sem-nome-6.png 800w\" alt=\"\" width=\"397\" height=\"298\" \/><img loading=\"lazy\" decoding=\"async\" class=\"wp-image-4614 aligncenter\" src=\"https:\/\/grupoacocearense.com.br\/wp-content\/uploads\/2019\/02\/Design-sem-nome-5-225x300.png\" sizes=\"auto, (max-width: 228px) 100vw, 228px\" srcset=\"https:\/\/previews.elleven.digital\/acocearense\/wp-content\/uploads\/2019\/02\/Design-sem-nome-5-225x300.png 225w, https:\/\/previews.elleven.digital\/acocearense\/wp-content\/uploads\/2019\/02\/Design-sem-nome-5.png 300w\" alt=\"\" width=\"228\" height=\"304\" \/><\/p>\n","protected":false},"featured_media":1794,"template":"","meta":{"_acf_changed":false,"inline_featured_image":false},"categoria-noticia":[],"class_list":["post-1812","noticia","type-noticia","status-publish","has-post-thumbnail","hentry"],"acf":{"link":""},"yoast_head":"<!-- This site is optimized with the Yoast SEO plugin v25.9 - https:\/\/yoast.com\/wordpress\/plugins\/seo\/ -->\n<title>Presidente do Grupo A\u00e7o Cearense, Vilmar Ferreira, foi homenageado com Medalha Edson Queiroz - Grupo A\u00e7o Cearense<\/title>\n<meta name=\"robots\" content=\"index, follow, max-snippet:-1, max-image-preview:large, max-video-preview:-1\" \/>\n<link rel=\"canonical\" href=\"https:\/\/previews.elleven.digital\/acocearense\/noticia\/presidente-do-grupo-aco-cearense-vilmar-ferreira-foi-homenageado-com-medalha-edson-queiroz\/\" \/>\n<meta property=\"og:locale\" content=\"pt_BR\" \/>\n<meta property=\"og:type\" content=\"article\" \/>\n<meta property=\"og:title\" content=\"Presidente do Grupo A\u00e7o Cearense, Vilmar Ferreira, foi homenageado com Medalha Edson Queiroz - Grupo A\u00e7o Cearense\" \/>\n<meta property=\"og:description\" content=\"Uma das homenagens mais importantes para o empresariado cearense, a Medalha Edson Queiroz agracia grandes(...)\" \/>\n<meta property=\"og:url\" content=\"https:\/\/previews.elleven.digital\/acocearense\/noticia\/presidente-do-grupo-aco-cearense-vilmar-ferreira-foi-homenageado-com-medalha-edson-queiroz\/\" \/>\n<meta property=\"og:site_name\" content=\"Grupo A\u00e7o Cearense\" \/>\n<meta property=\"article:modified_time\" content=\"2025-05-07T18:05:58+00:00\" \/>\n<meta property=\"og:image\" content=\"https:\/\/previews.elleven.digital\/acocearense\/wp-content\/uploads\/2025\/05\/Design-sem-nome-4-1.png\" \/>\n\t<meta property=\"og:image:width\" content=\"800\" \/>\n\t<meta property=\"og:image:height\" content=\"600\" \/>\n\t<meta property=\"og:image:type\" content=\"image\/png\" \/>\n<meta name=\"twitter:card\" content=\"summary_large_image\" \/>\n<meta name=\"twitter:label1\" content=\"Est. tempo de leitura\" \/>\n\t<meta name=\"twitter:data1\" content=\"2 minutos\" \/>\n<script type=\"application\/ld+json\" class=\"yoast-schema-graph\">{\"@context\":\"https:\/\/schema.org\",\"@graph\":[{\"@type\":\"WebPage\",\"@id\":\"https:\/\/previews.elleven.digital\/acocearense\/noticia\/presidente-do-grupo-aco-cearense-vilmar-ferreira-foi-homenageado-com-medalha-edson-queiroz\/\",\"url\":\"https:\/\/previews.elleven.digital\/acocearense\/noticia\/presidente-do-grupo-aco-cearense-vilmar-ferreira-foi-homenageado-com-medalha-edson-queiroz\/\",\"name\":\"Presidente do Grupo A\u00e7o Cearense, Vilmar Ferreira, foi homenageado com Medalha Edson Queiroz - Grupo A\u00e7o Cearense\",\"isPartOf\":{\"@id\":\"https:\/\/previews.elleven.digital\/acocearense\/#website\"},\"primaryImageOfPage\":{\"@id\":\"https:\/\/previews.elleven.digital\/acocearense\/noticia\/presidente-do-grupo-aco-cearense-vilmar-ferreira-foi-homenageado-com-medalha-edson-queiroz\/#primaryimage\"},\"image\":{\"@id\":\"https:\/\/previews.elleven.digital\/acocearense\/noticia\/presidente-do-grupo-aco-cearense-vilmar-ferreira-foi-homenageado-com-medalha-edson-queiroz\/#primaryimage\"},\"thumbnailUrl\":\"https:\/\/previews.elleven.digital\/acocearense\/wp-content\/uploads\/2025\/05\/Design-sem-nome-4-1.png\",\"datePublished\":\"2018-12-20T17:05:10+00:00\",\"dateModified\":\"2025-05-07T18:05:58+00:00\",\"breadcrumb\":{\"@id\":\"https:\/\/previews.elleven.digital\/acocearense\/noticia\/presidente-do-grupo-aco-cearense-vilmar-ferreira-foi-homenageado-com-medalha-edson-queiroz\/#breadcrumb\"},\"inLanguage\":\"pt-BR\",\"potentialAction\":[{\"@type\":\"ReadAction\",\"target\":[\"https:\/\/previews.elleven.digital\/acocearense\/noticia\/presidente-do-grupo-aco-cearense-vilmar-ferreira-foi-homenageado-com-medalha-edson-queiroz\/\"]}]},{\"@type\":\"ImageObject\",\"inLanguage\":\"pt-BR\",\"@id\":\"https:\/\/previews.elleven.digital\/acocearense\/noticia\/presidente-do-grupo-aco-cearense-vilmar-ferreira-foi-homenageado-com-medalha-edson-queiroz\/#primaryimage\",\"url\":\"https:\/\/previews.elleven.digital\/acocearense\/wp-content\/uploads\/2025\/05\/Design-sem-nome-4-1.png\",\"contentUrl\":\"https:\/\/previews.elleven.digital\/acocearense\/wp-content\/uploads\/2025\/05\/Design-sem-nome-4-1.png\",\"width\":800,\"height\":600},{\"@type\":\"BreadcrumbList\",\"@id\":\"https:\/\/previews.elleven.digital\/acocearense\/noticia\/presidente-do-grupo-aco-cearense-vilmar-ferreira-foi-homenageado-com-medalha-edson-queiroz\/#breadcrumb\",\"itemListElement\":[{\"@type\":\"ListItem\",\"position\":1,\"name\":\"In\u00edcio\",\"item\":\"https:\/\/previews.elleven.digital\/acocearense\/\"},{\"@type\":\"ListItem\",\"position\":2,\"name\":\"Not\u00edcias\",\"item\":\"https:\/\/previews.elleven.digital\/acocearense\/noticias\/\"},{\"@type\":\"ListItem\",\"position\":3,\"name\":\"Presidente do Grupo A\u00e7o Cearense, Vilmar Ferreira, foi homenageado com Medalha Edson Queiroz\"}]},{\"@type\":\"WebSite\",\"@id\":\"https:\/\/previews.elleven.digital\/acocearense\/#website\",\"url\":\"https:\/\/previews.elleven.digital\/acocearense\/\",\"name\":\"A\u00e7o Cearense\",\"description\":\"H\u00e1 mais de 45 anos no mercado brasileiro do a\u00e7o.\",\"alternateName\":\"A\u00e7o Cearense\",\"potentialAction\":[{\"@type\":\"SearchAction\",\"target\":{\"@type\":\"EntryPoint\",\"urlTemplate\":\"https:\/\/previews.elleven.digital\/acocearense\/?s={search_term_string}\"},\"query-input\":{\"@type\":\"PropertyValueSpecification\",\"valueRequired\":true,\"valueName\":\"search_term_string\"}}],\"inLanguage\":\"pt-BR\"}]}<\/script>\n<!-- \/ Yoast SEO plugin. -->","yoast_head_json":{"title":"Presidente do Grupo A\u00e7o Cearense, Vilmar Ferreira, foi homenageado com Medalha Edson Queiroz - Grupo A\u00e7o Cearense","robots":{"index":"index","follow":"follow","max-snippet":"max-snippet:-1","max-image-preview":"max-image-preview:large","max-video-preview":"max-video-preview:-1"},"canonical":"https:\/\/previews.elleven.digital\/acocearense\/noticia\/presidente-do-grupo-aco-cearense-vilmar-ferreira-foi-homenageado-com-medalha-edson-queiroz\/","og_locale":"pt_BR","og_type":"article","og_title":"Presidente do Grupo A\u00e7o Cearense, Vilmar Ferreira, foi homenageado com Medalha Edson Queiroz - Grupo A\u00e7o Cearense","og_description":"Uma das homenagens mais importantes para o empresariado cearense, a Medalha Edson Queiroz agracia grandes(...)","og_url":"https:\/\/previews.elleven.digital\/acocearense\/noticia\/presidente-do-grupo-aco-cearense-vilmar-ferreira-foi-homenageado-com-medalha-edson-queiroz\/","og_site_name":"Grupo A\u00e7o Cearense","article_modified_time":"2025-05-07T18:05:58+00:00","og_image":[{"width":800,"height":600,"url":"https:\/\/previews.elleven.digital\/acocearense\/wp-content\/uploads\/2025\/05\/Design-sem-nome-4-1.png","type":"image\/png"}],"twitter_card":"summary_large_image","twitter_misc":{"Est. tempo de leitura":"2 minutos"},"schema":{"@context":"https:\/\/schema.org","@graph":[{"@type":"WebPage","@id":"https:\/\/previews.elleven.digital\/acocearense\/noticia\/presidente-do-grupo-aco-cearense-vilmar-ferreira-foi-homenageado-com-medalha-edson-queiroz\/","url":"https:\/\/previews.elleven.digital\/acocearense\/noticia\/presidente-do-grupo-aco-cearense-vilmar-ferreira-foi-homenageado-com-medalha-edson-queiroz\/","name":"Presidente do Grupo A\u00e7o Cearense, Vilmar Ferreira, foi homenageado com Medalha Edson Queiroz - Grupo A\u00e7o Cearense","isPartOf":{"@id":"https:\/\/previews.elleven.digital\/acocearense\/#website"},"primaryImageOfPage":{"@id":"https:\/\/previews.elleven.digital\/acocearense\/noticia\/presidente-do-grupo-aco-cearense-vilmar-ferreira-foi-homenageado-com-medalha-edson-queiroz\/#primaryimage"},"image":{"@id":"https:\/\/previews.elleven.digital\/acocearense\/noticia\/presidente-do-grupo-aco-cearense-vilmar-ferreira-foi-homenageado-com-medalha-edson-queiroz\/#primaryimage"},"thumbnailUrl":"https:\/\/previews.elleven.digital\/acocearense\/wp-content\/uploads\/2025\/05\/Design-sem-nome-4-1.png","datePublished":"2018-12-20T17:05:10+00:00","dateModified":"2025-05-07T18:05:58+00:00","breadcrumb":{"@id":"https:\/\/previews.elleven.digital\/acocearense\/noticia\/presidente-do-grupo-aco-cearense-vilmar-ferreira-foi-homenageado-com-medalha-edson-queiroz\/#breadcrumb"},"inLanguage":"pt-BR","potentialAction":[{"@type":"ReadAction","target":["https:\/\/previews.elleven.digital\/acocearense\/noticia\/presidente-do-grupo-aco-cearense-vilmar-ferreira-foi-homenageado-com-medalha-edson-queiroz\/"]}]},{"@type":"ImageObject","inLanguage":"pt-BR","@id":"https:\/\/previews.elleven.digital\/acocearense\/noticia\/presidente-do-grupo-aco-cearense-vilmar-ferreira-foi-homenageado-com-medalha-edson-queiroz\/#primaryimage","url":"https:\/\/previews.elleven.digital\/acocearense\/wp-content\/uploads\/2025\/05\/Design-sem-nome-4-1.png","contentUrl":"https:\/\/previews.elleven.digital\/acocearense\/wp-content\/uploads\/2025\/05\/Design-sem-nome-4-1.png","width":800,"height":600},{"@type":"BreadcrumbList","@id":"https:\/\/previews.elleven.digital\/acocearense\/noticia\/presidente-do-grupo-aco-cearense-vilmar-ferreira-foi-homenageado-com-medalha-edson-queiroz\/#breadcrumb","itemListElement":[{"@type":"ListItem","position":1,"name":"In\u00edcio","item":"https:\/\/previews.elleven.digital\/acocearense\/"},{"@type":"ListItem","position":2,"name":"Not\u00edcias","item":"https:\/\/previews.elleven.digital\/acocearense\/noticias\/"},{"@type":"ListItem","position":3,"name":"Presidente do Grupo A\u00e7o Cearense, Vilmar Ferreira, foi homenageado com Medalha Edson Queiroz"}]},{"@type":"WebSite","@id":"https:\/\/previews.elleven.digital\/acocearense\/#website","url":"https:\/\/previews.elleven.digital\/acocearense\/","name":"A\u00e7o Cearense","description":"H\u00e1 mais de 45 anos no mercado brasileiro do a\u00e7o.","alternateName":"A\u00e7o Cearense","potentialAction":[{"@type":"SearchAction","target":{"@type":"EntryPoint","urlTemplate":"https:\/\/previews.elleven.digital\/acocearense\/?s={search_term_string}"},"query-input":{"@type":"PropertyValueSpecification","valueRequired":true,"valueName":"search_term_string"}}],"inLanguage":"pt-BR"}]}},"_links":{"self":[{"href":"https:\/\/previews.elleven.digital\/acocearense\/wp-json\/wp\/v2\/noticia\/1812","targetHints":{"allow":["GET"]}}],"collection":[{"href":"https:\/\/previews.elleven.digital\/acocearense\/wp-json\/wp\/v2\/noticia"}],"about":[{"href":"https:\/\/previews.elleven.digital\/acocearense\/wp-json\/wp\/v2\/types\/noticia"}],"wp:featuredmedia":[{"embeddable":true,"href":"https:\/\/previews.elleven.digital\/acocearense\/wp-json\/wp\/v2\/media\/1794"}],"wp:attachment":[{"href":"https:\/\/previews.elleven.digital\/acocearense\/wp-json\/wp\/v2\/media?parent=1812"}],"wp:term":[{"taxonomy":"categoria-noticia","embeddable":true,"href":"https:\/\/previews.elleven.digital\/acocearense\/wp-json\/wp\/v2\/categoria-noticia?post=1812"}],"curies":[{"name":"wp","href":"https:\/\/api.w.org\/{rel}","templated":true}]}}