{"id":1811,"date":"2018-12-04T15:04:36","date_gmt":"2018-12-04T17:04:36","guid":{"rendered":"https:\/\/previews.elleven.digital\/acocearense\/?post_type=noticia&#038;p=1811"},"modified":"2025-05-07T15:05:01","modified_gmt":"2025-05-07T18:05:01","slug":"gilberto-silva-alcanca-o-podio-no-campeonato-brasileiro-de-paraciclismo","status":"publish","type":"noticia","link":"https:\/\/previews.elleven.digital\/acocearense\/noticia\/gilberto-silva-alcanca-o-podio-no-campeonato-brasileiro-de-paraciclismo\/","title":{"rendered":"Gilberto Silva alcan\u00e7a o p\u00f3dio no Campeonato Brasileiro de Paraciclismo"},"content":{"rendered":"<div class=\"m_-2644705107962480602m_-2027699718583936112m_-426637670990248954gmail-m_-6431730198934934537gmail-AD2M2015Texto\">O paraciclista Gilberto Silva, patrocinado pelo Instituto A\u00e7o Cearense, alcan\u00e7ou a terceira coloca\u00e7\u00e3o no Campeonato Brasileiro de Paraciclismo, ficando entre os melhores do pa\u00eds na categoria C5.\u00a0 O evento aconteceu no \u00faltimo fim de semana, 24 e 25 de novembro, em S\u00e3o Carlos-SP.<\/div>\n<div class=\"m_-2644705107962480602m_-2027699718583936112m_-426637670990248954gmail-m_-6431730198934934537gmail-AD2M2015Texto\"><\/div>\n<div class=\"m_-2644705107962480602m_-2027699718583936112m_-426637670990248954gmail-m_-6431730198934934537gmail-AD2M2015Texto\">Gilberto treinou bastante durante todo o ano e participou de provas importantes, como o Campeonato Brasileiro e o Panamericano. Segundo o atleta, essa conquista foi muito importante para sua carreira esportiva. \u201cFoi um momento de supera\u00e7\u00e3o, ficar entre os tr\u00eas melhores do Brasil \u00e9 uma honra\u201d, afirma.<\/div>\n","protected":false},"featured_media":1795,"template":"","meta":{"_acf_changed":false,"inline_featured_image":false},"categoria-noticia":[],"class_list":["post-1811","noticia","type-noticia","status-publish","has-post-thumbnail","hentry"],"acf":{"link":""},"yoast_head":"<!-- This site is optimized with the Yoast SEO plugin v25.9 - https:\/\/yoast.com\/wordpress\/plugins\/seo\/ -->\n<title>Gilberto Silva alcan\u00e7a o p\u00f3dio no Campeonato Brasileiro de Paraciclismo - Grupo A\u00e7o Cearense<\/title>\n<meta name=\"robots\" content=\"index, follow, max-snippet:-1, max-image-preview:large, max-video-preview:-1\" \/>\n<link rel=\"canonical\" href=\"https:\/\/previews.elleven.digital\/acocearense\/noticia\/gilberto-silva-alcanca-o-podio-no-campeonato-brasileiro-de-paraciclismo\/\" \/>\n<meta property=\"og:locale\" content=\"pt_BR\" \/>\n<meta property=\"og:type\" content=\"article\" \/>\n<meta property=\"og:title\" content=\"Gilberto Silva alcan\u00e7a o p\u00f3dio no Campeonato Brasileiro de Paraciclismo - Grupo A\u00e7o Cearense\" \/>\n<meta property=\"og:description\" content=\"O paraciclista Gilberto Silva, patrocinado pelo Instituto A\u00e7o Cearense, alcan\u00e7ou a terceira coloca\u00e7\u00e3o no Campeonato(...)\" \/>\n<meta property=\"og:url\" content=\"https:\/\/previews.elleven.digital\/acocearense\/noticia\/gilberto-silva-alcanca-o-podio-no-campeonato-brasileiro-de-paraciclismo\/\" \/>\n<meta property=\"og:site_name\" content=\"Grupo A\u00e7o Cearense\" \/>\n<meta property=\"article:modified_time\" content=\"2025-05-07T18:05:01+00:00\" \/>\n<meta property=\"og:image\" content=\"https:\/\/previews.elleven.digital\/acocearense\/wp-content\/uploads\/2025\/05\/Campeonato-Brasileiro-de-Paraciclismo.jpeg\" \/>\n\t<meta property=\"og:image:width\" content=\"1280\" \/>\n\t<meta property=\"og:image:height\" content=\"960\" \/>\n\t<meta property=\"og:image:type\" content=\"image\/jpeg\" \/>\n<meta name=\"twitter:card\" content=\"summary_large_image\" \/>\n<meta name=\"twitter:label1\" content=\"Est. tempo de leitura\" \/>\n\t<meta name=\"twitter:data1\" content=\"1 minuto\" \/>\n<script type=\"application\/ld+json\" class=\"yoast-schema-graph\">{\"@context\":\"https:\/\/schema.org\",\"@graph\":[{\"@type\":\"WebPage\",\"@id\":\"https:\/\/previews.elleven.digital\/acocearense\/noticia\/gilberto-silva-alcanca-o-podio-no-campeonato-brasileiro-de-paraciclismo\/\",\"url\":\"https:\/\/previews.elleven.digital\/acocearense\/noticia\/gilberto-silva-alcanca-o-podio-no-campeonato-brasileiro-de-paraciclismo\/\",\"name\":\"Gilberto Silva alcan\u00e7a o p\u00f3dio no Campeonato Brasileiro de Paraciclismo - Grupo A\u00e7o Cearense\",\"isPartOf\":{\"@id\":\"https:\/\/previews.elleven.digital\/acocearense\/#website\"},\"primaryImageOfPage\":{\"@id\":\"https:\/\/previews.elleven.digital\/acocearense\/noticia\/gilberto-silva-alcanca-o-podio-no-campeonato-brasileiro-de-paraciclismo\/#primaryimage\"},\"image\":{\"@id\":\"https:\/\/previews.elleven.digital\/acocearense\/noticia\/gilberto-silva-alcanca-o-podio-no-campeonato-brasileiro-de-paraciclismo\/#primaryimage\"},\"thumbnailUrl\":\"https:\/\/previews.elleven.digital\/acocearense\/wp-content\/uploads\/2025\/05\/Campeonato-Brasileiro-de-Paraciclismo.jpeg\",\"datePublished\":\"2018-12-04T17:04:36+00:00\",\"dateModified\":\"2025-05-07T18:05:01+00:00\",\"breadcrumb\":{\"@id\":\"https:\/\/previews.elleven.digital\/acocearense\/noticia\/gilberto-silva-alcanca-o-podio-no-campeonato-brasileiro-de-paraciclismo\/#breadcrumb\"},\"inLanguage\":\"pt-BR\",\"potentialAction\":[{\"@type\":\"ReadAction\",\"target\":[\"https:\/\/previews.elleven.digital\/acocearense\/noticia\/gilberto-silva-alcanca-o-podio-no-campeonato-brasileiro-de-paraciclismo\/\"]}]},{\"@type\":\"ImageObject\",\"inLanguage\":\"pt-BR\",\"@id\":\"https:\/\/previews.elleven.digital\/acocearense\/noticia\/gilberto-silva-alcanca-o-podio-no-campeonato-brasileiro-de-paraciclismo\/#primaryimage\",\"url\":\"https:\/\/previews.elleven.digital\/acocearense\/wp-content\/uploads\/2025\/05\/Campeonato-Brasileiro-de-Paraciclismo.jpeg\",\"contentUrl\":\"https:\/\/previews.elleven.digital\/acocearense\/wp-content\/uploads\/2025\/05\/Campeonato-Brasileiro-de-Paraciclismo.jpeg\",\"width\":1280,\"height\":960},{\"@type\":\"BreadcrumbList\",\"@id\":\"https:\/\/previews.elleven.digital\/acocearense\/noticia\/gilberto-silva-alcanca-o-podio-no-campeonato-brasileiro-de-paraciclismo\/#breadcrumb\",\"itemListElement\":[{\"@type\":\"ListItem\",\"position\":1,\"name\":\"In\u00edcio\",\"item\":\"https:\/\/previews.elleven.digital\/acocearense\/\"},{\"@type\":\"ListItem\",\"position\":2,\"name\":\"Not\u00edcias\",\"item\":\"https:\/\/previews.elleven.digital\/acocearense\/noticias\/\"},{\"@type\":\"ListItem\",\"position\":3,\"name\":\"Gilberto Silva alcan\u00e7a o p\u00f3dio no Campeonato Brasileiro de Paraciclismo\"}]},{\"@type\":\"WebSite\",\"@id\":\"https:\/\/previews.elleven.digital\/acocearense\/#website\",\"url\":\"https:\/\/previews.elleven.digital\/acocearense\/\",\"name\":\"A\u00e7o Cearense\",\"description\":\"H\u00e1 mais de 45 anos no mercado brasileiro do a\u00e7o.\",\"alternateName\":\"A\u00e7o Cearense\",\"potentialAction\":[{\"@type\":\"SearchAction\",\"target\":{\"@type\":\"EntryPoint\",\"urlTemplate\":\"https:\/\/previews.elleven.digital\/acocearense\/?s={search_term_string}\"},\"query-input\":{\"@type\":\"PropertyValueSpecification\",\"valueRequired\":true,\"valueName\":\"search_term_string\"}}],\"inLanguage\":\"pt-BR\"}]}<\/script>\n<!-- \/ Yoast SEO plugin. -->","yoast_head_json":{"title":"Gilberto Silva alcan\u00e7a o p\u00f3dio no Campeonato Brasileiro de Paraciclismo - Grupo A\u00e7o Cearense","robots":{"index":"index","follow":"follow","max-snippet":"max-snippet:-1","max-image-preview":"max-image-preview:large","max-video-preview":"max-video-preview:-1"},"canonical":"https:\/\/previews.elleven.digital\/acocearense\/noticia\/gilberto-silva-alcanca-o-podio-no-campeonato-brasileiro-de-paraciclismo\/","og_locale":"pt_BR","og_type":"article","og_title":"Gilberto Silva alcan\u00e7a o p\u00f3dio no Campeonato Brasileiro de Paraciclismo - Grupo A\u00e7o Cearense","og_description":"O paraciclista Gilberto Silva, patrocinado pelo Instituto A\u00e7o Cearense, alcan\u00e7ou a terceira coloca\u00e7\u00e3o no Campeonato(...)","og_url":"https:\/\/previews.elleven.digital\/acocearense\/noticia\/gilberto-silva-alcanca-o-podio-no-campeonato-brasileiro-de-paraciclismo\/","og_site_name":"Grupo A\u00e7o Cearense","article_modified_time":"2025-05-07T18:05:01+00:00","og_image":[{"width":1280,"height":960,"url":"https:\/\/previews.elleven.digital\/acocearense\/wp-content\/uploads\/2025\/05\/Campeonato-Brasileiro-de-Paraciclismo.jpeg","type":"image\/jpeg"}],"twitter_card":"summary_large_image","twitter_misc":{"Est. tempo de leitura":"1 minuto"},"schema":{"@context":"https:\/\/schema.org","@graph":[{"@type":"WebPage","@id":"https:\/\/previews.elleven.digital\/acocearense\/noticia\/gilberto-silva-alcanca-o-podio-no-campeonato-brasileiro-de-paraciclismo\/","url":"https:\/\/previews.elleven.digital\/acocearense\/noticia\/gilberto-silva-alcanca-o-podio-no-campeonato-brasileiro-de-paraciclismo\/","name":"Gilberto Silva alcan\u00e7a o p\u00f3dio no Campeonato Brasileiro de Paraciclismo - Grupo A\u00e7o Cearense","isPartOf":{"@id":"https:\/\/previews.elleven.digital\/acocearense\/#website"},"primaryImageOfPage":{"@id":"https:\/\/previews.elleven.digital\/acocearense\/noticia\/gilberto-silva-alcanca-o-podio-no-campeonato-brasileiro-de-paraciclismo\/#primaryimage"},"image":{"@id":"https:\/\/previews.elleven.digital\/acocearense\/noticia\/gilberto-silva-alcanca-o-podio-no-campeonato-brasileiro-de-paraciclismo\/#primaryimage"},"thumbnailUrl":"https:\/\/previews.elleven.digital\/acocearense\/wp-content\/uploads\/2025\/05\/Campeonato-Brasileiro-de-Paraciclismo.jpeg","datePublished":"2018-12-04T17:04:36+00:00","dateModified":"2025-05-07T18:05:01+00:00","breadcrumb":{"@id":"https:\/\/previews.elleven.digital\/acocearense\/noticia\/gilberto-silva-alcanca-o-podio-no-campeonato-brasileiro-de-paraciclismo\/#breadcrumb"},"inLanguage":"pt-BR","potentialAction":[{"@type":"ReadAction","target":["https:\/\/previews.elleven.digital\/acocearense\/noticia\/gilberto-silva-alcanca-o-podio-no-campeonato-brasileiro-de-paraciclismo\/"]}]},{"@type":"ImageObject","inLanguage":"pt-BR","@id":"https:\/\/previews.elleven.digital\/acocearense\/noticia\/gilberto-silva-alcanca-o-podio-no-campeonato-brasileiro-de-paraciclismo\/#primaryimage","url":"https:\/\/previews.elleven.digital\/acocearense\/wp-content\/uploads\/2025\/05\/Campeonato-Brasileiro-de-Paraciclismo.jpeg","contentUrl":"https:\/\/previews.elleven.digital\/acocearense\/wp-content\/uploads\/2025\/05\/Campeonato-Brasileiro-de-Paraciclismo.jpeg","width":1280,"height":960},{"@type":"BreadcrumbList","@id":"https:\/\/previews.elleven.digital\/acocearense\/noticia\/gilberto-silva-alcanca-o-podio-no-campeonato-brasileiro-de-paraciclismo\/#breadcrumb","itemListElement":[{"@type":"ListItem","position":1,"name":"In\u00edcio","item":"https:\/\/previews.elleven.digital\/acocearense\/"},{"@type":"ListItem","position":2,"name":"Not\u00edcias","item":"https:\/\/previews.elleven.digital\/acocearense\/noticias\/"},{"@type":"ListItem","position":3,"name":"Gilberto Silva alcan\u00e7a o p\u00f3dio no Campeonato Brasileiro de Paraciclismo"}]},{"@type":"WebSite","@id":"https:\/\/previews.elleven.digital\/acocearense\/#website","url":"https:\/\/previews.elleven.digital\/acocearense\/","name":"A\u00e7o Cearense","description":"H\u00e1 mais de 45 anos no mercado brasileiro do a\u00e7o.","alternateName":"A\u00e7o Cearense","potentialAction":[{"@type":"SearchAction","target":{"@type":"EntryPoint","urlTemplate":"https:\/\/previews.elleven.digital\/acocearense\/?s={search_term_string}"},"query-input":{"@type":"PropertyValueSpecification","valueRequired":true,"valueName":"search_term_string"}}],"inLanguage":"pt-BR"}]}},"_links":{"self":[{"href":"https:\/\/previews.elleven.digital\/acocearense\/wp-json\/wp\/v2\/noticia\/1811","targetHints":{"allow":["GET"]}}],"collection":[{"href":"https:\/\/previews.elleven.digital\/acocearense\/wp-json\/wp\/v2\/noticia"}],"about":[{"href":"https:\/\/previews.elleven.digital\/acocearense\/wp-json\/wp\/v2\/types\/noticia"}],"wp:featuredmedia":[{"embeddable":true,"href":"https:\/\/previews.elleven.digital\/acocearense\/wp-json\/wp\/v2\/media\/1795"}],"wp:attachment":[{"href":"https:\/\/previews.elleven.digital\/acocearense\/wp-json\/wp\/v2\/media?parent=1811"}],"wp:term":[{"taxonomy":"categoria-noticia","embeddable":true,"href":"https:\/\/previews.elleven.digital\/acocearense\/wp-json\/wp\/v2\/categoria-noticia?post=1811"}],"curies":[{"name":"wp","href":"https:\/\/api.w.org\/{rel}","templated":true}]}}