{"id":1810,"date":"2018-11-21T15:04:06","date_gmt":"2018-11-21T17:04:06","guid":{"rendered":"https:\/\/previews.elleven.digital\/acocearense\/?post_type=noticia&#038;p=1810"},"modified":"2025-05-07T15:04:32","modified_gmt":"2025-05-07T18:04:32","slug":"voce-conhece-o-proposito-do-gac","status":"publish","type":"noticia","link":"https:\/\/previews.elleven.digital\/acocearense\/noticia\/voce-conhece-o-proposito-do-gac\/","title":{"rendered":"Voc\u00ea conhece o prop\u00f3sito do GAC?"},"content":{"rendered":"<p>Especialistas afirmam que quando uma empresa tem um prop\u00f3sito real e verdadeiro d\u00e1 um motivo vis\u00edvel para que decis\u00f5es sejam tomadas e, tarefas, executadas. Nos \u00faltimos meses o GAC vem passando por mudan\u00e7as com a implanta\u00e7\u00e3o do Planejamento Estrat\u00e9gico, entre essas est\u00e1 a nova Pol\u00edtica B\u00e1sica do Grupo, que vai nortear todos os trabalhos, planejamentos e investimentos realizados.<\/p>\n<p>A Pol\u00edtica B\u00e1sica do Grupo \u00e9 composta por Prop\u00f3sito, Miss\u00e3o, Vis\u00e3o e Valores. Para come\u00e7ar a conhec\u00ea-la, vamos falar sobre o seu primeiro pilar: o Prop\u00f3sito.<br \/>\n\u201cContribuir para o desenvolvimento do pa\u00eds, fomentando o crescimento dos clientes\u201d, este \u00e9 o prop\u00f3sito do Grupo A\u00e7o Cearense. Para Cinthia Cavalcanti, Diretora de Desenvolvimento Organizacional e TI, \u201co nosso trabalho faz muito sentido quando vislumbramos que v\u00e1rias pessoas s\u00e3o impactadas positivamente por ele, sejam pr\u00f3ximos a n\u00f3s, como nossos clientes, sejam todos os brasileiros que tem sua vida melhorada em um pa\u00eds desenvolvido de forma sustent\u00e1vel\u201d.<\/p>\n<p>O prop\u00f3sito \u00e9 um motivo para se orgulhar, para acreditar que o seu trabalho tem impacto em algum lugar. Raimundo Feliciano, da \u00e1rea de Constru\u00e7\u00e3o Civil da ACI Matriz, afirma: \u201cEu acho que esse prop\u00f3sito do Grupo n\u00e3o \u00e9 importante somente para a empresa, mas para todos os colaboradores e clientes tamb\u00e9m, achei excelente. \u00c9 uma iniciativa muito boa, de melhorar tudo, nossa regi\u00e3o, o munic\u00edpio e at\u00e9 o pa\u00eds\u201d.<\/p>\n","protected":false},"featured_media":1796,"template":"","meta":{"_acf_changed":false,"inline_featured_image":false},"categoria-noticia":[],"class_list":["post-1810","noticia","type-noticia","status-publish","has-post-thumbnail","hentry"],"acf":{"link":""},"yoast_head":"<!-- This site is optimized with the Yoast SEO plugin v25.9 - https:\/\/yoast.com\/wordpress\/plugins\/seo\/ -->\n<title>Voc\u00ea conhece o prop\u00f3sito do GAC? - Grupo A\u00e7o Cearense<\/title>\n<meta name=\"robots\" content=\"index, follow, max-snippet:-1, max-image-preview:large, max-video-preview:-1\" \/>\n<link rel=\"canonical\" href=\"https:\/\/previews.elleven.digital\/acocearense\/noticia\/voce-conhece-o-proposito-do-gac\/\" \/>\n<meta property=\"og:locale\" content=\"pt_BR\" \/>\n<meta property=\"og:type\" content=\"article\" \/>\n<meta property=\"og:title\" content=\"Voc\u00ea conhece o prop\u00f3sito do GAC? - Grupo A\u00e7o Cearense\" \/>\n<meta property=\"og:description\" content=\"Especialistas afirmam que quando uma empresa tem um prop\u00f3sito real e verdadeiro d\u00e1 um motivo(...)\" \/>\n<meta property=\"og:url\" content=\"https:\/\/previews.elleven.digital\/acocearense\/noticia\/voce-conhece-o-proposito-do-gac\/\" \/>\n<meta property=\"og:site_name\" content=\"Grupo A\u00e7o Cearense\" \/>\n<meta property=\"article:modified_time\" content=\"2025-05-07T18:04:32+00:00\" \/>\n<meta property=\"og:image\" content=\"https:\/\/previews.elleven.digital\/acocearense\/wp-content\/uploads\/2025\/05\/proposito-gac.png\" \/>\n\t<meta property=\"og:image:width\" content=\"400\" \/>\n\t<meta property=\"og:image:height\" content=\"300\" \/>\n\t<meta property=\"og:image:type\" content=\"image\/png\" \/>\n<meta name=\"twitter:card\" content=\"summary_large_image\" \/>\n<meta name=\"twitter:label1\" content=\"Est. tempo de leitura\" \/>\n\t<meta name=\"twitter:data1\" content=\"2 minutos\" \/>\n<script type=\"application\/ld+json\" class=\"yoast-schema-graph\">{\"@context\":\"https:\/\/schema.org\",\"@graph\":[{\"@type\":\"WebPage\",\"@id\":\"https:\/\/previews.elleven.digital\/acocearense\/noticia\/voce-conhece-o-proposito-do-gac\/\",\"url\":\"https:\/\/previews.elleven.digital\/acocearense\/noticia\/voce-conhece-o-proposito-do-gac\/\",\"name\":\"Voc\u00ea conhece o prop\u00f3sito do GAC? - Grupo A\u00e7o Cearense\",\"isPartOf\":{\"@id\":\"https:\/\/previews.elleven.digital\/acocearense\/#website\"},\"primaryImageOfPage\":{\"@id\":\"https:\/\/previews.elleven.digital\/acocearense\/noticia\/voce-conhece-o-proposito-do-gac\/#primaryimage\"},\"image\":{\"@id\":\"https:\/\/previews.elleven.digital\/acocearense\/noticia\/voce-conhece-o-proposito-do-gac\/#primaryimage\"},\"thumbnailUrl\":\"https:\/\/previews.elleven.digital\/acocearense\/wp-content\/uploads\/2025\/05\/proposito-gac.png\",\"datePublished\":\"2018-11-21T17:04:06+00:00\",\"dateModified\":\"2025-05-07T18:04:32+00:00\",\"breadcrumb\":{\"@id\":\"https:\/\/previews.elleven.digital\/acocearense\/noticia\/voce-conhece-o-proposito-do-gac\/#breadcrumb\"},\"inLanguage\":\"pt-BR\",\"potentialAction\":[{\"@type\":\"ReadAction\",\"target\":[\"https:\/\/previews.elleven.digital\/acocearense\/noticia\/voce-conhece-o-proposito-do-gac\/\"]}]},{\"@type\":\"ImageObject\",\"inLanguage\":\"pt-BR\",\"@id\":\"https:\/\/previews.elleven.digital\/acocearense\/noticia\/voce-conhece-o-proposito-do-gac\/#primaryimage\",\"url\":\"https:\/\/previews.elleven.digital\/acocearense\/wp-content\/uploads\/2025\/05\/proposito-gac.png\",\"contentUrl\":\"https:\/\/previews.elleven.digital\/acocearense\/wp-content\/uploads\/2025\/05\/proposito-gac.png\",\"width\":400,\"height\":300},{\"@type\":\"BreadcrumbList\",\"@id\":\"https:\/\/previews.elleven.digital\/acocearense\/noticia\/voce-conhece-o-proposito-do-gac\/#breadcrumb\",\"itemListElement\":[{\"@type\":\"ListItem\",\"position\":1,\"name\":\"In\u00edcio\",\"item\":\"https:\/\/previews.elleven.digital\/acocearense\/\"},{\"@type\":\"ListItem\",\"position\":2,\"name\":\"Not\u00edcias\",\"item\":\"https:\/\/previews.elleven.digital\/acocearense\/noticias\/\"},{\"@type\":\"ListItem\",\"position\":3,\"name\":\"Voc\u00ea conhece o prop\u00f3sito do GAC?\"}]},{\"@type\":\"WebSite\",\"@id\":\"https:\/\/previews.elleven.digital\/acocearense\/#website\",\"url\":\"https:\/\/previews.elleven.digital\/acocearense\/\",\"name\":\"A\u00e7o Cearense\",\"description\":\"H\u00e1 mais de 45 anos no mercado brasileiro do a\u00e7o.\",\"alternateName\":\"A\u00e7o Cearense\",\"potentialAction\":[{\"@type\":\"SearchAction\",\"target\":{\"@type\":\"EntryPoint\",\"urlTemplate\":\"https:\/\/previews.elleven.digital\/acocearense\/?s={search_term_string}\"},\"query-input\":{\"@type\":\"PropertyValueSpecification\",\"valueRequired\":true,\"valueName\":\"search_term_string\"}}],\"inLanguage\":\"pt-BR\"}]}<\/script>\n<!-- \/ Yoast SEO plugin. -->","yoast_head_json":{"title":"Voc\u00ea conhece o prop\u00f3sito do GAC? - Grupo A\u00e7o Cearense","robots":{"index":"index","follow":"follow","max-snippet":"max-snippet:-1","max-image-preview":"max-image-preview:large","max-video-preview":"max-video-preview:-1"},"canonical":"https:\/\/previews.elleven.digital\/acocearense\/noticia\/voce-conhece-o-proposito-do-gac\/","og_locale":"pt_BR","og_type":"article","og_title":"Voc\u00ea conhece o prop\u00f3sito do GAC? - Grupo A\u00e7o Cearense","og_description":"Especialistas afirmam que quando uma empresa tem um prop\u00f3sito real e verdadeiro d\u00e1 um motivo(...)","og_url":"https:\/\/previews.elleven.digital\/acocearense\/noticia\/voce-conhece-o-proposito-do-gac\/","og_site_name":"Grupo A\u00e7o Cearense","article_modified_time":"2025-05-07T18:04:32+00:00","og_image":[{"width":400,"height":300,"url":"https:\/\/previews.elleven.digital\/acocearense\/wp-content\/uploads\/2025\/05\/proposito-gac.png","type":"image\/png"}],"twitter_card":"summary_large_image","twitter_misc":{"Est. tempo de leitura":"2 minutos"},"schema":{"@context":"https:\/\/schema.org","@graph":[{"@type":"WebPage","@id":"https:\/\/previews.elleven.digital\/acocearense\/noticia\/voce-conhece-o-proposito-do-gac\/","url":"https:\/\/previews.elleven.digital\/acocearense\/noticia\/voce-conhece-o-proposito-do-gac\/","name":"Voc\u00ea conhece o prop\u00f3sito do GAC? - Grupo A\u00e7o Cearense","isPartOf":{"@id":"https:\/\/previews.elleven.digital\/acocearense\/#website"},"primaryImageOfPage":{"@id":"https:\/\/previews.elleven.digital\/acocearense\/noticia\/voce-conhece-o-proposito-do-gac\/#primaryimage"},"image":{"@id":"https:\/\/previews.elleven.digital\/acocearense\/noticia\/voce-conhece-o-proposito-do-gac\/#primaryimage"},"thumbnailUrl":"https:\/\/previews.elleven.digital\/acocearense\/wp-content\/uploads\/2025\/05\/proposito-gac.png","datePublished":"2018-11-21T17:04:06+00:00","dateModified":"2025-05-07T18:04:32+00:00","breadcrumb":{"@id":"https:\/\/previews.elleven.digital\/acocearense\/noticia\/voce-conhece-o-proposito-do-gac\/#breadcrumb"},"inLanguage":"pt-BR","potentialAction":[{"@type":"ReadAction","target":["https:\/\/previews.elleven.digital\/acocearense\/noticia\/voce-conhece-o-proposito-do-gac\/"]}]},{"@type":"ImageObject","inLanguage":"pt-BR","@id":"https:\/\/previews.elleven.digital\/acocearense\/noticia\/voce-conhece-o-proposito-do-gac\/#primaryimage","url":"https:\/\/previews.elleven.digital\/acocearense\/wp-content\/uploads\/2025\/05\/proposito-gac.png","contentUrl":"https:\/\/previews.elleven.digital\/acocearense\/wp-content\/uploads\/2025\/05\/proposito-gac.png","width":400,"height":300},{"@type":"BreadcrumbList","@id":"https:\/\/previews.elleven.digital\/acocearense\/noticia\/voce-conhece-o-proposito-do-gac\/#breadcrumb","itemListElement":[{"@type":"ListItem","position":1,"name":"In\u00edcio","item":"https:\/\/previews.elleven.digital\/acocearense\/"},{"@type":"ListItem","position":2,"name":"Not\u00edcias","item":"https:\/\/previews.elleven.digital\/acocearense\/noticias\/"},{"@type":"ListItem","position":3,"name":"Voc\u00ea conhece o prop\u00f3sito do GAC?"}]},{"@type":"WebSite","@id":"https:\/\/previews.elleven.digital\/acocearense\/#website","url":"https:\/\/previews.elleven.digital\/acocearense\/","name":"A\u00e7o Cearense","description":"H\u00e1 mais de 45 anos no mercado brasileiro do a\u00e7o.","alternateName":"A\u00e7o Cearense","potentialAction":[{"@type":"SearchAction","target":{"@type":"EntryPoint","urlTemplate":"https:\/\/previews.elleven.digital\/acocearense\/?s={search_term_string}"},"query-input":{"@type":"PropertyValueSpecification","valueRequired":true,"valueName":"search_term_string"}}],"inLanguage":"pt-BR"}]}},"_links":{"self":[{"href":"https:\/\/previews.elleven.digital\/acocearense\/wp-json\/wp\/v2\/noticia\/1810","targetHints":{"allow":["GET"]}}],"collection":[{"href":"https:\/\/previews.elleven.digital\/acocearense\/wp-json\/wp\/v2\/noticia"}],"about":[{"href":"https:\/\/previews.elleven.digital\/acocearense\/wp-json\/wp\/v2\/types\/noticia"}],"wp:featuredmedia":[{"embeddable":true,"href":"https:\/\/previews.elleven.digital\/acocearense\/wp-json\/wp\/v2\/media\/1796"}],"wp:attachment":[{"href":"https:\/\/previews.elleven.digital\/acocearense\/wp-json\/wp\/v2\/media?parent=1810"}],"wp:term":[{"taxonomy":"categoria-noticia","embeddable":true,"href":"https:\/\/previews.elleven.digital\/acocearense\/wp-json\/wp\/v2\/categoria-noticia?post=1810"}],"curies":[{"name":"wp","href":"https:\/\/api.w.org\/{rel}","templated":true}]}}