{"id":1809,"date":"2018-11-21T15:03:28","date_gmt":"2018-11-21T17:03:28","guid":{"rendered":"https:\/\/previews.elleven.digital\/acocearense\/?post_type=noticia&#038;p=1809"},"modified":"2025-05-07T15:04:04","modified_gmt":"2025-05-07T18:04:04","slug":"corrida-do-aco-e-caminhada-mobilizam-maraba-e-regiao","status":"publish","type":"noticia","link":"https:\/\/previews.elleven.digital\/acocearense\/noticia\/corrida-do-aco-e-caminhada-mobilizam-maraba-e-regiao\/","title":{"rendered":"Corrida do A\u00e7o e Caminhada mobilizam Marab\u00e1 e regi\u00e3o"},"content":{"rendered":"<div class=\"col-12 col-md-8\">\n<div class=\"twocolumn\">\n<div class=\"conteudo\">\n<div class=\"box__texto\">\n<p>A 8\u00aa Corrida do A\u00e7o e a 3\u00aa Caminhada, ocorridas no dia 11 de novembro, mais uma vez foram um sucesso. O evento mobilizou uma grande quantidade de pessoas na Pra\u00e7a S\u00e3o Felix Valois, em frente \u00e0 Orla de Marab\u00e1, de onde ocorreu a partida e chegada do evento esportivo. A iniciativa, realizada anualmente pela SINOBRAS, comemorou o anivers\u00e1rio de 12 anos da empresa \u2013 oficialmente celebrado no dia 6 de novembro \u2013 e o in\u00edcio da produ\u00e7\u00e3o de a\u00e7o no Par\u00e1.<\/p>\n<p><u><\/u><img loading=\"lazy\" decoding=\"async\" class=\"CToWUd a6T\" tabindex=\"0\" src=\"https:\/\/ci5.googleusercontent.com\/proxy\/4wVO2stOcHSbXffqlv5XOIFonNZKGmezpwYj8nO0Uh5Yb_ctSxjGyTd7ncFqEPYFBDSnsKvY4RTZ6k5EP8__bWcXuSMYA76b81cpisKylSk1De2LORcPsK9DRZ8O-pNoSPxHycFE5PSAsOppcAQWH4LDPK56vVaWC6k=s0-d-e1-ft#https:\/\/gallery.mailchimp.com\/89812147ef97f09ae727e0969\/images\/0c2b7f0a-4e8c-4f30-a022-cb967e354afc.jpg\" alt=\"https:\/\/gallery.mailchimp.com\/89812147ef97f09ae727e0969\/images\/0c2b7f0a-4e8c-4f30-a022-cb967e354afc.jpg\" width=\"200\" height=\"133\" align=\"left\" \/><u><\/u>\u00a0O grande vencedor da corrida pela SINOBRAS foi Jardel Vilar, da Lamina\u00e7\u00e3o, que fez o\u00a0 \u00a0percurso de 7 km em 24min45seg. \u201cTreinei demais, mas n\u00e3o esperava ganhar, pois \u00e9 o\u00a0 \u00a0oitavo ano que participo e nunca tinha chegado em 1\u00ba lugar antes. Fiquei muito feliz!\u00a0 \u00a0Agora, \u00e9 comemorar a vit\u00f3ria e me preparar para o pr\u00f3ximo ano\u201d, disse o atleta.<\/p>\n<p>Na ocasi\u00e3o, o Vice-presidente de Opera\u00e7\u00f5es do Grupo A\u00e7o Cearense, Ian Corr\u00eaa, acolheu os presentes, agradeceu a ades\u00e3o cada vez maior da popula\u00e7\u00e3o da cidade ao evento e enfatizou a import\u00e2ncia do mesmo para a propaga\u00e7\u00e3o da cultura da pr\u00e1tica esportiva. Milton Lima, Diretor Industrial, tamb\u00e9m agradeceu a participa\u00e7\u00e3o de todos.<\/p>\n<p>Ao todo, foram entregues R$ 7.600,00 em premia\u00e7\u00e3o. Os ganhadores da corrida, de cada categoria, receberam como premia\u00e7\u00e3o: trof\u00e9u, medalha e R$ 500, al\u00e9m de um kit do Caf\u00e9 Santa Clara (primeiro lugar); medalha e R$ 350 (segundo lugar); e medalha e R$ 250 (terceiro lugar). As premia\u00e7\u00f5es entregues para as duas melhores equipes \u2013 SINOBRAS e Comunidade \u2013 foram trof\u00e9u e R$ 500. Para a caminhada, n\u00e3o houve premia\u00e7\u00e3o espec\u00edfica. Os participantes receberam medalha de participa\u00e7\u00e3o, como todos os corredores.<br \/>\nAs fotos do evento est\u00e3o dispon\u00edveis para download na Galeria de Fotos da Intranet (<a href=\"https:\/\/grupoacocearense.us7.list-manage.com\/track\/click?u=89812147ef97f09ae727e0969&amp;id=c42ee39bf6&amp;e=7e6757f662\" target=\"_blank\" rel=\"noopener noreferrer\" data-saferedirecturl=\"https:\/\/www.google.com\/url?q=https:\/\/grupoacocearense.us7.list-manage.com\/track\/click?u%3D89812147ef97f09ae727e0969%26id%3Dc42ee39bf6%26e%3D7e6757f662&amp;source=gmail&amp;ust=1542907727406000&amp;usg=AFQjCNH2qv9MKXHom11k5mrY9vwBrf1Yyg\"><b>http:\/\/intranet\/<\/b><\/a>).<br \/>\nO resultado da corrida pode ser consultado no site da ChipTiming:\u00a0<a href=\"https:\/\/grupoacocearense.us7.list-manage.com\/track\/click?u=89812147ef97f09ae727e0969&amp;id=576d228aca&amp;e=7e6757f662\" target=\"_blank\" rel=\"noopener noreferrer\" data-saferedirecturl=\"https:\/\/www.google.com\/url?q=https:\/\/grupoacocearense.us7.list-manage.com\/track\/click?u%3D89812147ef97f09ae727e0969%26id%3D576d228aca%26e%3D7e6757f662&amp;source=gmail&amp;ust=1542907727406000&amp;usg=AFQjCNGmCvkMX043uO47r5NBCU6_kpkTbw\"><b>http:\/\/www.chiptiming.com.br\/<wbr \/>resultados\/corridadoaco\/<wbr \/>corridadooaco2018<\/b><\/a><\/p>\n<\/div>\n<\/div>\n<\/div>\n<\/div>\n","protected":false},"featured_media":1797,"template":"","meta":{"_acf_changed":false,"inline_featured_image":false},"categoria-noticia":[],"class_list":["post-1809","noticia","type-noticia","status-publish","has-post-thumbnail","hentry"],"acf":{"link":""},"yoast_head":"<!-- This site is optimized with the Yoast SEO plugin v25.9 - https:\/\/yoast.com\/wordpress\/plugins\/seo\/ -->\n<title>Corrida do A\u00e7o e Caminhada mobilizam Marab\u00e1 e regi\u00e3o - Grupo A\u00e7o Cearense<\/title>\n<meta name=\"robots\" content=\"index, follow, max-snippet:-1, max-image-preview:large, max-video-preview:-1\" \/>\n<link rel=\"canonical\" href=\"https:\/\/previews.elleven.digital\/acocearense\/noticia\/corrida-do-aco-e-caminhada-mobilizam-maraba-e-regiao\/\" \/>\n<meta property=\"og:locale\" content=\"pt_BR\" \/>\n<meta property=\"og:type\" content=\"article\" \/>\n<meta property=\"og:title\" content=\"Corrida do A\u00e7o e Caminhada mobilizam Marab\u00e1 e regi\u00e3o - Grupo A\u00e7o Cearense\" \/>\n<meta property=\"og:description\" content=\"A 8\u00aa Corrida do A\u00e7o e a 3\u00aa Caminhada, ocorridas no dia 11 de novembro,(...)\" \/>\n<meta property=\"og:url\" content=\"https:\/\/previews.elleven.digital\/acocearense\/noticia\/corrida-do-aco-e-caminhada-mobilizam-maraba-e-regiao\/\" \/>\n<meta property=\"og:site_name\" content=\"Grupo A\u00e7o Cearense\" \/>\n<meta property=\"article:modified_time\" content=\"2025-05-07T18:04:04+00:00\" \/>\n<meta property=\"og:image\" content=\"https:\/\/previews.elleven.digital\/acocearense\/wp-content\/uploads\/2025\/05\/unnamed-8.jpg\" \/>\n\t<meta property=\"og:image:width\" content=\"1024\" \/>\n\t<meta property=\"og:image:height\" content=\"724\" \/>\n\t<meta property=\"og:image:type\" content=\"image\/jpeg\" \/>\n<meta name=\"twitter:card\" content=\"summary_large_image\" \/>\n<meta name=\"twitter:label1\" content=\"Est. tempo de leitura\" \/>\n\t<meta name=\"twitter:data1\" content=\"3 minutos\" \/>\n<script type=\"application\/ld+json\" class=\"yoast-schema-graph\">{\"@context\":\"https:\/\/schema.org\",\"@graph\":[{\"@type\":\"WebPage\",\"@id\":\"https:\/\/previews.elleven.digital\/acocearense\/noticia\/corrida-do-aco-e-caminhada-mobilizam-maraba-e-regiao\/\",\"url\":\"https:\/\/previews.elleven.digital\/acocearense\/noticia\/corrida-do-aco-e-caminhada-mobilizam-maraba-e-regiao\/\",\"name\":\"Corrida do A\u00e7o e Caminhada mobilizam Marab\u00e1 e regi\u00e3o - Grupo A\u00e7o Cearense\",\"isPartOf\":{\"@id\":\"https:\/\/previews.elleven.digital\/acocearense\/#website\"},\"primaryImageOfPage\":{\"@id\":\"https:\/\/previews.elleven.digital\/acocearense\/noticia\/corrida-do-aco-e-caminhada-mobilizam-maraba-e-regiao\/#primaryimage\"},\"image\":{\"@id\":\"https:\/\/previews.elleven.digital\/acocearense\/noticia\/corrida-do-aco-e-caminhada-mobilizam-maraba-e-regiao\/#primaryimage\"},\"thumbnailUrl\":\"https:\/\/previews.elleven.digital\/acocearense\/wp-content\/uploads\/2025\/05\/unnamed-8.jpg\",\"datePublished\":\"2018-11-21T17:03:28+00:00\",\"dateModified\":\"2025-05-07T18:04:04+00:00\",\"breadcrumb\":{\"@id\":\"https:\/\/previews.elleven.digital\/acocearense\/noticia\/corrida-do-aco-e-caminhada-mobilizam-maraba-e-regiao\/#breadcrumb\"},\"inLanguage\":\"pt-BR\",\"potentialAction\":[{\"@type\":\"ReadAction\",\"target\":[\"https:\/\/previews.elleven.digital\/acocearense\/noticia\/corrida-do-aco-e-caminhada-mobilizam-maraba-e-regiao\/\"]}]},{\"@type\":\"ImageObject\",\"inLanguage\":\"pt-BR\",\"@id\":\"https:\/\/previews.elleven.digital\/acocearense\/noticia\/corrida-do-aco-e-caminhada-mobilizam-maraba-e-regiao\/#primaryimage\",\"url\":\"https:\/\/previews.elleven.digital\/acocearense\/wp-content\/uploads\/2025\/05\/unnamed-8.jpg\",\"contentUrl\":\"https:\/\/previews.elleven.digital\/acocearense\/wp-content\/uploads\/2025\/05\/unnamed-8.jpg\",\"width\":1024,\"height\":724},{\"@type\":\"BreadcrumbList\",\"@id\":\"https:\/\/previews.elleven.digital\/acocearense\/noticia\/corrida-do-aco-e-caminhada-mobilizam-maraba-e-regiao\/#breadcrumb\",\"itemListElement\":[{\"@type\":\"ListItem\",\"position\":1,\"name\":\"In\u00edcio\",\"item\":\"https:\/\/previews.elleven.digital\/acocearense\/\"},{\"@type\":\"ListItem\",\"position\":2,\"name\":\"Not\u00edcias\",\"item\":\"https:\/\/previews.elleven.digital\/acocearense\/noticias\/\"},{\"@type\":\"ListItem\",\"position\":3,\"name\":\"Corrida do A\u00e7o e Caminhada mobilizam Marab\u00e1 e regi\u00e3o\"}]},{\"@type\":\"WebSite\",\"@id\":\"https:\/\/previews.elleven.digital\/acocearense\/#website\",\"url\":\"https:\/\/previews.elleven.digital\/acocearense\/\",\"name\":\"A\u00e7o Cearense\",\"description\":\"H\u00e1 mais de 45 anos no mercado brasileiro do a\u00e7o.\",\"alternateName\":\"A\u00e7o Cearense\",\"potentialAction\":[{\"@type\":\"SearchAction\",\"target\":{\"@type\":\"EntryPoint\",\"urlTemplate\":\"https:\/\/previews.elleven.digital\/acocearense\/?s={search_term_string}\"},\"query-input\":{\"@type\":\"PropertyValueSpecification\",\"valueRequired\":true,\"valueName\":\"search_term_string\"}}],\"inLanguage\":\"pt-BR\"}]}<\/script>\n<!-- \/ Yoast SEO plugin. -->","yoast_head_json":{"title":"Corrida do A\u00e7o e Caminhada mobilizam Marab\u00e1 e regi\u00e3o - Grupo A\u00e7o Cearense","robots":{"index":"index","follow":"follow","max-snippet":"max-snippet:-1","max-image-preview":"max-image-preview:large","max-video-preview":"max-video-preview:-1"},"canonical":"https:\/\/previews.elleven.digital\/acocearense\/noticia\/corrida-do-aco-e-caminhada-mobilizam-maraba-e-regiao\/","og_locale":"pt_BR","og_type":"article","og_title":"Corrida do A\u00e7o e Caminhada mobilizam Marab\u00e1 e regi\u00e3o - Grupo A\u00e7o Cearense","og_description":"A 8\u00aa Corrida do A\u00e7o e a 3\u00aa Caminhada, ocorridas no dia 11 de novembro,(...)","og_url":"https:\/\/previews.elleven.digital\/acocearense\/noticia\/corrida-do-aco-e-caminhada-mobilizam-maraba-e-regiao\/","og_site_name":"Grupo A\u00e7o Cearense","article_modified_time":"2025-05-07T18:04:04+00:00","og_image":[{"width":1024,"height":724,"url":"https:\/\/previews.elleven.digital\/acocearense\/wp-content\/uploads\/2025\/05\/unnamed-8.jpg","type":"image\/jpeg"}],"twitter_card":"summary_large_image","twitter_misc":{"Est. tempo de leitura":"3 minutos"},"schema":{"@context":"https:\/\/schema.org","@graph":[{"@type":"WebPage","@id":"https:\/\/previews.elleven.digital\/acocearense\/noticia\/corrida-do-aco-e-caminhada-mobilizam-maraba-e-regiao\/","url":"https:\/\/previews.elleven.digital\/acocearense\/noticia\/corrida-do-aco-e-caminhada-mobilizam-maraba-e-regiao\/","name":"Corrida do A\u00e7o e Caminhada mobilizam Marab\u00e1 e regi\u00e3o - Grupo A\u00e7o Cearense","isPartOf":{"@id":"https:\/\/previews.elleven.digital\/acocearense\/#website"},"primaryImageOfPage":{"@id":"https:\/\/previews.elleven.digital\/acocearense\/noticia\/corrida-do-aco-e-caminhada-mobilizam-maraba-e-regiao\/#primaryimage"},"image":{"@id":"https:\/\/previews.elleven.digital\/acocearense\/noticia\/corrida-do-aco-e-caminhada-mobilizam-maraba-e-regiao\/#primaryimage"},"thumbnailUrl":"https:\/\/previews.elleven.digital\/acocearense\/wp-content\/uploads\/2025\/05\/unnamed-8.jpg","datePublished":"2018-11-21T17:03:28+00:00","dateModified":"2025-05-07T18:04:04+00:00","breadcrumb":{"@id":"https:\/\/previews.elleven.digital\/acocearense\/noticia\/corrida-do-aco-e-caminhada-mobilizam-maraba-e-regiao\/#breadcrumb"},"inLanguage":"pt-BR","potentialAction":[{"@type":"ReadAction","target":["https:\/\/previews.elleven.digital\/acocearense\/noticia\/corrida-do-aco-e-caminhada-mobilizam-maraba-e-regiao\/"]}]},{"@type":"ImageObject","inLanguage":"pt-BR","@id":"https:\/\/previews.elleven.digital\/acocearense\/noticia\/corrida-do-aco-e-caminhada-mobilizam-maraba-e-regiao\/#primaryimage","url":"https:\/\/previews.elleven.digital\/acocearense\/wp-content\/uploads\/2025\/05\/unnamed-8.jpg","contentUrl":"https:\/\/previews.elleven.digital\/acocearense\/wp-content\/uploads\/2025\/05\/unnamed-8.jpg","width":1024,"height":724},{"@type":"BreadcrumbList","@id":"https:\/\/previews.elleven.digital\/acocearense\/noticia\/corrida-do-aco-e-caminhada-mobilizam-maraba-e-regiao\/#breadcrumb","itemListElement":[{"@type":"ListItem","position":1,"name":"In\u00edcio","item":"https:\/\/previews.elleven.digital\/acocearense\/"},{"@type":"ListItem","position":2,"name":"Not\u00edcias","item":"https:\/\/previews.elleven.digital\/acocearense\/noticias\/"},{"@type":"ListItem","position":3,"name":"Corrida do A\u00e7o e Caminhada mobilizam Marab\u00e1 e regi\u00e3o"}]},{"@type":"WebSite","@id":"https:\/\/previews.elleven.digital\/acocearense\/#website","url":"https:\/\/previews.elleven.digital\/acocearense\/","name":"A\u00e7o Cearense","description":"H\u00e1 mais de 45 anos no mercado brasileiro do a\u00e7o.","alternateName":"A\u00e7o Cearense","potentialAction":[{"@type":"SearchAction","target":{"@type":"EntryPoint","urlTemplate":"https:\/\/previews.elleven.digital\/acocearense\/?s={search_term_string}"},"query-input":{"@type":"PropertyValueSpecification","valueRequired":true,"valueName":"search_term_string"}}],"inLanguage":"pt-BR"}]}},"_links":{"self":[{"href":"https:\/\/previews.elleven.digital\/acocearense\/wp-json\/wp\/v2\/noticia\/1809","targetHints":{"allow":["GET"]}}],"collection":[{"href":"https:\/\/previews.elleven.digital\/acocearense\/wp-json\/wp\/v2\/noticia"}],"about":[{"href":"https:\/\/previews.elleven.digital\/acocearense\/wp-json\/wp\/v2\/types\/noticia"}],"wp:featuredmedia":[{"embeddable":true,"href":"https:\/\/previews.elleven.digital\/acocearense\/wp-json\/wp\/v2\/media\/1797"}],"wp:attachment":[{"href":"https:\/\/previews.elleven.digital\/acocearense\/wp-json\/wp\/v2\/media?parent=1809"}],"wp:term":[{"taxonomy":"categoria-noticia","embeddable":true,"href":"https:\/\/previews.elleven.digital\/acocearense\/wp-json\/wp\/v2\/categoria-noticia?post=1809"}],"curies":[{"name":"wp","href":"https:\/\/api.w.org\/{rel}","templated":true}]}}