{"id":1807,"date":"2018-11-20T15:02:06","date_gmt":"2018-11-20T17:02:06","guid":{"rendered":"https:\/\/previews.elleven.digital\/acocearense\/?post_type=noticia&#038;p=1807"},"modified":"2025-05-07T15:02:49","modified_gmt":"2025-05-07T18:02:49","slug":"aco-cearense-doa-160-mil-reais-em-notas-fiscais-para-o-crio","status":"publish","type":"noticia","link":"https:\/\/previews.elleven.digital\/acocearense\/noticia\/aco-cearense-doa-160-mil-reais-em-notas-fiscais-para-o-crio\/","title":{"rendered":"A\u00e7o Cearense doa 160 mil reais em notas fiscais para o CRIO"},"content":{"rendered":"<p>O Outubro Rosa conscientiza sobre a preven\u00e7\u00e3o e o diagn\u00f3stico da doen\u00e7a, trazendo informa\u00e7\u00e3o e solidariedade aos pacientes com c\u00e2ncer. A A\u00e7o Cearense, em apoio \u00e0 campanha, arrecadou notas fiscais, durante todo o m\u00eas, no valor total de R$ 160 mil e doou para o CRIO \u2013 Centro Regional Integrado de Oncologia no dia 06 de novembro.<\/p>\n<p>O valor arrecadado com as notas fiscais ajudar\u00e1 na manuten\u00e7\u00e3o da Nossa Casa (Associa\u00e7\u00e3o de Apoio a Pessoas com C\u00e2ncer) e nos projetos do CRIO (Centro Regional Integrado de Oncologia), como o Costurando Sonhos, no qual as pacientes desenvolvem um trabalho de costura, confeccionando bolsas, lixeiras para carros e porta notebooks que s\u00e3o vendidos para arrecadar dinheiro para a casa de apoio.<\/p>\n<p>Para Lara Montenegro, respons\u00e1vel pela Comunica\u00e7\u00e3o do CRIO e da Nossa Casa, essas doa\u00e7\u00f5es s\u00e3o muito importantes. \u201cN\u00f3s temos v\u00e1rios setores produtivos para manter e essas notas fiscais tamb\u00e9m servir\u00e3o como ajuda para n\u00f3s, pois a institui\u00e7\u00e3o vive somente com doa\u00e7\u00f5es\u201d, explicou Lara.<\/p>\n<p>Al\u00e9m da doa\u00e7\u00e3o das notas fiscais, a colaboradora Wany Ara\u00fajo doou o cabelo para o projeto. \u201cUm pedacinho de amor n\u00e3o d\u00f3i\u201d, que confecciona perucas para as mulheres com c\u00e2ncer, que j\u00e1 perderam o cabelo. As pacientes que desejam usar as perucas devem realizar um cadastro no CRIO e participar do banco de empr\u00e9stimo para estarem aptas a receber o cabelo. Depois que as pacientes n\u00e3o precisam mais das perucas, estas voltam para o CRIO para que outras pacientes possam us\u00e1-las.\u00a0 \u201c\u00c9 muito gratificante saber que o meu cabelo vai servir de motiva\u00e7\u00e3o e de est\u00edmulo para aumentar a autoestima dessas pacientes que tratam um c\u00e2ncer\u201d, disse a colaboradora da A\u00e7o Cearense Filial, feliz em poder ajudar no projeto.<\/p>\n","protected":false},"featured_media":1799,"template":"","meta":{"_acf_changed":false,"inline_featured_image":false},"categoria-noticia":[],"class_list":["post-1807","noticia","type-noticia","status-publish","has-post-thumbnail","hentry"],"acf":{"link":""},"yoast_head":"<!-- This site is optimized with the Yoast SEO plugin v25.9 - https:\/\/yoast.com\/wordpress\/plugins\/seo\/ -->\n<title>A\u00e7o Cearense doa 160 mil reais em notas fiscais para o CRIO - Grupo A\u00e7o Cearense<\/title>\n<meta name=\"robots\" content=\"index, follow, max-snippet:-1, max-image-preview:large, max-video-preview:-1\" \/>\n<link rel=\"canonical\" href=\"https:\/\/previews.elleven.digital\/acocearense\/noticia\/aco-cearense-doa-160-mil-reais-em-notas-fiscais-para-o-crio\/\" \/>\n<meta property=\"og:locale\" content=\"pt_BR\" \/>\n<meta property=\"og:type\" content=\"article\" \/>\n<meta property=\"og:title\" content=\"A\u00e7o Cearense doa 160 mil reais em notas fiscais para o CRIO - Grupo A\u00e7o Cearense\" \/>\n<meta property=\"og:description\" content=\"O Outubro Rosa conscientiza sobre a preven\u00e7\u00e3o e o diagn\u00f3stico da doen\u00e7a, trazendo informa\u00e7\u00e3o e(...)\" \/>\n<meta property=\"og:url\" content=\"https:\/\/previews.elleven.digital\/acocearense\/noticia\/aco-cearense-doa-160-mil-reais-em-notas-fiscais-para-o-crio\/\" \/>\n<meta property=\"og:site_name\" content=\"Grupo A\u00e7o Cearense\" \/>\n<meta property=\"article:modified_time\" content=\"2025-05-07T18:02:49+00:00\" \/>\n<meta property=\"og:image\" content=\"https:\/\/previews.elleven.digital\/acocearense\/wp-content\/uploads\/2025\/05\/nota-fiscal-1.png\" \/>\n\t<meta property=\"og:image:width\" content=\"400\" \/>\n\t<meta property=\"og:image:height\" content=\"300\" \/>\n\t<meta property=\"og:image:type\" content=\"image\/png\" \/>\n<meta name=\"twitter:card\" content=\"summary_large_image\" \/>\n<meta name=\"twitter:label1\" content=\"Est. tempo de leitura\" \/>\n\t<meta name=\"twitter:data1\" content=\"2 minutos\" \/>\n<script type=\"application\/ld+json\" class=\"yoast-schema-graph\">{\"@context\":\"https:\/\/schema.org\",\"@graph\":[{\"@type\":\"WebPage\",\"@id\":\"https:\/\/previews.elleven.digital\/acocearense\/noticia\/aco-cearense-doa-160-mil-reais-em-notas-fiscais-para-o-crio\/\",\"url\":\"https:\/\/previews.elleven.digital\/acocearense\/noticia\/aco-cearense-doa-160-mil-reais-em-notas-fiscais-para-o-crio\/\",\"name\":\"A\u00e7o Cearense doa 160 mil reais em notas fiscais para o CRIO - Grupo A\u00e7o Cearense\",\"isPartOf\":{\"@id\":\"https:\/\/previews.elleven.digital\/acocearense\/#website\"},\"primaryImageOfPage\":{\"@id\":\"https:\/\/previews.elleven.digital\/acocearense\/noticia\/aco-cearense-doa-160-mil-reais-em-notas-fiscais-para-o-crio\/#primaryimage\"},\"image\":{\"@id\":\"https:\/\/previews.elleven.digital\/acocearense\/noticia\/aco-cearense-doa-160-mil-reais-em-notas-fiscais-para-o-crio\/#primaryimage\"},\"thumbnailUrl\":\"https:\/\/previews.elleven.digital\/acocearense\/wp-content\/uploads\/2025\/05\/nota-fiscal-1.png\",\"datePublished\":\"2018-11-20T17:02:06+00:00\",\"dateModified\":\"2025-05-07T18:02:49+00:00\",\"breadcrumb\":{\"@id\":\"https:\/\/previews.elleven.digital\/acocearense\/noticia\/aco-cearense-doa-160-mil-reais-em-notas-fiscais-para-o-crio\/#breadcrumb\"},\"inLanguage\":\"pt-BR\",\"potentialAction\":[{\"@type\":\"ReadAction\",\"target\":[\"https:\/\/previews.elleven.digital\/acocearense\/noticia\/aco-cearense-doa-160-mil-reais-em-notas-fiscais-para-o-crio\/\"]}]},{\"@type\":\"ImageObject\",\"inLanguage\":\"pt-BR\",\"@id\":\"https:\/\/previews.elleven.digital\/acocearense\/noticia\/aco-cearense-doa-160-mil-reais-em-notas-fiscais-para-o-crio\/#primaryimage\",\"url\":\"https:\/\/previews.elleven.digital\/acocearense\/wp-content\/uploads\/2025\/05\/nota-fiscal-1.png\",\"contentUrl\":\"https:\/\/previews.elleven.digital\/acocearense\/wp-content\/uploads\/2025\/05\/nota-fiscal-1.png\",\"width\":400,\"height\":300},{\"@type\":\"BreadcrumbList\",\"@id\":\"https:\/\/previews.elleven.digital\/acocearense\/noticia\/aco-cearense-doa-160-mil-reais-em-notas-fiscais-para-o-crio\/#breadcrumb\",\"itemListElement\":[{\"@type\":\"ListItem\",\"position\":1,\"name\":\"In\u00edcio\",\"item\":\"https:\/\/previews.elleven.digital\/acocearense\/\"},{\"@type\":\"ListItem\",\"position\":2,\"name\":\"Not\u00edcias\",\"item\":\"https:\/\/previews.elleven.digital\/acocearense\/noticias\/\"},{\"@type\":\"ListItem\",\"position\":3,\"name\":\"A\u00e7o Cearense doa 160 mil reais em notas fiscais para o CRIO\"}]},{\"@type\":\"WebSite\",\"@id\":\"https:\/\/previews.elleven.digital\/acocearense\/#website\",\"url\":\"https:\/\/previews.elleven.digital\/acocearense\/\",\"name\":\"A\u00e7o Cearense\",\"description\":\"H\u00e1 mais de 45 anos no mercado brasileiro do a\u00e7o.\",\"alternateName\":\"A\u00e7o Cearense\",\"potentialAction\":[{\"@type\":\"SearchAction\",\"target\":{\"@type\":\"EntryPoint\",\"urlTemplate\":\"https:\/\/previews.elleven.digital\/acocearense\/?s={search_term_string}\"},\"query-input\":{\"@type\":\"PropertyValueSpecification\",\"valueRequired\":true,\"valueName\":\"search_term_string\"}}],\"inLanguage\":\"pt-BR\"}]}<\/script>\n<!-- \/ Yoast SEO plugin. -->","yoast_head_json":{"title":"A\u00e7o Cearense doa 160 mil reais em notas fiscais para o CRIO - Grupo A\u00e7o Cearense","robots":{"index":"index","follow":"follow","max-snippet":"max-snippet:-1","max-image-preview":"max-image-preview:large","max-video-preview":"max-video-preview:-1"},"canonical":"https:\/\/previews.elleven.digital\/acocearense\/noticia\/aco-cearense-doa-160-mil-reais-em-notas-fiscais-para-o-crio\/","og_locale":"pt_BR","og_type":"article","og_title":"A\u00e7o Cearense doa 160 mil reais em notas fiscais para o CRIO - Grupo A\u00e7o Cearense","og_description":"O Outubro Rosa conscientiza sobre a preven\u00e7\u00e3o e o diagn\u00f3stico da doen\u00e7a, trazendo informa\u00e7\u00e3o e(...)","og_url":"https:\/\/previews.elleven.digital\/acocearense\/noticia\/aco-cearense-doa-160-mil-reais-em-notas-fiscais-para-o-crio\/","og_site_name":"Grupo A\u00e7o Cearense","article_modified_time":"2025-05-07T18:02:49+00:00","og_image":[{"width":400,"height":300,"url":"https:\/\/previews.elleven.digital\/acocearense\/wp-content\/uploads\/2025\/05\/nota-fiscal-1.png","type":"image\/png"}],"twitter_card":"summary_large_image","twitter_misc":{"Est. tempo de leitura":"2 minutos"},"schema":{"@context":"https:\/\/schema.org","@graph":[{"@type":"WebPage","@id":"https:\/\/previews.elleven.digital\/acocearense\/noticia\/aco-cearense-doa-160-mil-reais-em-notas-fiscais-para-o-crio\/","url":"https:\/\/previews.elleven.digital\/acocearense\/noticia\/aco-cearense-doa-160-mil-reais-em-notas-fiscais-para-o-crio\/","name":"A\u00e7o Cearense doa 160 mil reais em notas fiscais para o CRIO - Grupo A\u00e7o Cearense","isPartOf":{"@id":"https:\/\/previews.elleven.digital\/acocearense\/#website"},"primaryImageOfPage":{"@id":"https:\/\/previews.elleven.digital\/acocearense\/noticia\/aco-cearense-doa-160-mil-reais-em-notas-fiscais-para-o-crio\/#primaryimage"},"image":{"@id":"https:\/\/previews.elleven.digital\/acocearense\/noticia\/aco-cearense-doa-160-mil-reais-em-notas-fiscais-para-o-crio\/#primaryimage"},"thumbnailUrl":"https:\/\/previews.elleven.digital\/acocearense\/wp-content\/uploads\/2025\/05\/nota-fiscal-1.png","datePublished":"2018-11-20T17:02:06+00:00","dateModified":"2025-05-07T18:02:49+00:00","breadcrumb":{"@id":"https:\/\/previews.elleven.digital\/acocearense\/noticia\/aco-cearense-doa-160-mil-reais-em-notas-fiscais-para-o-crio\/#breadcrumb"},"inLanguage":"pt-BR","potentialAction":[{"@type":"ReadAction","target":["https:\/\/previews.elleven.digital\/acocearense\/noticia\/aco-cearense-doa-160-mil-reais-em-notas-fiscais-para-o-crio\/"]}]},{"@type":"ImageObject","inLanguage":"pt-BR","@id":"https:\/\/previews.elleven.digital\/acocearense\/noticia\/aco-cearense-doa-160-mil-reais-em-notas-fiscais-para-o-crio\/#primaryimage","url":"https:\/\/previews.elleven.digital\/acocearense\/wp-content\/uploads\/2025\/05\/nota-fiscal-1.png","contentUrl":"https:\/\/previews.elleven.digital\/acocearense\/wp-content\/uploads\/2025\/05\/nota-fiscal-1.png","width":400,"height":300},{"@type":"BreadcrumbList","@id":"https:\/\/previews.elleven.digital\/acocearense\/noticia\/aco-cearense-doa-160-mil-reais-em-notas-fiscais-para-o-crio\/#breadcrumb","itemListElement":[{"@type":"ListItem","position":1,"name":"In\u00edcio","item":"https:\/\/previews.elleven.digital\/acocearense\/"},{"@type":"ListItem","position":2,"name":"Not\u00edcias","item":"https:\/\/previews.elleven.digital\/acocearense\/noticias\/"},{"@type":"ListItem","position":3,"name":"A\u00e7o Cearense doa 160 mil reais em notas fiscais para o CRIO"}]},{"@type":"WebSite","@id":"https:\/\/previews.elleven.digital\/acocearense\/#website","url":"https:\/\/previews.elleven.digital\/acocearense\/","name":"A\u00e7o Cearense","description":"H\u00e1 mais de 45 anos no mercado brasileiro do a\u00e7o.","alternateName":"A\u00e7o Cearense","potentialAction":[{"@type":"SearchAction","target":{"@type":"EntryPoint","urlTemplate":"https:\/\/previews.elleven.digital\/acocearense\/?s={search_term_string}"},"query-input":{"@type":"PropertyValueSpecification","valueRequired":true,"valueName":"search_term_string"}}],"inLanguage":"pt-BR"}]}},"_links":{"self":[{"href":"https:\/\/previews.elleven.digital\/acocearense\/wp-json\/wp\/v2\/noticia\/1807","targetHints":{"allow":["GET"]}}],"collection":[{"href":"https:\/\/previews.elleven.digital\/acocearense\/wp-json\/wp\/v2\/noticia"}],"about":[{"href":"https:\/\/previews.elleven.digital\/acocearense\/wp-json\/wp\/v2\/types\/noticia"}],"wp:featuredmedia":[{"embeddable":true,"href":"https:\/\/previews.elleven.digital\/acocearense\/wp-json\/wp\/v2\/media\/1799"}],"wp:attachment":[{"href":"https:\/\/previews.elleven.digital\/acocearense\/wp-json\/wp\/v2\/media?parent=1807"}],"wp:term":[{"taxonomy":"categoria-noticia","embeddable":true,"href":"https:\/\/previews.elleven.digital\/acocearense\/wp-json\/wp\/v2\/categoria-noticia?post=1807"}],"curies":[{"name":"wp","href":"https:\/\/api.w.org\/{rel}","templated":true}]}}