{"id":1806,"date":"2018-10-25T15:01:38","date_gmt":"2018-10-25T18:01:38","guid":{"rendered":"https:\/\/previews.elleven.digital\/acocearense\/?post_type=noticia&#038;p=1806"},"modified":"2025-05-07T15:02:00","modified_gmt":"2025-05-07T18:02:00","slug":"dia-das-criancas-e-comemorado-com-sessao-de-cinema","status":"publish","type":"noticia","link":"https:\/\/previews.elleven.digital\/acocearense\/noticia\/dia-das-criancas-e-comemorado-com-sessao-de-cinema\/","title":{"rendered":"Dia das Crian\u00e7as \u00e9 comemorado com sess\u00e3o de cinema"},"content":{"rendered":"<p>O m\u00eas das crian\u00e7as n\u00e3o acabou e por isso ainda \u00e9 tempo de comemorar. A A\u00e7o Cearense programou uma sess\u00e3o de cinema especial para os filhos dos colaboradores. Mais 400 crian\u00e7as e respons\u00e1veis assistiram ao filme P\u00e9 Pequeno, no \u00faltimo domingo (21), no Cin\u00e9polis RioMar Kennedy.<\/p>\n<p>No cinema, as crian\u00e7as\u00a0receberam lanche para tornar a sess\u00e3o mais gostosa ainda. O pequeno Ezequiel Vieira, de 9 anos, divertiu-se bastante com a fam\u00edlia e adorou conhecer a telona.\u00a0\u201cO filme foi muito legal, eu gostei muito de vir ao cinema!\u201d, disse Ezequiel.<\/p>\n<p>Ricardo Nascimento, pai do Ezequiel e colaborador da ACI Matriz, participou da a\u00e7\u00e3o juntamente com a esposa, Juliana Vieira, e dos demais filhos Pedro e Riquelme Vieira. Segundo ele, toda a fam\u00edlia se divertiu. \u201cAchei a a\u00e7\u00e3o muito bacana, uma programa\u00e7\u00e3o diferente, familiar e, para quem nunca tinha ido ao cinema, como foi o caso da minha fam\u00edlia, foi um prazer participar da oportunidade que a A\u00e7o Cearense nos deu\u201d, afirmou Ricardo.<\/p>\n<p>Segundo Eliana Freitas, Coordenadora da \u00e1rea de Qualidade de Vida e Benef\u00edcios, o objetivo da sess\u00e3o de cinema foi proporcionar aos filhos dos colaboradores e familiares um momento de lazer em comemora\u00e7\u00e3o ao Dia das Crian\u00e7as. \u201c\u00c9 muito gratificante saber que foi a primeira vez de alguns\u00a0participantes no cinema e que a a\u00e7\u00e3o possibilitou tamb\u00e9m maior integra\u00e7\u00e3o entre os colegas de trabalho. A A\u00e7o Cearense sempre se preocupa em proporcionar ao colaborador momentos com a fam\u00edlia\u201d, afirmou a Coordenadora.<\/p>\n","protected":false},"featured_media":1800,"template":"","meta":{"_acf_changed":false,"inline_featured_image":false},"categoria-noticia":[],"class_list":["post-1806","noticia","type-noticia","status-publish","has-post-thumbnail","hentry"],"acf":{"link":""},"yoast_head":"<!-- This site is optimized with the Yoast SEO plugin v25.9 - https:\/\/yoast.com\/wordpress\/plugins\/seo\/ -->\n<title>Dia das Crian\u00e7as \u00e9 comemorado com sess\u00e3o de cinema - Grupo A\u00e7o Cearense<\/title>\n<meta name=\"robots\" content=\"index, follow, max-snippet:-1, max-image-preview:large, max-video-preview:-1\" \/>\n<link rel=\"canonical\" href=\"https:\/\/previews.elleven.digital\/acocearense\/noticia\/dia-das-criancas-e-comemorado-com-sessao-de-cinema\/\" \/>\n<meta property=\"og:locale\" content=\"pt_BR\" \/>\n<meta property=\"og:type\" content=\"article\" \/>\n<meta property=\"og:title\" content=\"Dia das Crian\u00e7as \u00e9 comemorado com sess\u00e3o de cinema - Grupo A\u00e7o Cearense\" \/>\n<meta property=\"og:description\" content=\"O m\u00eas das crian\u00e7as n\u00e3o acabou e por isso ainda \u00e9 tempo de comemorar. A(...)\" \/>\n<meta property=\"og:url\" content=\"https:\/\/previews.elleven.digital\/acocearense\/noticia\/dia-das-criancas-e-comemorado-com-sessao-de-cinema\/\" \/>\n<meta property=\"og:site_name\" content=\"Grupo A\u00e7o Cearense\" \/>\n<meta property=\"article:modified_time\" content=\"2025-05-07T18:02:00+00:00\" \/>\n<meta property=\"og:image\" content=\"https:\/\/previews.elleven.digital\/acocearense\/wp-content\/uploads\/2025\/05\/dia-das-criancas.jpg\" \/>\n\t<meta property=\"og:image:width\" content=\"960\" \/>\n\t<meta property=\"og:image:height\" content=\"720\" \/>\n\t<meta property=\"og:image:type\" content=\"image\/jpeg\" \/>\n<meta name=\"twitter:card\" content=\"summary_large_image\" \/>\n<meta name=\"twitter:label1\" content=\"Est. tempo de leitura\" \/>\n\t<meta name=\"twitter:data1\" content=\"1 minuto\" \/>\n<script type=\"application\/ld+json\" class=\"yoast-schema-graph\">{\"@context\":\"https:\/\/schema.org\",\"@graph\":[{\"@type\":\"WebPage\",\"@id\":\"https:\/\/previews.elleven.digital\/acocearense\/noticia\/dia-das-criancas-e-comemorado-com-sessao-de-cinema\/\",\"url\":\"https:\/\/previews.elleven.digital\/acocearense\/noticia\/dia-das-criancas-e-comemorado-com-sessao-de-cinema\/\",\"name\":\"Dia das Crian\u00e7as \u00e9 comemorado com sess\u00e3o de cinema - Grupo A\u00e7o Cearense\",\"isPartOf\":{\"@id\":\"https:\/\/previews.elleven.digital\/acocearense\/#website\"},\"primaryImageOfPage\":{\"@id\":\"https:\/\/previews.elleven.digital\/acocearense\/noticia\/dia-das-criancas-e-comemorado-com-sessao-de-cinema\/#primaryimage\"},\"image\":{\"@id\":\"https:\/\/previews.elleven.digital\/acocearense\/noticia\/dia-das-criancas-e-comemorado-com-sessao-de-cinema\/#primaryimage\"},\"thumbnailUrl\":\"https:\/\/previews.elleven.digital\/acocearense\/wp-content\/uploads\/2025\/05\/dia-das-criancas.jpg\",\"datePublished\":\"2018-10-25T18:01:38+00:00\",\"dateModified\":\"2025-05-07T18:02:00+00:00\",\"breadcrumb\":{\"@id\":\"https:\/\/previews.elleven.digital\/acocearense\/noticia\/dia-das-criancas-e-comemorado-com-sessao-de-cinema\/#breadcrumb\"},\"inLanguage\":\"pt-BR\",\"potentialAction\":[{\"@type\":\"ReadAction\",\"target\":[\"https:\/\/previews.elleven.digital\/acocearense\/noticia\/dia-das-criancas-e-comemorado-com-sessao-de-cinema\/\"]}]},{\"@type\":\"ImageObject\",\"inLanguage\":\"pt-BR\",\"@id\":\"https:\/\/previews.elleven.digital\/acocearense\/noticia\/dia-das-criancas-e-comemorado-com-sessao-de-cinema\/#primaryimage\",\"url\":\"https:\/\/previews.elleven.digital\/acocearense\/wp-content\/uploads\/2025\/05\/dia-das-criancas.jpg\",\"contentUrl\":\"https:\/\/previews.elleven.digital\/acocearense\/wp-content\/uploads\/2025\/05\/dia-das-criancas.jpg\",\"width\":960,\"height\":720},{\"@type\":\"BreadcrumbList\",\"@id\":\"https:\/\/previews.elleven.digital\/acocearense\/noticia\/dia-das-criancas-e-comemorado-com-sessao-de-cinema\/#breadcrumb\",\"itemListElement\":[{\"@type\":\"ListItem\",\"position\":1,\"name\":\"In\u00edcio\",\"item\":\"https:\/\/previews.elleven.digital\/acocearense\/\"},{\"@type\":\"ListItem\",\"position\":2,\"name\":\"Not\u00edcias\",\"item\":\"https:\/\/previews.elleven.digital\/acocearense\/noticias\/\"},{\"@type\":\"ListItem\",\"position\":3,\"name\":\"Dia das Crian\u00e7as \u00e9 comemorado com sess\u00e3o de cinema\"}]},{\"@type\":\"WebSite\",\"@id\":\"https:\/\/previews.elleven.digital\/acocearense\/#website\",\"url\":\"https:\/\/previews.elleven.digital\/acocearense\/\",\"name\":\"A\u00e7o Cearense\",\"description\":\"H\u00e1 mais de 45 anos no mercado brasileiro do a\u00e7o.\",\"alternateName\":\"A\u00e7o Cearense\",\"potentialAction\":[{\"@type\":\"SearchAction\",\"target\":{\"@type\":\"EntryPoint\",\"urlTemplate\":\"https:\/\/previews.elleven.digital\/acocearense\/?s={search_term_string}\"},\"query-input\":{\"@type\":\"PropertyValueSpecification\",\"valueRequired\":true,\"valueName\":\"search_term_string\"}}],\"inLanguage\":\"pt-BR\"}]}<\/script>\n<!-- \/ Yoast SEO plugin. -->","yoast_head_json":{"title":"Dia das Crian\u00e7as \u00e9 comemorado com sess\u00e3o de cinema - Grupo A\u00e7o Cearense","robots":{"index":"index","follow":"follow","max-snippet":"max-snippet:-1","max-image-preview":"max-image-preview:large","max-video-preview":"max-video-preview:-1"},"canonical":"https:\/\/previews.elleven.digital\/acocearense\/noticia\/dia-das-criancas-e-comemorado-com-sessao-de-cinema\/","og_locale":"pt_BR","og_type":"article","og_title":"Dia das Crian\u00e7as \u00e9 comemorado com sess\u00e3o de cinema - Grupo A\u00e7o Cearense","og_description":"O m\u00eas das crian\u00e7as n\u00e3o acabou e por isso ainda \u00e9 tempo de comemorar. A(...)","og_url":"https:\/\/previews.elleven.digital\/acocearense\/noticia\/dia-das-criancas-e-comemorado-com-sessao-de-cinema\/","og_site_name":"Grupo A\u00e7o Cearense","article_modified_time":"2025-05-07T18:02:00+00:00","og_image":[{"width":960,"height":720,"url":"https:\/\/previews.elleven.digital\/acocearense\/wp-content\/uploads\/2025\/05\/dia-das-criancas.jpg","type":"image\/jpeg"}],"twitter_card":"summary_large_image","twitter_misc":{"Est. tempo de leitura":"1 minuto"},"schema":{"@context":"https:\/\/schema.org","@graph":[{"@type":"WebPage","@id":"https:\/\/previews.elleven.digital\/acocearense\/noticia\/dia-das-criancas-e-comemorado-com-sessao-de-cinema\/","url":"https:\/\/previews.elleven.digital\/acocearense\/noticia\/dia-das-criancas-e-comemorado-com-sessao-de-cinema\/","name":"Dia das Crian\u00e7as \u00e9 comemorado com sess\u00e3o de cinema - Grupo A\u00e7o Cearense","isPartOf":{"@id":"https:\/\/previews.elleven.digital\/acocearense\/#website"},"primaryImageOfPage":{"@id":"https:\/\/previews.elleven.digital\/acocearense\/noticia\/dia-das-criancas-e-comemorado-com-sessao-de-cinema\/#primaryimage"},"image":{"@id":"https:\/\/previews.elleven.digital\/acocearense\/noticia\/dia-das-criancas-e-comemorado-com-sessao-de-cinema\/#primaryimage"},"thumbnailUrl":"https:\/\/previews.elleven.digital\/acocearense\/wp-content\/uploads\/2025\/05\/dia-das-criancas.jpg","datePublished":"2018-10-25T18:01:38+00:00","dateModified":"2025-05-07T18:02:00+00:00","breadcrumb":{"@id":"https:\/\/previews.elleven.digital\/acocearense\/noticia\/dia-das-criancas-e-comemorado-com-sessao-de-cinema\/#breadcrumb"},"inLanguage":"pt-BR","potentialAction":[{"@type":"ReadAction","target":["https:\/\/previews.elleven.digital\/acocearense\/noticia\/dia-das-criancas-e-comemorado-com-sessao-de-cinema\/"]}]},{"@type":"ImageObject","inLanguage":"pt-BR","@id":"https:\/\/previews.elleven.digital\/acocearense\/noticia\/dia-das-criancas-e-comemorado-com-sessao-de-cinema\/#primaryimage","url":"https:\/\/previews.elleven.digital\/acocearense\/wp-content\/uploads\/2025\/05\/dia-das-criancas.jpg","contentUrl":"https:\/\/previews.elleven.digital\/acocearense\/wp-content\/uploads\/2025\/05\/dia-das-criancas.jpg","width":960,"height":720},{"@type":"BreadcrumbList","@id":"https:\/\/previews.elleven.digital\/acocearense\/noticia\/dia-das-criancas-e-comemorado-com-sessao-de-cinema\/#breadcrumb","itemListElement":[{"@type":"ListItem","position":1,"name":"In\u00edcio","item":"https:\/\/previews.elleven.digital\/acocearense\/"},{"@type":"ListItem","position":2,"name":"Not\u00edcias","item":"https:\/\/previews.elleven.digital\/acocearense\/noticias\/"},{"@type":"ListItem","position":3,"name":"Dia das Crian\u00e7as \u00e9 comemorado com sess\u00e3o de cinema"}]},{"@type":"WebSite","@id":"https:\/\/previews.elleven.digital\/acocearense\/#website","url":"https:\/\/previews.elleven.digital\/acocearense\/","name":"A\u00e7o Cearense","description":"H\u00e1 mais de 45 anos no mercado brasileiro do a\u00e7o.","alternateName":"A\u00e7o Cearense","potentialAction":[{"@type":"SearchAction","target":{"@type":"EntryPoint","urlTemplate":"https:\/\/previews.elleven.digital\/acocearense\/?s={search_term_string}"},"query-input":{"@type":"PropertyValueSpecification","valueRequired":true,"valueName":"search_term_string"}}],"inLanguage":"pt-BR"}]}},"_links":{"self":[{"href":"https:\/\/previews.elleven.digital\/acocearense\/wp-json\/wp\/v2\/noticia\/1806","targetHints":{"allow":["GET"]}}],"collection":[{"href":"https:\/\/previews.elleven.digital\/acocearense\/wp-json\/wp\/v2\/noticia"}],"about":[{"href":"https:\/\/previews.elleven.digital\/acocearense\/wp-json\/wp\/v2\/types\/noticia"}],"wp:featuredmedia":[{"embeddable":true,"href":"https:\/\/previews.elleven.digital\/acocearense\/wp-json\/wp\/v2\/media\/1800"}],"wp:attachment":[{"href":"https:\/\/previews.elleven.digital\/acocearense\/wp-json\/wp\/v2\/media?parent=1806"}],"wp:term":[{"taxonomy":"categoria-noticia","embeddable":true,"href":"https:\/\/previews.elleven.digital\/acocearense\/wp-json\/wp\/v2\/categoria-noticia?post=1806"}],"curies":[{"name":"wp","href":"https:\/\/api.w.org\/{rel}","templated":true}]}}