{"id":1805,"date":"2018-10-25T15:01:09","date_gmt":"2018-10-25T18:01:09","guid":{"rendered":"https:\/\/previews.elleven.digital\/acocearense\/?post_type=noticia&#038;p=1805"},"modified":"2025-05-07T15:01:32","modified_gmt":"2025-05-07T18:01:32","slug":"gac-lanca-sua-nova-politica-basica-do-grupo","status":"publish","type":"noticia","link":"https:\/\/previews.elleven.digital\/acocearense\/noticia\/gac-lanca-sua-nova-politica-basica-do-grupo\/","title":{"rendered":"GAC lan\u00e7a sua nova Pol\u00edtica B\u00e1sica do grupo"},"content":{"rendered":"<p>Na segunda-feira (22) na A\u00e7o Cearense Comercial e hoje (24) na SINOBRAS aconteceu o lan\u00e7amento da nova Pol\u00edtica B\u00e1sica do Grupo A\u00e7o Cearense, apresentada pelos Vice-Presidentes Aline Ferreira e Ian Corr\u00eaa. Cinthia Cavalcanti, Diretora de Desenvolvimento Organizacional e TI, conduziu o evento na presen\u00e7a de diretores, gerentes e coordenadores de todas as empresas do Grupo.<br \/>\nA mudan\u00e7a faz parte do Planejamento Estrat\u00e9gico que est\u00e1 sendo implantado na empresa com o objetivo de promover o alinhamento entre gestores e colaboradores, definir objetivos e metas para os pr\u00f3ximos anos e criar um ambiente para uma gest\u00e3o eficaz e promissora que garantir\u00e1 a retomada do crescimento e a sustentabilidade do Grupo A\u00e7o Cearense.<\/p>\n<p>A Pol\u00edtica B\u00e1sica define a identidade organizacional, onde a Miss\u00e3o \u00e9 a declara\u00e7\u00e3o das responsabilidades da empresa, \u00e9 realizada pela rotina, sistema de gest\u00e3o, indicadores e metas. A Vis\u00e3o \u00e9 a descri\u00e7\u00e3o do futuro desejado pela empresa e os Valores s\u00e3o os princ\u00edpios que servem de guia para os comportamentos, atitudes e decis\u00f5es de todos na organiza\u00e7\u00e3o.<\/p>\n<p>Diego Carvalho, Coordenador do SESMT da ACC e ACI, falou animado: \u201c\u00c9 com extrema satisfa\u00e7\u00e3o que conhecemos a nova Pol\u00edtica B\u00e1sica do GAC, que tem a ess\u00eancia no coletivismo. A mensagem al\u00e9m de agregadora, refor\u00e7a que podemos alcan\u00e7ar resultados ainda melhores desde que estejamos unidos para isso. Sabemos que o desafio continua, por\u00e9m, sempre que nos sentirmos fr\u00e1geis ou com d\u00favidas de como proceder, lembraremos dos valores que nossa empresa tem e assim seguiremos convictos que juntos somos mais fortes e podemos, sim, ir mais longe\u201d.<\/p>\n<p>\u201cEu recebi a nova pol\u00edtica do GAC com muito otimismo. \u00c9 essencial que a empresa tenha o DNA do seu presidente e fundador, ou seja, seus princ\u00edpios. Espero que daqui para frente a nossa uni\u00e3o fortale\u00e7a o grupo. Somos um. Somos Grupo A\u00e7o Cearense\u201d, comentou entusiasmada Amanda Feij\u00f3, Gerente de Vendas Carbono II da ACC.<\/p>\n<p>\u201cFoi um evento objetivo e esclarecedor. A mudan\u00e7a foi forte e gratificante para n\u00f3s. Ficaremos\u00a0cada vez mais unidos em fun\u00e7\u00e3o do Grupo e, com certeza, cumpriremos a meta e seremos melhores daqui para frente\u201d, falou Carlos C\u00e2ndido, Gerente da Lamina\u00e7\u00e3o da SINOBRAS.<\/p>\n<p>\u201cFiquei feliz e esperan\u00e7osa com a nova proposta, pois resultar\u00e1 em um maior engajamento das empresas com os objetivos do Grupo A\u00e7o Cearense, principalmente em rela\u00e7\u00e3o \u00e0 SINOBRAS Florestal. Precis\u00e1vamos nos sentir mais parte do Grupo e essa pol\u00edtica refletiu exatamente isso \u2018a uni\u00e3o\u2019. Conforme formos disseminando a nova pol\u00edtica, esse sentimento ser\u00e1 cada vez mais vis\u00edvel\u201d, contou Juliane Ellem Costa, Gerente da SINOBRAS Florestal.<\/p>\n<p>Depois da apresenta\u00e7\u00e3o da nova Pol\u00edtica B\u00e1sica do GAC, Cinthia apresentou o resultado do 1\u00ba Workshop do Planejamento Estrat\u00e9gico e, em reconhecimento pelo trabalho realizado, premiou os gestores e os diretores que tiveram os melhores desempenhos. \u201cEsse reconhecimento \u00e9 uma forma de mostrar para os nossos gestores o quanto o projeto \u00e9 importante e motiv\u00e1-los para conseguirmos atingir a nossa meta com 100% de efic\u00e1cia\u201d, disse a Diretora.<\/p>\n","protected":false},"featured_media":1801,"template":"","meta":{"_acf_changed":false,"inline_featured_image":false},"categoria-noticia":[],"class_list":["post-1805","noticia","type-noticia","status-publish","has-post-thumbnail","hentry"],"acf":{"link":""},"yoast_head":"<!-- This site is optimized with the Yoast SEO plugin v25.9 - https:\/\/yoast.com\/wordpress\/plugins\/seo\/ -->\n<title>GAC lan\u00e7a sua nova Pol\u00edtica B\u00e1sica do grupo - Grupo A\u00e7o Cearense<\/title>\n<meta name=\"robots\" content=\"index, follow, max-snippet:-1, max-image-preview:large, max-video-preview:-1\" \/>\n<link rel=\"canonical\" href=\"https:\/\/previews.elleven.digital\/acocearense\/noticia\/gac-lanca-sua-nova-politica-basica-do-grupo\/\" \/>\n<meta property=\"og:locale\" content=\"pt_BR\" \/>\n<meta property=\"og:type\" content=\"article\" \/>\n<meta property=\"og:title\" content=\"GAC lan\u00e7a sua nova Pol\u00edtica B\u00e1sica do grupo - Grupo A\u00e7o Cearense\" \/>\n<meta property=\"og:description\" content=\"Na segunda-feira (22) na A\u00e7o Cearense Comercial e hoje (24) na SINOBRAS aconteceu o lan\u00e7amento(...)\" \/>\n<meta property=\"og:url\" content=\"https:\/\/previews.elleven.digital\/acocearense\/noticia\/gac-lanca-sua-nova-politica-basica-do-grupo\/\" \/>\n<meta property=\"og:site_name\" content=\"Grupo A\u00e7o Cearense\" \/>\n<meta property=\"article:modified_time\" content=\"2025-05-07T18:01:32+00:00\" \/>\n<meta property=\"og:image\" content=\"https:\/\/previews.elleven.digital\/acocearense\/wp-content\/uploads\/2025\/05\/Nova-Politica-1.jpg\" \/>\n\t<meta property=\"og:image:width\" content=\"1024\" \/>\n\t<meta property=\"og:image:height\" content=\"724\" \/>\n\t<meta property=\"og:image:type\" content=\"image\/jpeg\" \/>\n<meta name=\"twitter:card\" content=\"summary_large_image\" \/>\n<meta name=\"twitter:label1\" content=\"Est. tempo de leitura\" \/>\n\t<meta name=\"twitter:data1\" content=\"3 minutos\" \/>\n<script type=\"application\/ld+json\" class=\"yoast-schema-graph\">{\"@context\":\"https:\/\/schema.org\",\"@graph\":[{\"@type\":\"WebPage\",\"@id\":\"https:\/\/previews.elleven.digital\/acocearense\/noticia\/gac-lanca-sua-nova-politica-basica-do-grupo\/\",\"url\":\"https:\/\/previews.elleven.digital\/acocearense\/noticia\/gac-lanca-sua-nova-politica-basica-do-grupo\/\",\"name\":\"GAC lan\u00e7a sua nova Pol\u00edtica B\u00e1sica do grupo - Grupo A\u00e7o Cearense\",\"isPartOf\":{\"@id\":\"https:\/\/previews.elleven.digital\/acocearense\/#website\"},\"primaryImageOfPage\":{\"@id\":\"https:\/\/previews.elleven.digital\/acocearense\/noticia\/gac-lanca-sua-nova-politica-basica-do-grupo\/#primaryimage\"},\"image\":{\"@id\":\"https:\/\/previews.elleven.digital\/acocearense\/noticia\/gac-lanca-sua-nova-politica-basica-do-grupo\/#primaryimage\"},\"thumbnailUrl\":\"https:\/\/previews.elleven.digital\/acocearense\/wp-content\/uploads\/2025\/05\/Nova-Politica-1.jpg\",\"datePublished\":\"2018-10-25T18:01:09+00:00\",\"dateModified\":\"2025-05-07T18:01:32+00:00\",\"breadcrumb\":{\"@id\":\"https:\/\/previews.elleven.digital\/acocearense\/noticia\/gac-lanca-sua-nova-politica-basica-do-grupo\/#breadcrumb\"},\"inLanguage\":\"pt-BR\",\"potentialAction\":[{\"@type\":\"ReadAction\",\"target\":[\"https:\/\/previews.elleven.digital\/acocearense\/noticia\/gac-lanca-sua-nova-politica-basica-do-grupo\/\"]}]},{\"@type\":\"ImageObject\",\"inLanguage\":\"pt-BR\",\"@id\":\"https:\/\/previews.elleven.digital\/acocearense\/noticia\/gac-lanca-sua-nova-politica-basica-do-grupo\/#primaryimage\",\"url\":\"https:\/\/previews.elleven.digital\/acocearense\/wp-content\/uploads\/2025\/05\/Nova-Politica-1.jpg\",\"contentUrl\":\"https:\/\/previews.elleven.digital\/acocearense\/wp-content\/uploads\/2025\/05\/Nova-Politica-1.jpg\",\"width\":1024,\"height\":724},{\"@type\":\"BreadcrumbList\",\"@id\":\"https:\/\/previews.elleven.digital\/acocearense\/noticia\/gac-lanca-sua-nova-politica-basica-do-grupo\/#breadcrumb\",\"itemListElement\":[{\"@type\":\"ListItem\",\"position\":1,\"name\":\"In\u00edcio\",\"item\":\"https:\/\/previews.elleven.digital\/acocearense\/\"},{\"@type\":\"ListItem\",\"position\":2,\"name\":\"Not\u00edcias\",\"item\":\"https:\/\/previews.elleven.digital\/acocearense\/noticias\/\"},{\"@type\":\"ListItem\",\"position\":3,\"name\":\"GAC lan\u00e7a sua nova Pol\u00edtica B\u00e1sica do grupo\"}]},{\"@type\":\"WebSite\",\"@id\":\"https:\/\/previews.elleven.digital\/acocearense\/#website\",\"url\":\"https:\/\/previews.elleven.digital\/acocearense\/\",\"name\":\"A\u00e7o Cearense\",\"description\":\"H\u00e1 mais de 45 anos no mercado brasileiro do a\u00e7o.\",\"alternateName\":\"A\u00e7o Cearense\",\"potentialAction\":[{\"@type\":\"SearchAction\",\"target\":{\"@type\":\"EntryPoint\",\"urlTemplate\":\"https:\/\/previews.elleven.digital\/acocearense\/?s={search_term_string}\"},\"query-input\":{\"@type\":\"PropertyValueSpecification\",\"valueRequired\":true,\"valueName\":\"search_term_string\"}}],\"inLanguage\":\"pt-BR\"}]}<\/script>\n<!-- \/ Yoast SEO plugin. -->","yoast_head_json":{"title":"GAC lan\u00e7a sua nova Pol\u00edtica B\u00e1sica do grupo - Grupo A\u00e7o Cearense","robots":{"index":"index","follow":"follow","max-snippet":"max-snippet:-1","max-image-preview":"max-image-preview:large","max-video-preview":"max-video-preview:-1"},"canonical":"https:\/\/previews.elleven.digital\/acocearense\/noticia\/gac-lanca-sua-nova-politica-basica-do-grupo\/","og_locale":"pt_BR","og_type":"article","og_title":"GAC lan\u00e7a sua nova Pol\u00edtica B\u00e1sica do grupo - Grupo A\u00e7o Cearense","og_description":"Na segunda-feira (22) na A\u00e7o Cearense Comercial e hoje (24) na SINOBRAS aconteceu o lan\u00e7amento(...)","og_url":"https:\/\/previews.elleven.digital\/acocearense\/noticia\/gac-lanca-sua-nova-politica-basica-do-grupo\/","og_site_name":"Grupo A\u00e7o Cearense","article_modified_time":"2025-05-07T18:01:32+00:00","og_image":[{"width":1024,"height":724,"url":"https:\/\/previews.elleven.digital\/acocearense\/wp-content\/uploads\/2025\/05\/Nova-Politica-1.jpg","type":"image\/jpeg"}],"twitter_card":"summary_large_image","twitter_misc":{"Est. tempo de leitura":"3 minutos"},"schema":{"@context":"https:\/\/schema.org","@graph":[{"@type":"WebPage","@id":"https:\/\/previews.elleven.digital\/acocearense\/noticia\/gac-lanca-sua-nova-politica-basica-do-grupo\/","url":"https:\/\/previews.elleven.digital\/acocearense\/noticia\/gac-lanca-sua-nova-politica-basica-do-grupo\/","name":"GAC lan\u00e7a sua nova Pol\u00edtica B\u00e1sica do grupo - Grupo A\u00e7o Cearense","isPartOf":{"@id":"https:\/\/previews.elleven.digital\/acocearense\/#website"},"primaryImageOfPage":{"@id":"https:\/\/previews.elleven.digital\/acocearense\/noticia\/gac-lanca-sua-nova-politica-basica-do-grupo\/#primaryimage"},"image":{"@id":"https:\/\/previews.elleven.digital\/acocearense\/noticia\/gac-lanca-sua-nova-politica-basica-do-grupo\/#primaryimage"},"thumbnailUrl":"https:\/\/previews.elleven.digital\/acocearense\/wp-content\/uploads\/2025\/05\/Nova-Politica-1.jpg","datePublished":"2018-10-25T18:01:09+00:00","dateModified":"2025-05-07T18:01:32+00:00","breadcrumb":{"@id":"https:\/\/previews.elleven.digital\/acocearense\/noticia\/gac-lanca-sua-nova-politica-basica-do-grupo\/#breadcrumb"},"inLanguage":"pt-BR","potentialAction":[{"@type":"ReadAction","target":["https:\/\/previews.elleven.digital\/acocearense\/noticia\/gac-lanca-sua-nova-politica-basica-do-grupo\/"]}]},{"@type":"ImageObject","inLanguage":"pt-BR","@id":"https:\/\/previews.elleven.digital\/acocearense\/noticia\/gac-lanca-sua-nova-politica-basica-do-grupo\/#primaryimage","url":"https:\/\/previews.elleven.digital\/acocearense\/wp-content\/uploads\/2025\/05\/Nova-Politica-1.jpg","contentUrl":"https:\/\/previews.elleven.digital\/acocearense\/wp-content\/uploads\/2025\/05\/Nova-Politica-1.jpg","width":1024,"height":724},{"@type":"BreadcrumbList","@id":"https:\/\/previews.elleven.digital\/acocearense\/noticia\/gac-lanca-sua-nova-politica-basica-do-grupo\/#breadcrumb","itemListElement":[{"@type":"ListItem","position":1,"name":"In\u00edcio","item":"https:\/\/previews.elleven.digital\/acocearense\/"},{"@type":"ListItem","position":2,"name":"Not\u00edcias","item":"https:\/\/previews.elleven.digital\/acocearense\/noticias\/"},{"@type":"ListItem","position":3,"name":"GAC lan\u00e7a sua nova Pol\u00edtica B\u00e1sica do grupo"}]},{"@type":"WebSite","@id":"https:\/\/previews.elleven.digital\/acocearense\/#website","url":"https:\/\/previews.elleven.digital\/acocearense\/","name":"A\u00e7o Cearense","description":"H\u00e1 mais de 45 anos no mercado brasileiro do a\u00e7o.","alternateName":"A\u00e7o Cearense","potentialAction":[{"@type":"SearchAction","target":{"@type":"EntryPoint","urlTemplate":"https:\/\/previews.elleven.digital\/acocearense\/?s={search_term_string}"},"query-input":{"@type":"PropertyValueSpecification","valueRequired":true,"valueName":"search_term_string"}}],"inLanguage":"pt-BR"}]}},"_links":{"self":[{"href":"https:\/\/previews.elleven.digital\/acocearense\/wp-json\/wp\/v2\/noticia\/1805","targetHints":{"allow":["GET"]}}],"collection":[{"href":"https:\/\/previews.elleven.digital\/acocearense\/wp-json\/wp\/v2\/noticia"}],"about":[{"href":"https:\/\/previews.elleven.digital\/acocearense\/wp-json\/wp\/v2\/types\/noticia"}],"wp:featuredmedia":[{"embeddable":true,"href":"https:\/\/previews.elleven.digital\/acocearense\/wp-json\/wp\/v2\/media\/1801"}],"wp:attachment":[{"href":"https:\/\/previews.elleven.digital\/acocearense\/wp-json\/wp\/v2\/media?parent=1805"}],"wp:term":[{"taxonomy":"categoria-noticia","embeddable":true,"href":"https:\/\/previews.elleven.digital\/acocearense\/wp-json\/wp\/v2\/categoria-noticia?post=1805"}],"curies":[{"name":"wp","href":"https:\/\/api.w.org\/{rel}","templated":true}]}}