{"id":1793,"date":"2018-10-11T14:57:35","date_gmt":"2018-10-11T17:57:35","guid":{"rendered":"https:\/\/previews.elleven.digital\/acocearense\/?post_type=noticia&#038;p=1793"},"modified":"2025-05-07T15:00:42","modified_gmt":"2025-05-07T18:00:42","slug":"grupo-aco-cearense-apoia-casacor-ceara-2018","status":"publish","type":"noticia","link":"https:\/\/previews.elleven.digital\/acocearense\/noticia\/grupo-aco-cearense-apoia-casacor-ceara-2018\/","title":{"rendered":"Grupo A\u00e7o Cearense apoia CASACOR Cear\u00e1 2018"},"content":{"rendered":"<div class=\"m_7122270256621368099m_-8891319942333850102gmail-AD2M2015Texto\">O Grupo A\u00e7o Cearense \u00e9 mais uma vez fornecedor oficial da CASACOR Cear\u00e1 2018. O evento que acontece h\u00e1 19 anos \u00e9 a maior e mais completa mostra de arquitetura, design de interiores.<br \/>\nGuiados pelo tema A Casa Viva, 73 profissionais projetam 54 espa\u00e7os que acolher\u00e3o o p\u00fablico. O foco neste ano foi a valoriza\u00e7\u00e3o da cultura e da arte cearense, do morar, das experi\u00eancias e tamb\u00e9m da rela\u00e7\u00e3o entre ambiente, natureza e pessoas.<br \/>\nO apoio da A\u00e7o Cearense para o evento ocorreu em forma de materiais estruturais de constru\u00e7\u00e3o civil em a\u00e7o.<\/div>\n<div class=\"m_7122270256621368099m_-8891319942333850102gmail-AD2M2015Texto\"><\/div>\n<div class=\"m_7122270256621368099m_-8891319942333850102gmail-AD2M2015Servio\"><b>Servi\u00e7o: Casa Cor Cear\u00e1<\/b>\u00a0<b>2018<\/b><br \/>\n<strong>Data:<\/strong>\u00a013 de setembro a 23 de outubro.<\/div>\n<div class=\"m_7122270256621368099m_-8891319942333850102gmail-AD2M2015Servio\">Visita\u00e7\u00e3o: Ter\u00e7a a s\u00e1bado das 17h \u00e0s 22h. Domingos e feriados das 16h \u00e0s 21h.<br \/>\n<strong>Local:<\/strong>\u00a0Mans\u00e3o da Fam\u00edlia J. Macedo.\u00a0<span lang=\"EN-US\"><a href=\"https:\/\/maps.google.com\/?q=Rua+Visconde+de+Mau+,+950+-+Aldeota&amp;entry=gmail&amp;source=g\" target=\"_blank\" rel=\"noopener noreferrer\" data-saferedirecturl=\"https:\/\/www.google.com\/url?q=https:\/\/maps.google.com\/?q%3DRua%2BVisconde%2Bde%2BMau%2B,%2B950%2B-%2BAldeota%26entry%3Dgmail%26source%3Dg&amp;source=gmail&amp;ust=1539375605498000&amp;usg=AFQjCNEPIFwTtdoU6b8kjJ42nts2j1HJGw\"><span lang=\"PT-BR\">Rua Visconde de Mau<\/span><\/a><\/span>\u00e1<span lang=\"EN-US\"><a href=\"https:\/\/maps.google.com\/?q=Rua+Visconde+de+Mau+,+950+-+Aldeota&amp;entry=gmail&amp;source=g\" target=\"_blank\" rel=\"noopener noreferrer\" data-saferedirecturl=\"https:\/\/www.google.com\/url?q=https:\/\/maps.google.com\/?q%3DRua%2BVisconde%2Bde%2BMau%2B,%2B950%2B-%2BAldeota%26entry%3Dgmail%26source%3Dg&amp;source=gmail&amp;ust=1539375605498000&amp;usg=AFQjCNEPIFwTtdoU6b8kjJ42nts2j1HJGw\"><span lang=\"PT-BR\">, 950 \u2013 Aldeota<\/span><\/a><\/span><br \/>\n<strong>Ingressos:<\/strong>\u00a0R$ 48 (inteira) e R$ 24 (meia)<br \/>\n<strong>Informa\u00e7\u00f5es:<\/strong>\u00a0(85) 3261-3533<\/div>\n","protected":false},"featured_media":1803,"template":"","meta":{"_acf_changed":false,"inline_featured_image":false},"categoria-noticia":[],"class_list":["post-1793","noticia","type-noticia","status-publish","has-post-thumbnail","hentry"],"acf":{"link":""},"yoast_head":"<!-- This site is optimized with the Yoast SEO plugin v25.9 - https:\/\/yoast.com\/wordpress\/plugins\/seo\/ -->\n<title>Grupo A\u00e7o Cearense apoia CASACOR Cear\u00e1 2018 - Grupo A\u00e7o Cearense<\/title>\n<meta name=\"robots\" content=\"index, follow, max-snippet:-1, max-image-preview:large, max-video-preview:-1\" \/>\n<link rel=\"canonical\" href=\"https:\/\/previews.elleven.digital\/acocearense\/noticia\/grupo-aco-cearense-apoia-casacor-ceara-2018\/\" \/>\n<meta property=\"og:locale\" content=\"pt_BR\" \/>\n<meta property=\"og:type\" content=\"article\" \/>\n<meta property=\"og:title\" content=\"Grupo A\u00e7o Cearense apoia CASACOR Cear\u00e1 2018 - Grupo A\u00e7o Cearense\" \/>\n<meta property=\"og:description\" content=\"O Grupo A\u00e7o Cearense \u00e9 mais uma vez fornecedor oficial da CASACOR Cear\u00e1 2018. O(...)\" \/>\n<meta property=\"og:url\" content=\"https:\/\/previews.elleven.digital\/acocearense\/noticia\/grupo-aco-cearense-apoia-casacor-ceara-2018\/\" \/>\n<meta property=\"og:site_name\" content=\"Grupo A\u00e7o Cearense\" \/>\n<meta property=\"article:modified_time\" content=\"2025-05-07T18:00:42+00:00\" \/>\n<meta property=\"og:image\" content=\"https:\/\/previews.elleven.digital\/acocearense\/wp-content\/uploads\/2025\/05\/casacor1-480x300-1.jpg\" \/>\n\t<meta property=\"og:image:width\" content=\"480\" \/>\n\t<meta property=\"og:image:height\" content=\"300\" \/>\n\t<meta property=\"og:image:type\" content=\"image\/jpeg\" \/>\n<meta name=\"twitter:card\" content=\"summary_large_image\" \/>\n<meta name=\"twitter:label1\" content=\"Est. tempo de leitura\" \/>\n\t<meta name=\"twitter:data1\" content=\"2 minutos\" \/>\n<script type=\"application\/ld+json\" class=\"yoast-schema-graph\">{\"@context\":\"https:\/\/schema.org\",\"@graph\":[{\"@type\":\"WebPage\",\"@id\":\"https:\/\/previews.elleven.digital\/acocearense\/noticia\/grupo-aco-cearense-apoia-casacor-ceara-2018\/\",\"url\":\"https:\/\/previews.elleven.digital\/acocearense\/noticia\/grupo-aco-cearense-apoia-casacor-ceara-2018\/\",\"name\":\"Grupo A\u00e7o Cearense apoia CASACOR Cear\u00e1 2018 - Grupo A\u00e7o Cearense\",\"isPartOf\":{\"@id\":\"https:\/\/previews.elleven.digital\/acocearense\/#website\"},\"primaryImageOfPage\":{\"@id\":\"https:\/\/previews.elleven.digital\/acocearense\/noticia\/grupo-aco-cearense-apoia-casacor-ceara-2018\/#primaryimage\"},\"image\":{\"@id\":\"https:\/\/previews.elleven.digital\/acocearense\/noticia\/grupo-aco-cearense-apoia-casacor-ceara-2018\/#primaryimage\"},\"thumbnailUrl\":\"https:\/\/previews.elleven.digital\/acocearense\/wp-content\/uploads\/2025\/05\/casacor1-480x300-1.jpg\",\"datePublished\":\"2018-10-11T17:57:35+00:00\",\"dateModified\":\"2025-05-07T18:00:42+00:00\",\"breadcrumb\":{\"@id\":\"https:\/\/previews.elleven.digital\/acocearense\/noticia\/grupo-aco-cearense-apoia-casacor-ceara-2018\/#breadcrumb\"},\"inLanguage\":\"pt-BR\",\"potentialAction\":[{\"@type\":\"ReadAction\",\"target\":[\"https:\/\/previews.elleven.digital\/acocearense\/noticia\/grupo-aco-cearense-apoia-casacor-ceara-2018\/\"]}]},{\"@type\":\"ImageObject\",\"inLanguage\":\"pt-BR\",\"@id\":\"https:\/\/previews.elleven.digital\/acocearense\/noticia\/grupo-aco-cearense-apoia-casacor-ceara-2018\/#primaryimage\",\"url\":\"https:\/\/previews.elleven.digital\/acocearense\/wp-content\/uploads\/2025\/05\/casacor1-480x300-1.jpg\",\"contentUrl\":\"https:\/\/previews.elleven.digital\/acocearense\/wp-content\/uploads\/2025\/05\/casacor1-480x300-1.jpg\",\"width\":480,\"height\":300},{\"@type\":\"BreadcrumbList\",\"@id\":\"https:\/\/previews.elleven.digital\/acocearense\/noticia\/grupo-aco-cearense-apoia-casacor-ceara-2018\/#breadcrumb\",\"itemListElement\":[{\"@type\":\"ListItem\",\"position\":1,\"name\":\"In\u00edcio\",\"item\":\"https:\/\/previews.elleven.digital\/acocearense\/\"},{\"@type\":\"ListItem\",\"position\":2,\"name\":\"Not\u00edcias\",\"item\":\"https:\/\/previews.elleven.digital\/acocearense\/noticias\/\"},{\"@type\":\"ListItem\",\"position\":3,\"name\":\"Grupo A\u00e7o Cearense apoia CASACOR Cear\u00e1 2018\"}]},{\"@type\":\"WebSite\",\"@id\":\"https:\/\/previews.elleven.digital\/acocearense\/#website\",\"url\":\"https:\/\/previews.elleven.digital\/acocearense\/\",\"name\":\"A\u00e7o Cearense\",\"description\":\"H\u00e1 mais de 45 anos no mercado brasileiro do a\u00e7o.\",\"alternateName\":\"A\u00e7o Cearense\",\"potentialAction\":[{\"@type\":\"SearchAction\",\"target\":{\"@type\":\"EntryPoint\",\"urlTemplate\":\"https:\/\/previews.elleven.digital\/acocearense\/?s={search_term_string}\"},\"query-input\":{\"@type\":\"PropertyValueSpecification\",\"valueRequired\":true,\"valueName\":\"search_term_string\"}}],\"inLanguage\":\"pt-BR\"}]}<\/script>\n<!-- \/ Yoast SEO plugin. -->","yoast_head_json":{"title":"Grupo A\u00e7o Cearense apoia CASACOR Cear\u00e1 2018 - Grupo A\u00e7o Cearense","robots":{"index":"index","follow":"follow","max-snippet":"max-snippet:-1","max-image-preview":"max-image-preview:large","max-video-preview":"max-video-preview:-1"},"canonical":"https:\/\/previews.elleven.digital\/acocearense\/noticia\/grupo-aco-cearense-apoia-casacor-ceara-2018\/","og_locale":"pt_BR","og_type":"article","og_title":"Grupo A\u00e7o Cearense apoia CASACOR Cear\u00e1 2018 - Grupo A\u00e7o Cearense","og_description":"O Grupo A\u00e7o Cearense \u00e9 mais uma vez fornecedor oficial da CASACOR Cear\u00e1 2018. O(...)","og_url":"https:\/\/previews.elleven.digital\/acocearense\/noticia\/grupo-aco-cearense-apoia-casacor-ceara-2018\/","og_site_name":"Grupo A\u00e7o Cearense","article_modified_time":"2025-05-07T18:00:42+00:00","og_image":[{"width":480,"height":300,"url":"https:\/\/previews.elleven.digital\/acocearense\/wp-content\/uploads\/2025\/05\/casacor1-480x300-1.jpg","type":"image\/jpeg"}],"twitter_card":"summary_large_image","twitter_misc":{"Est. tempo de leitura":"2 minutos"},"schema":{"@context":"https:\/\/schema.org","@graph":[{"@type":"WebPage","@id":"https:\/\/previews.elleven.digital\/acocearense\/noticia\/grupo-aco-cearense-apoia-casacor-ceara-2018\/","url":"https:\/\/previews.elleven.digital\/acocearense\/noticia\/grupo-aco-cearense-apoia-casacor-ceara-2018\/","name":"Grupo A\u00e7o Cearense apoia CASACOR Cear\u00e1 2018 - Grupo A\u00e7o Cearense","isPartOf":{"@id":"https:\/\/previews.elleven.digital\/acocearense\/#website"},"primaryImageOfPage":{"@id":"https:\/\/previews.elleven.digital\/acocearense\/noticia\/grupo-aco-cearense-apoia-casacor-ceara-2018\/#primaryimage"},"image":{"@id":"https:\/\/previews.elleven.digital\/acocearense\/noticia\/grupo-aco-cearense-apoia-casacor-ceara-2018\/#primaryimage"},"thumbnailUrl":"https:\/\/previews.elleven.digital\/acocearense\/wp-content\/uploads\/2025\/05\/casacor1-480x300-1.jpg","datePublished":"2018-10-11T17:57:35+00:00","dateModified":"2025-05-07T18:00:42+00:00","breadcrumb":{"@id":"https:\/\/previews.elleven.digital\/acocearense\/noticia\/grupo-aco-cearense-apoia-casacor-ceara-2018\/#breadcrumb"},"inLanguage":"pt-BR","potentialAction":[{"@type":"ReadAction","target":["https:\/\/previews.elleven.digital\/acocearense\/noticia\/grupo-aco-cearense-apoia-casacor-ceara-2018\/"]}]},{"@type":"ImageObject","inLanguage":"pt-BR","@id":"https:\/\/previews.elleven.digital\/acocearense\/noticia\/grupo-aco-cearense-apoia-casacor-ceara-2018\/#primaryimage","url":"https:\/\/previews.elleven.digital\/acocearense\/wp-content\/uploads\/2025\/05\/casacor1-480x300-1.jpg","contentUrl":"https:\/\/previews.elleven.digital\/acocearense\/wp-content\/uploads\/2025\/05\/casacor1-480x300-1.jpg","width":480,"height":300},{"@type":"BreadcrumbList","@id":"https:\/\/previews.elleven.digital\/acocearense\/noticia\/grupo-aco-cearense-apoia-casacor-ceara-2018\/#breadcrumb","itemListElement":[{"@type":"ListItem","position":1,"name":"In\u00edcio","item":"https:\/\/previews.elleven.digital\/acocearense\/"},{"@type":"ListItem","position":2,"name":"Not\u00edcias","item":"https:\/\/previews.elleven.digital\/acocearense\/noticias\/"},{"@type":"ListItem","position":3,"name":"Grupo A\u00e7o Cearense apoia CASACOR Cear\u00e1 2018"}]},{"@type":"WebSite","@id":"https:\/\/previews.elleven.digital\/acocearense\/#website","url":"https:\/\/previews.elleven.digital\/acocearense\/","name":"A\u00e7o Cearense","description":"H\u00e1 mais de 45 anos no mercado brasileiro do a\u00e7o.","alternateName":"A\u00e7o Cearense","potentialAction":[{"@type":"SearchAction","target":{"@type":"EntryPoint","urlTemplate":"https:\/\/previews.elleven.digital\/acocearense\/?s={search_term_string}"},"query-input":{"@type":"PropertyValueSpecification","valueRequired":true,"valueName":"search_term_string"}}],"inLanguage":"pt-BR"}]}},"_links":{"self":[{"href":"https:\/\/previews.elleven.digital\/acocearense\/wp-json\/wp\/v2\/noticia\/1793","targetHints":{"allow":["GET"]}}],"collection":[{"href":"https:\/\/previews.elleven.digital\/acocearense\/wp-json\/wp\/v2\/noticia"}],"about":[{"href":"https:\/\/previews.elleven.digital\/acocearense\/wp-json\/wp\/v2\/types\/noticia"}],"wp:featuredmedia":[{"embeddable":true,"href":"https:\/\/previews.elleven.digital\/acocearense\/wp-json\/wp\/v2\/media\/1803"}],"wp:attachment":[{"href":"https:\/\/previews.elleven.digital\/acocearense\/wp-json\/wp\/v2\/media?parent=1793"}],"wp:term":[{"taxonomy":"categoria-noticia","embeddable":true,"href":"https:\/\/previews.elleven.digital\/acocearense\/wp-json\/wp\/v2\/categoria-noticia?post=1793"}],"curies":[{"name":"wp","href":"https:\/\/api.w.org\/{rel}","templated":true}]}}