{"id":1791,"date":"2018-09-18T14:56:32","date_gmt":"2018-09-18T17:56:32","guid":{"rendered":"https:\/\/previews.elleven.digital\/acocearense\/?post_type=noticia&#038;p=1791"},"modified":"2025-05-07T14:56:54","modified_gmt":"2025-05-07T17:56:54","slug":"gilberto-silva-vence-prova-ciclismo-nos-bairros","status":"publish","type":"noticia","link":"https:\/\/previews.elleven.digital\/acocearense\/noticia\/gilberto-silva-vence-prova-ciclismo-nos-bairros\/","title":{"rendered":"Gilberto Silva vence prova Ciclismo nos Bairros"},"content":{"rendered":"<p class=\"m_4647678968126199308m_5982746361045332646m_1785413599942850115m_7204754909801259844m_866983958605417375m_349323484384519184m_2499623288438248380gmail-m_7096276597408309661gmail-AD2M2015Texto\">O atleta patrocinado pelo Instituto A\u00e7o Cearense, Gilberto Silva, venceu a prova do Projeto Ciclismo nos Bairros\u00a0 na categoria Master.\u00a0 O evento aconteceu no feriado de 7 de setembro, no Eus\u00e9bio.<\/p>\n<p class=\"m_4647678968126199308m_5982746361045332646m_1785413599942850115m_7204754909801259844m_866983958605417375m_349323484384519184m_2499623288438248380gmail-m_7096276597408309661gmail-AD2M2015Texto\">\u00a0Gilberto, que participou recentemente do Panamericano de Paraciclismo, vem h\u00e1 algum tempo com uma rotina de treinos intensa. Segundo o atleta, essa rotina\u00a0o ajudou a conseguir os bons resultados que vem alcan\u00e7ando. \u201cFico feliz com esse resultado, pois a prova teve muitos ciclistas de alto n\u00edvel. Pra mim \u00e9 importante porque assim sei que estou em um bom n\u00edvel e com boa prepara\u00e7\u00e3o\u201d, diz Gilberto.<\/p>\n<p class=\"m_4647678968126199308m_5982746361045332646m_1785413599942850115m_7204754909801259844m_866983958605417375m_349323484384519184m_2499623288438248380gmail-m_7096276597408309661gmail-AD2M2015Texto\">\u00a0O Projeto Ciclismo nos Bairros busca valorizar\u00a0o esporte\u00a0cearense, realizando a prova sempre em um bairro diferente de Fortaleza. A prova incentiva ainda o uso da bicicleta como modalidade esportiva, como meio de transporte e tamb\u00e9m\u00a0de\u00a0lazer.<\/p>\n","protected":false},"featured_media":1775,"template":"","meta":{"_acf_changed":false,"inline_featured_image":false},"categoria-noticia":[],"class_list":["post-1791","noticia","type-noticia","status-publish","has-post-thumbnail","hentry"],"acf":{"link":""},"yoast_head":"<!-- This site is optimized with the Yoast SEO plugin v25.9 - https:\/\/yoast.com\/wordpress\/plugins\/seo\/ -->\n<title>Gilberto Silva vence prova Ciclismo nos Bairros - Grupo A\u00e7o Cearense<\/title>\n<meta name=\"robots\" content=\"index, follow, max-snippet:-1, max-image-preview:large, max-video-preview:-1\" \/>\n<link rel=\"canonical\" href=\"https:\/\/previews.elleven.digital\/acocearense\/noticia\/gilberto-silva-vence-prova-ciclismo-nos-bairros\/\" \/>\n<meta property=\"og:locale\" content=\"pt_BR\" \/>\n<meta property=\"og:type\" content=\"article\" \/>\n<meta property=\"og:title\" content=\"Gilberto Silva vence prova Ciclismo nos Bairros - Grupo A\u00e7o Cearense\" \/>\n<meta property=\"og:description\" content=\"O atleta patrocinado pelo Instituto A\u00e7o Cearense, Gilberto Silva, venceu a prova do Projeto Ciclismo(...)\" \/>\n<meta property=\"og:url\" content=\"https:\/\/previews.elleven.digital\/acocearense\/noticia\/gilberto-silva-vence-prova-ciclismo-nos-bairros\/\" \/>\n<meta property=\"og:site_name\" content=\"Grupo A\u00e7o Cearense\" \/>\n<meta property=\"article:modified_time\" content=\"2025-05-07T17:56:54+00:00\" \/>\n<meta property=\"og:image\" content=\"https:\/\/previews.elleven.digital\/acocearense\/wp-content\/uploads\/2025\/05\/gilberto-silva-1.jpg\" \/>\n\t<meta property=\"og:image:width\" content=\"800\" \/>\n\t<meta property=\"og:image:height\" content=\"459\" \/>\n\t<meta property=\"og:image:type\" content=\"image\/jpeg\" \/>\n<meta name=\"twitter:card\" content=\"summary_large_image\" \/>\n<meta name=\"twitter:label1\" content=\"Est. tempo de leitura\" \/>\n\t<meta name=\"twitter:data1\" content=\"1 minuto\" \/>\n<script type=\"application\/ld+json\" class=\"yoast-schema-graph\">{\"@context\":\"https:\/\/schema.org\",\"@graph\":[{\"@type\":\"WebPage\",\"@id\":\"https:\/\/previews.elleven.digital\/acocearense\/noticia\/gilberto-silva-vence-prova-ciclismo-nos-bairros\/\",\"url\":\"https:\/\/previews.elleven.digital\/acocearense\/noticia\/gilberto-silva-vence-prova-ciclismo-nos-bairros\/\",\"name\":\"Gilberto Silva vence prova Ciclismo nos Bairros - Grupo A\u00e7o Cearense\",\"isPartOf\":{\"@id\":\"https:\/\/previews.elleven.digital\/acocearense\/#website\"},\"primaryImageOfPage\":{\"@id\":\"https:\/\/previews.elleven.digital\/acocearense\/noticia\/gilberto-silva-vence-prova-ciclismo-nos-bairros\/#primaryimage\"},\"image\":{\"@id\":\"https:\/\/previews.elleven.digital\/acocearense\/noticia\/gilberto-silva-vence-prova-ciclismo-nos-bairros\/#primaryimage\"},\"thumbnailUrl\":\"https:\/\/previews.elleven.digital\/acocearense\/wp-content\/uploads\/2025\/05\/gilberto-silva-1.jpg\",\"datePublished\":\"2018-09-18T17:56:32+00:00\",\"dateModified\":\"2025-05-07T17:56:54+00:00\",\"breadcrumb\":{\"@id\":\"https:\/\/previews.elleven.digital\/acocearense\/noticia\/gilberto-silva-vence-prova-ciclismo-nos-bairros\/#breadcrumb\"},\"inLanguage\":\"pt-BR\",\"potentialAction\":[{\"@type\":\"ReadAction\",\"target\":[\"https:\/\/previews.elleven.digital\/acocearense\/noticia\/gilberto-silva-vence-prova-ciclismo-nos-bairros\/\"]}]},{\"@type\":\"ImageObject\",\"inLanguage\":\"pt-BR\",\"@id\":\"https:\/\/previews.elleven.digital\/acocearense\/noticia\/gilberto-silva-vence-prova-ciclismo-nos-bairros\/#primaryimage\",\"url\":\"https:\/\/previews.elleven.digital\/acocearense\/wp-content\/uploads\/2025\/05\/gilberto-silva-1.jpg\",\"contentUrl\":\"https:\/\/previews.elleven.digital\/acocearense\/wp-content\/uploads\/2025\/05\/gilberto-silva-1.jpg\",\"width\":800,\"height\":459},{\"@type\":\"BreadcrumbList\",\"@id\":\"https:\/\/previews.elleven.digital\/acocearense\/noticia\/gilberto-silva-vence-prova-ciclismo-nos-bairros\/#breadcrumb\",\"itemListElement\":[{\"@type\":\"ListItem\",\"position\":1,\"name\":\"In\u00edcio\",\"item\":\"https:\/\/previews.elleven.digital\/acocearense\/\"},{\"@type\":\"ListItem\",\"position\":2,\"name\":\"Not\u00edcias\",\"item\":\"https:\/\/previews.elleven.digital\/acocearense\/noticias\/\"},{\"@type\":\"ListItem\",\"position\":3,\"name\":\"Gilberto Silva vence prova Ciclismo nos Bairros\"}]},{\"@type\":\"WebSite\",\"@id\":\"https:\/\/previews.elleven.digital\/acocearense\/#website\",\"url\":\"https:\/\/previews.elleven.digital\/acocearense\/\",\"name\":\"A\u00e7o Cearense\",\"description\":\"H\u00e1 mais de 45 anos no mercado brasileiro do a\u00e7o.\",\"alternateName\":\"A\u00e7o Cearense\",\"potentialAction\":[{\"@type\":\"SearchAction\",\"target\":{\"@type\":\"EntryPoint\",\"urlTemplate\":\"https:\/\/previews.elleven.digital\/acocearense\/?s={search_term_string}\"},\"query-input\":{\"@type\":\"PropertyValueSpecification\",\"valueRequired\":true,\"valueName\":\"search_term_string\"}}],\"inLanguage\":\"pt-BR\"}]}<\/script>\n<!-- \/ Yoast SEO plugin. -->","yoast_head_json":{"title":"Gilberto Silva vence prova Ciclismo nos Bairros - Grupo A\u00e7o Cearense","robots":{"index":"index","follow":"follow","max-snippet":"max-snippet:-1","max-image-preview":"max-image-preview:large","max-video-preview":"max-video-preview:-1"},"canonical":"https:\/\/previews.elleven.digital\/acocearense\/noticia\/gilberto-silva-vence-prova-ciclismo-nos-bairros\/","og_locale":"pt_BR","og_type":"article","og_title":"Gilberto Silva vence prova Ciclismo nos Bairros - Grupo A\u00e7o Cearense","og_description":"O atleta patrocinado pelo Instituto A\u00e7o Cearense, Gilberto Silva, venceu a prova do Projeto Ciclismo(...)","og_url":"https:\/\/previews.elleven.digital\/acocearense\/noticia\/gilberto-silva-vence-prova-ciclismo-nos-bairros\/","og_site_name":"Grupo A\u00e7o Cearense","article_modified_time":"2025-05-07T17:56:54+00:00","og_image":[{"width":800,"height":459,"url":"https:\/\/previews.elleven.digital\/acocearense\/wp-content\/uploads\/2025\/05\/gilberto-silva-1.jpg","type":"image\/jpeg"}],"twitter_card":"summary_large_image","twitter_misc":{"Est. tempo de leitura":"1 minuto"},"schema":{"@context":"https:\/\/schema.org","@graph":[{"@type":"WebPage","@id":"https:\/\/previews.elleven.digital\/acocearense\/noticia\/gilberto-silva-vence-prova-ciclismo-nos-bairros\/","url":"https:\/\/previews.elleven.digital\/acocearense\/noticia\/gilberto-silva-vence-prova-ciclismo-nos-bairros\/","name":"Gilberto Silva vence prova Ciclismo nos Bairros - Grupo A\u00e7o Cearense","isPartOf":{"@id":"https:\/\/previews.elleven.digital\/acocearense\/#website"},"primaryImageOfPage":{"@id":"https:\/\/previews.elleven.digital\/acocearense\/noticia\/gilberto-silva-vence-prova-ciclismo-nos-bairros\/#primaryimage"},"image":{"@id":"https:\/\/previews.elleven.digital\/acocearense\/noticia\/gilberto-silva-vence-prova-ciclismo-nos-bairros\/#primaryimage"},"thumbnailUrl":"https:\/\/previews.elleven.digital\/acocearense\/wp-content\/uploads\/2025\/05\/gilberto-silva-1.jpg","datePublished":"2018-09-18T17:56:32+00:00","dateModified":"2025-05-07T17:56:54+00:00","breadcrumb":{"@id":"https:\/\/previews.elleven.digital\/acocearense\/noticia\/gilberto-silva-vence-prova-ciclismo-nos-bairros\/#breadcrumb"},"inLanguage":"pt-BR","potentialAction":[{"@type":"ReadAction","target":["https:\/\/previews.elleven.digital\/acocearense\/noticia\/gilberto-silva-vence-prova-ciclismo-nos-bairros\/"]}]},{"@type":"ImageObject","inLanguage":"pt-BR","@id":"https:\/\/previews.elleven.digital\/acocearense\/noticia\/gilberto-silva-vence-prova-ciclismo-nos-bairros\/#primaryimage","url":"https:\/\/previews.elleven.digital\/acocearense\/wp-content\/uploads\/2025\/05\/gilberto-silva-1.jpg","contentUrl":"https:\/\/previews.elleven.digital\/acocearense\/wp-content\/uploads\/2025\/05\/gilberto-silva-1.jpg","width":800,"height":459},{"@type":"BreadcrumbList","@id":"https:\/\/previews.elleven.digital\/acocearense\/noticia\/gilberto-silva-vence-prova-ciclismo-nos-bairros\/#breadcrumb","itemListElement":[{"@type":"ListItem","position":1,"name":"In\u00edcio","item":"https:\/\/previews.elleven.digital\/acocearense\/"},{"@type":"ListItem","position":2,"name":"Not\u00edcias","item":"https:\/\/previews.elleven.digital\/acocearense\/noticias\/"},{"@type":"ListItem","position":3,"name":"Gilberto Silva vence prova Ciclismo nos Bairros"}]},{"@type":"WebSite","@id":"https:\/\/previews.elleven.digital\/acocearense\/#website","url":"https:\/\/previews.elleven.digital\/acocearense\/","name":"A\u00e7o Cearense","description":"H\u00e1 mais de 45 anos no mercado brasileiro do a\u00e7o.","alternateName":"A\u00e7o Cearense","potentialAction":[{"@type":"SearchAction","target":{"@type":"EntryPoint","urlTemplate":"https:\/\/previews.elleven.digital\/acocearense\/?s={search_term_string}"},"query-input":{"@type":"PropertyValueSpecification","valueRequired":true,"valueName":"search_term_string"}}],"inLanguage":"pt-BR"}]}},"_links":{"self":[{"href":"https:\/\/previews.elleven.digital\/acocearense\/wp-json\/wp\/v2\/noticia\/1791","targetHints":{"allow":["GET"]}}],"collection":[{"href":"https:\/\/previews.elleven.digital\/acocearense\/wp-json\/wp\/v2\/noticia"}],"about":[{"href":"https:\/\/previews.elleven.digital\/acocearense\/wp-json\/wp\/v2\/types\/noticia"}],"wp:featuredmedia":[{"embeddable":true,"href":"https:\/\/previews.elleven.digital\/acocearense\/wp-json\/wp\/v2\/media\/1775"}],"wp:attachment":[{"href":"https:\/\/previews.elleven.digital\/acocearense\/wp-json\/wp\/v2\/media?parent=1791"}],"wp:term":[{"taxonomy":"categoria-noticia","embeddable":true,"href":"https:\/\/previews.elleven.digital\/acocearense\/wp-json\/wp\/v2\/categoria-noticia?post=1791"}],"curies":[{"name":"wp","href":"https:\/\/api.w.org\/{rel}","templated":true}]}}