{"id":1789,"date":"2018-09-04T14:55:29","date_gmt":"2018-09-04T17:55:29","guid":{"rendered":"https:\/\/previews.elleven.digital\/acocearense\/?post_type=noticia&#038;p=1789"},"modified":"2025-05-07T14:55:58","modified_gmt":"2025-05-07T17:55:58","slug":"time-de-society-de-colaboradores-da-aco-cearense-comercial-avanca-em-competicao","status":"publish","type":"noticia","link":"https:\/\/previews.elleven.digital\/acocearense\/noticia\/time-de-society-de-colaboradores-da-aco-cearense-comercial-avanca-em-competicao\/","title":{"rendered":"Time de society de colaboradores da A\u00e7o Cearense Comercial avan\u00e7a em competi\u00e7\u00e3o"},"content":{"rendered":"<p>O time de Futebol Society da A\u00e7o Cearense Comercial competiu no domingo (26) e empatou com a equipe da Sapataria Nova do North Shopping.\u00a0 O jogo faz parte da 5\u00aa edi\u00e7\u00e3o do\u00a0 Campeonato de Futebol do Sindicato dos Comerci\u00e1rios.<\/p>\n<p>O resultado do jogo foi 4X4 e garantiu vaga na pr\u00f3xima fase da competi\u00e7\u00e3o para o time da A\u00e7o Cearense Comercial. Os gols foram marcados por Ca\u00edque Dantas \u00a0(1 gol) e Jo\u00e3o Lucas Ferreira (3 gols), ambos colaboradores da \u00e1rea do Almoxarifado.<\/p>\n<p>\u201cAgrade\u00e7o a todos os envolvidos que est\u00e3o nos dando suporte. Agrade\u00e7o tamb\u00e9m aos jogadores, que mesmo com as dificuldades e imprevistos, n\u00e3o perderam a garra e conseguiram um bom resultado que nos rendeu a classifica\u00e7\u00e3o. Agora nosso objetivo \u00e9 ganhar o pr\u00f3ximo jogo e ficar como primeiro da chave\u201d, disse o t\u00e9cnico do time, Gutemberg da Silva, da \u00e1rea de Manuten\u00e7\u00e3o.<\/p>\n<h2>Pr\u00f3xima partida<\/h2>\n<p>A pr\u00f3xima partida da equipe est\u00e1 marcada para o dia 7 do pr\u00f3ximo m\u00eas, no Clube dos Comerci\u00e1rios (Avenida Dom Almeida Lustosa, bairro Santa Rita em Caucaia), contra o time da Sapataria Nova do Centro, que \u00e9 a atual campe\u00e3 da competi\u00e7\u00e3o.<br \/>\nA entrada para assistir ao jogo e ter acesso ao Clube custa R$ 15,00.<\/p>\n","protected":false},"featured_media":1777,"template":"","meta":{"_acf_changed":false,"inline_featured_image":false},"categoria-noticia":[],"class_list":["post-1789","noticia","type-noticia","status-publish","has-post-thumbnail","hentry"],"acf":{"link":""},"yoast_head":"<!-- This site is optimized with the Yoast SEO plugin v25.9 - https:\/\/yoast.com\/wordpress\/plugins\/seo\/ -->\n<title>Time de society de colaboradores da A\u00e7o Cearense Comercial avan\u00e7a em competi\u00e7\u00e3o - Grupo A\u00e7o Cearense<\/title>\n<meta name=\"robots\" content=\"index, follow, max-snippet:-1, max-image-preview:large, max-video-preview:-1\" \/>\n<link rel=\"canonical\" href=\"https:\/\/previews.elleven.digital\/acocearense\/noticia\/time-de-society-de-colaboradores-da-aco-cearense-comercial-avanca-em-competicao\/\" \/>\n<meta property=\"og:locale\" content=\"pt_BR\" \/>\n<meta property=\"og:type\" content=\"article\" \/>\n<meta property=\"og:title\" content=\"Time de society de colaboradores da A\u00e7o Cearense Comercial avan\u00e7a em competi\u00e7\u00e3o - Grupo A\u00e7o Cearense\" \/>\n<meta property=\"og:description\" content=\"O time de Futebol Society da A\u00e7o Cearense Comercial competiu no domingo (26) e empatou(...)\" \/>\n<meta property=\"og:url\" content=\"https:\/\/previews.elleven.digital\/acocearense\/noticia\/time-de-society-de-colaboradores-da-aco-cearense-comercial-avanca-em-competicao\/\" \/>\n<meta property=\"og:site_name\" content=\"Grupo A\u00e7o Cearense\" \/>\n<meta property=\"article:modified_time\" content=\"2025-05-07T17:55:58+00:00\" \/>\n<meta property=\"og:image\" content=\"https:\/\/previews.elleven.digital\/acocearense\/wp-content\/uploads\/2025\/05\/futsal.jpg\" \/>\n\t<meta property=\"og:image:width\" content=\"699\" \/>\n\t<meta property=\"og:image:height\" content=\"471\" \/>\n\t<meta property=\"og:image:type\" content=\"image\/jpeg\" \/>\n<meta name=\"twitter:card\" content=\"summary_large_image\" \/>\n<meta name=\"twitter:label1\" content=\"Est. tempo de leitura\" \/>\n\t<meta name=\"twitter:data1\" content=\"2 minutos\" \/>\n<script type=\"application\/ld+json\" class=\"yoast-schema-graph\">{\"@context\":\"https:\/\/schema.org\",\"@graph\":[{\"@type\":\"WebPage\",\"@id\":\"https:\/\/previews.elleven.digital\/acocearense\/noticia\/time-de-society-de-colaboradores-da-aco-cearense-comercial-avanca-em-competicao\/\",\"url\":\"https:\/\/previews.elleven.digital\/acocearense\/noticia\/time-de-society-de-colaboradores-da-aco-cearense-comercial-avanca-em-competicao\/\",\"name\":\"Time de society de colaboradores da A\u00e7o Cearense Comercial avan\u00e7a em competi\u00e7\u00e3o - Grupo A\u00e7o Cearense\",\"isPartOf\":{\"@id\":\"https:\/\/previews.elleven.digital\/acocearense\/#website\"},\"primaryImageOfPage\":{\"@id\":\"https:\/\/previews.elleven.digital\/acocearense\/noticia\/time-de-society-de-colaboradores-da-aco-cearense-comercial-avanca-em-competicao\/#primaryimage\"},\"image\":{\"@id\":\"https:\/\/previews.elleven.digital\/acocearense\/noticia\/time-de-society-de-colaboradores-da-aco-cearense-comercial-avanca-em-competicao\/#primaryimage\"},\"thumbnailUrl\":\"https:\/\/previews.elleven.digital\/acocearense\/wp-content\/uploads\/2025\/05\/futsal.jpg\",\"datePublished\":\"2018-09-04T17:55:29+00:00\",\"dateModified\":\"2025-05-07T17:55:58+00:00\",\"breadcrumb\":{\"@id\":\"https:\/\/previews.elleven.digital\/acocearense\/noticia\/time-de-society-de-colaboradores-da-aco-cearense-comercial-avanca-em-competicao\/#breadcrumb\"},\"inLanguage\":\"pt-BR\",\"potentialAction\":[{\"@type\":\"ReadAction\",\"target\":[\"https:\/\/previews.elleven.digital\/acocearense\/noticia\/time-de-society-de-colaboradores-da-aco-cearense-comercial-avanca-em-competicao\/\"]}]},{\"@type\":\"ImageObject\",\"inLanguage\":\"pt-BR\",\"@id\":\"https:\/\/previews.elleven.digital\/acocearense\/noticia\/time-de-society-de-colaboradores-da-aco-cearense-comercial-avanca-em-competicao\/#primaryimage\",\"url\":\"https:\/\/previews.elleven.digital\/acocearense\/wp-content\/uploads\/2025\/05\/futsal.jpg\",\"contentUrl\":\"https:\/\/previews.elleven.digital\/acocearense\/wp-content\/uploads\/2025\/05\/futsal.jpg\",\"width\":699,\"height\":471},{\"@type\":\"BreadcrumbList\",\"@id\":\"https:\/\/previews.elleven.digital\/acocearense\/noticia\/time-de-society-de-colaboradores-da-aco-cearense-comercial-avanca-em-competicao\/#breadcrumb\",\"itemListElement\":[{\"@type\":\"ListItem\",\"position\":1,\"name\":\"In\u00edcio\",\"item\":\"https:\/\/previews.elleven.digital\/acocearense\/\"},{\"@type\":\"ListItem\",\"position\":2,\"name\":\"Not\u00edcias\",\"item\":\"https:\/\/previews.elleven.digital\/acocearense\/noticias\/\"},{\"@type\":\"ListItem\",\"position\":3,\"name\":\"Time de society de colaboradores da A\u00e7o Cearense Comercial avan\u00e7a em competi\u00e7\u00e3o\"}]},{\"@type\":\"WebSite\",\"@id\":\"https:\/\/previews.elleven.digital\/acocearense\/#website\",\"url\":\"https:\/\/previews.elleven.digital\/acocearense\/\",\"name\":\"A\u00e7o Cearense\",\"description\":\"H\u00e1 mais de 45 anos no mercado brasileiro do a\u00e7o.\",\"alternateName\":\"A\u00e7o Cearense\",\"potentialAction\":[{\"@type\":\"SearchAction\",\"target\":{\"@type\":\"EntryPoint\",\"urlTemplate\":\"https:\/\/previews.elleven.digital\/acocearense\/?s={search_term_string}\"},\"query-input\":{\"@type\":\"PropertyValueSpecification\",\"valueRequired\":true,\"valueName\":\"search_term_string\"}}],\"inLanguage\":\"pt-BR\"}]}<\/script>\n<!-- \/ Yoast SEO plugin. -->","yoast_head_json":{"title":"Time de society de colaboradores da A\u00e7o Cearense Comercial avan\u00e7a em competi\u00e7\u00e3o - Grupo A\u00e7o Cearense","robots":{"index":"index","follow":"follow","max-snippet":"max-snippet:-1","max-image-preview":"max-image-preview:large","max-video-preview":"max-video-preview:-1"},"canonical":"https:\/\/previews.elleven.digital\/acocearense\/noticia\/time-de-society-de-colaboradores-da-aco-cearense-comercial-avanca-em-competicao\/","og_locale":"pt_BR","og_type":"article","og_title":"Time de society de colaboradores da A\u00e7o Cearense Comercial avan\u00e7a em competi\u00e7\u00e3o - Grupo A\u00e7o Cearense","og_description":"O time de Futebol Society da A\u00e7o Cearense Comercial competiu no domingo (26) e empatou(...)","og_url":"https:\/\/previews.elleven.digital\/acocearense\/noticia\/time-de-society-de-colaboradores-da-aco-cearense-comercial-avanca-em-competicao\/","og_site_name":"Grupo A\u00e7o Cearense","article_modified_time":"2025-05-07T17:55:58+00:00","og_image":[{"width":699,"height":471,"url":"https:\/\/previews.elleven.digital\/acocearense\/wp-content\/uploads\/2025\/05\/futsal.jpg","type":"image\/jpeg"}],"twitter_card":"summary_large_image","twitter_misc":{"Est. tempo de leitura":"2 minutos"},"schema":{"@context":"https:\/\/schema.org","@graph":[{"@type":"WebPage","@id":"https:\/\/previews.elleven.digital\/acocearense\/noticia\/time-de-society-de-colaboradores-da-aco-cearense-comercial-avanca-em-competicao\/","url":"https:\/\/previews.elleven.digital\/acocearense\/noticia\/time-de-society-de-colaboradores-da-aco-cearense-comercial-avanca-em-competicao\/","name":"Time de society de colaboradores da A\u00e7o Cearense Comercial avan\u00e7a em competi\u00e7\u00e3o - Grupo A\u00e7o Cearense","isPartOf":{"@id":"https:\/\/previews.elleven.digital\/acocearense\/#website"},"primaryImageOfPage":{"@id":"https:\/\/previews.elleven.digital\/acocearense\/noticia\/time-de-society-de-colaboradores-da-aco-cearense-comercial-avanca-em-competicao\/#primaryimage"},"image":{"@id":"https:\/\/previews.elleven.digital\/acocearense\/noticia\/time-de-society-de-colaboradores-da-aco-cearense-comercial-avanca-em-competicao\/#primaryimage"},"thumbnailUrl":"https:\/\/previews.elleven.digital\/acocearense\/wp-content\/uploads\/2025\/05\/futsal.jpg","datePublished":"2018-09-04T17:55:29+00:00","dateModified":"2025-05-07T17:55:58+00:00","breadcrumb":{"@id":"https:\/\/previews.elleven.digital\/acocearense\/noticia\/time-de-society-de-colaboradores-da-aco-cearense-comercial-avanca-em-competicao\/#breadcrumb"},"inLanguage":"pt-BR","potentialAction":[{"@type":"ReadAction","target":["https:\/\/previews.elleven.digital\/acocearense\/noticia\/time-de-society-de-colaboradores-da-aco-cearense-comercial-avanca-em-competicao\/"]}]},{"@type":"ImageObject","inLanguage":"pt-BR","@id":"https:\/\/previews.elleven.digital\/acocearense\/noticia\/time-de-society-de-colaboradores-da-aco-cearense-comercial-avanca-em-competicao\/#primaryimage","url":"https:\/\/previews.elleven.digital\/acocearense\/wp-content\/uploads\/2025\/05\/futsal.jpg","contentUrl":"https:\/\/previews.elleven.digital\/acocearense\/wp-content\/uploads\/2025\/05\/futsal.jpg","width":699,"height":471},{"@type":"BreadcrumbList","@id":"https:\/\/previews.elleven.digital\/acocearense\/noticia\/time-de-society-de-colaboradores-da-aco-cearense-comercial-avanca-em-competicao\/#breadcrumb","itemListElement":[{"@type":"ListItem","position":1,"name":"In\u00edcio","item":"https:\/\/previews.elleven.digital\/acocearense\/"},{"@type":"ListItem","position":2,"name":"Not\u00edcias","item":"https:\/\/previews.elleven.digital\/acocearense\/noticias\/"},{"@type":"ListItem","position":3,"name":"Time de society de colaboradores da A\u00e7o Cearense Comercial avan\u00e7a em competi\u00e7\u00e3o"}]},{"@type":"WebSite","@id":"https:\/\/previews.elleven.digital\/acocearense\/#website","url":"https:\/\/previews.elleven.digital\/acocearense\/","name":"A\u00e7o Cearense","description":"H\u00e1 mais de 45 anos no mercado brasileiro do a\u00e7o.","alternateName":"A\u00e7o Cearense","potentialAction":[{"@type":"SearchAction","target":{"@type":"EntryPoint","urlTemplate":"https:\/\/previews.elleven.digital\/acocearense\/?s={search_term_string}"},"query-input":{"@type":"PropertyValueSpecification","valueRequired":true,"valueName":"search_term_string"}}],"inLanguage":"pt-BR"}]}},"_links":{"self":[{"href":"https:\/\/previews.elleven.digital\/acocearense\/wp-json\/wp\/v2\/noticia\/1789","targetHints":{"allow":["GET"]}}],"collection":[{"href":"https:\/\/previews.elleven.digital\/acocearense\/wp-json\/wp\/v2\/noticia"}],"about":[{"href":"https:\/\/previews.elleven.digital\/acocearense\/wp-json\/wp\/v2\/types\/noticia"}],"wp:featuredmedia":[{"embeddable":true,"href":"https:\/\/previews.elleven.digital\/acocearense\/wp-json\/wp\/v2\/media\/1777"}],"wp:attachment":[{"href":"https:\/\/previews.elleven.digital\/acocearense\/wp-json\/wp\/v2\/media?parent=1789"}],"wp:term":[{"taxonomy":"categoria-noticia","embeddable":true,"href":"https:\/\/previews.elleven.digital\/acocearense\/wp-json\/wp\/v2\/categoria-noticia?post=1789"}],"curies":[{"name":"wp","href":"https:\/\/api.w.org\/{rel}","templated":true}]}}