{"id":1788,"date":"2018-09-04T14:54:53","date_gmt":"2018-09-04T17:54:53","guid":{"rendered":"https:\/\/previews.elleven.digital\/acocearense\/?post_type=noticia&#038;p=1788"},"modified":"2025-05-07T14:55:24","modified_gmt":"2025-05-07T17:55:24","slug":"familiares-de-colaboradores-visitam-a-empresa","status":"publish","type":"noticia","link":"https:\/\/previews.elleven.digital\/acocearense\/noticia\/familiares-de-colaboradores-visitam-a-empresa\/","title":{"rendered":"Familiares de colaboradores visitam a empresa"},"content":{"rendered":"<p>A A\u00e7o Cearense abre as suas portas todos os meses para as fam\u00edlias de seus colaboradores conhecerem de perto a empresa. No dia 23 de agosto, 19 pessoas tiveram a oportunidade de conhecer o local de trabalho de seus familiares.<br \/>\n<img loading=\"lazy\" decoding=\"async\" class=\"wp-image-3682 aligncenter\" src=\"https:\/\/grupoacocearense.com.br\/wp-content\/uploads\/2018\/09\/familiares.jpg\" sizes=\"auto, (max-width: 347px) 100vw, 347px\" srcset=\"https:\/\/previews.elleven.digital\/acocearense\/wp-content\/uploads\/2018\/09\/familiares.jpg 4009w, https:\/\/previews.elleven.digital\/acocearense\/wp-content\/uploads\/2018\/09\/familiares-300x176.jpg 300w, https:\/\/previews.elleven.digital\/acocearense\/wp-content\/uploads\/2018\/09\/familiares-768x450.jpg 768w, https:\/\/previews.elleven.digital\/acocearense\/wp-content\/uploads\/2018\/09\/familiares-1024x600.jpg 1024w\" alt=\"\" width=\"347\" height=\"203\" \/><\/p>\n<h3>\u201cFomos muito bem recebidos, a equipe est\u00e1 de parab\u00e9ns pela organiza\u00e7\u00e3o e seguran\u00e7a.\u201d<\/h3>\n<p>Em cada visita \u00e9 apresentado o processo produtivo da empresa e o ambiente de trabalho dos colaboradores. Zulene Medeiros e seu esposo Benedito Alves, pais da T\u00e9cnica de Seguran\u00e7a da A\u00e7o Cearense Industrial Matriz, Arislene Medeiros, destacaram o acolhimento na A\u00e7o Cearense. \u201cFomos muito bem recebidos, a equipe est\u00e1 de parab\u00e9ns pela organiza\u00e7\u00e3o e seguran\u00e7a. Gostamos bastante da experi\u00eancia\u201d, comentaram.<\/p>\n<h3>Inscri\u00e7\u00e3o<\/h3>\n<p>Para inscrever o familiar no projeto, o colaborador deve entrar em contato com a \u00e1rea de Qualidade de Vida e Benef\u00edcios. Por meio dos ramais: 1649 (A\u00e7o Cearense Comercial) e 8454 (A\u00e7o Cearense Industrial). A pr\u00f3xima visita ser\u00e1 realizada em setembro e as inscri\u00e7\u00f5es poder\u00e3o ser feitas at\u00e9 o dia 14.<\/p>\n","protected":false},"featured_media":1778,"template":"","meta":{"_acf_changed":false,"inline_featured_image":false},"categoria-noticia":[],"class_list":["post-1788","noticia","type-noticia","status-publish","has-post-thumbnail","hentry"],"acf":{"link":""},"yoast_head":"<!-- This site is optimized with the Yoast SEO plugin v25.9 - https:\/\/yoast.com\/wordpress\/plugins\/seo\/ -->\n<title>Familiares de colaboradores visitam a empresa - Grupo A\u00e7o Cearense<\/title>\n<meta name=\"robots\" content=\"index, follow, max-snippet:-1, max-image-preview:large, max-video-preview:-1\" \/>\n<link rel=\"canonical\" href=\"https:\/\/previews.elleven.digital\/acocearense\/noticia\/familiares-de-colaboradores-visitam-a-empresa\/\" \/>\n<meta property=\"og:locale\" content=\"pt_BR\" \/>\n<meta property=\"og:type\" content=\"article\" \/>\n<meta property=\"og:title\" content=\"Familiares de colaboradores visitam a empresa - Grupo A\u00e7o Cearense\" \/>\n<meta property=\"og:description\" content=\"A A\u00e7o Cearense abre as suas portas todos os meses para as fam\u00edlias de seus(...)\" \/>\n<meta property=\"og:url\" content=\"https:\/\/previews.elleven.digital\/acocearense\/noticia\/familiares-de-colaboradores-visitam-a-empresa\/\" \/>\n<meta property=\"og:site_name\" content=\"Grupo A\u00e7o Cearense\" \/>\n<meta property=\"article:modified_time\" content=\"2025-05-07T17:55:24+00:00\" \/>\n<meta property=\"og:image\" content=\"https:\/\/previews.elleven.digital\/acocearense\/wp-content\/uploads\/2025\/05\/familiares2-scaled.jpg\" \/>\n\t<meta property=\"og:image:width\" content=\"2560\" \/>\n\t<meta property=\"og:image:height\" content=\"1028\" \/>\n\t<meta property=\"og:image:type\" content=\"image\/jpeg\" \/>\n<meta name=\"twitter:card\" content=\"summary_large_image\" \/>\n<meta name=\"twitter:label1\" content=\"Est. tempo de leitura\" \/>\n\t<meta name=\"twitter:data1\" content=\"2 minutos\" \/>\n<script type=\"application\/ld+json\" class=\"yoast-schema-graph\">{\"@context\":\"https:\/\/schema.org\",\"@graph\":[{\"@type\":\"WebPage\",\"@id\":\"https:\/\/previews.elleven.digital\/acocearense\/noticia\/familiares-de-colaboradores-visitam-a-empresa\/\",\"url\":\"https:\/\/previews.elleven.digital\/acocearense\/noticia\/familiares-de-colaboradores-visitam-a-empresa\/\",\"name\":\"Familiares de colaboradores visitam a empresa - Grupo A\u00e7o Cearense\",\"isPartOf\":{\"@id\":\"https:\/\/previews.elleven.digital\/acocearense\/#website\"},\"primaryImageOfPage\":{\"@id\":\"https:\/\/previews.elleven.digital\/acocearense\/noticia\/familiares-de-colaboradores-visitam-a-empresa\/#primaryimage\"},\"image\":{\"@id\":\"https:\/\/previews.elleven.digital\/acocearense\/noticia\/familiares-de-colaboradores-visitam-a-empresa\/#primaryimage\"},\"thumbnailUrl\":\"https:\/\/previews.elleven.digital\/acocearense\/wp-content\/uploads\/2025\/05\/familiares2-scaled.jpg\",\"datePublished\":\"2018-09-04T17:54:53+00:00\",\"dateModified\":\"2025-05-07T17:55:24+00:00\",\"breadcrumb\":{\"@id\":\"https:\/\/previews.elleven.digital\/acocearense\/noticia\/familiares-de-colaboradores-visitam-a-empresa\/#breadcrumb\"},\"inLanguage\":\"pt-BR\",\"potentialAction\":[{\"@type\":\"ReadAction\",\"target\":[\"https:\/\/previews.elleven.digital\/acocearense\/noticia\/familiares-de-colaboradores-visitam-a-empresa\/\"]}]},{\"@type\":\"ImageObject\",\"inLanguage\":\"pt-BR\",\"@id\":\"https:\/\/previews.elleven.digital\/acocearense\/noticia\/familiares-de-colaboradores-visitam-a-empresa\/#primaryimage\",\"url\":\"https:\/\/previews.elleven.digital\/acocearense\/wp-content\/uploads\/2025\/05\/familiares2-scaled.jpg\",\"contentUrl\":\"https:\/\/previews.elleven.digital\/acocearense\/wp-content\/uploads\/2025\/05\/familiares2-scaled.jpg\",\"width\":2560,\"height\":1028},{\"@type\":\"BreadcrumbList\",\"@id\":\"https:\/\/previews.elleven.digital\/acocearense\/noticia\/familiares-de-colaboradores-visitam-a-empresa\/#breadcrumb\",\"itemListElement\":[{\"@type\":\"ListItem\",\"position\":1,\"name\":\"In\u00edcio\",\"item\":\"https:\/\/previews.elleven.digital\/acocearense\/\"},{\"@type\":\"ListItem\",\"position\":2,\"name\":\"Not\u00edcias\",\"item\":\"https:\/\/previews.elleven.digital\/acocearense\/noticias\/\"},{\"@type\":\"ListItem\",\"position\":3,\"name\":\"Familiares de colaboradores visitam a empresa\"}]},{\"@type\":\"WebSite\",\"@id\":\"https:\/\/previews.elleven.digital\/acocearense\/#website\",\"url\":\"https:\/\/previews.elleven.digital\/acocearense\/\",\"name\":\"A\u00e7o Cearense\",\"description\":\"H\u00e1 mais de 45 anos no mercado brasileiro do a\u00e7o.\",\"alternateName\":\"A\u00e7o Cearense\",\"potentialAction\":[{\"@type\":\"SearchAction\",\"target\":{\"@type\":\"EntryPoint\",\"urlTemplate\":\"https:\/\/previews.elleven.digital\/acocearense\/?s={search_term_string}\"},\"query-input\":{\"@type\":\"PropertyValueSpecification\",\"valueRequired\":true,\"valueName\":\"search_term_string\"}}],\"inLanguage\":\"pt-BR\"}]}<\/script>\n<!-- \/ Yoast SEO plugin. -->","yoast_head_json":{"title":"Familiares de colaboradores visitam a empresa - Grupo A\u00e7o Cearense","robots":{"index":"index","follow":"follow","max-snippet":"max-snippet:-1","max-image-preview":"max-image-preview:large","max-video-preview":"max-video-preview:-1"},"canonical":"https:\/\/previews.elleven.digital\/acocearense\/noticia\/familiares-de-colaboradores-visitam-a-empresa\/","og_locale":"pt_BR","og_type":"article","og_title":"Familiares de colaboradores visitam a empresa - Grupo A\u00e7o Cearense","og_description":"A A\u00e7o Cearense abre as suas portas todos os meses para as fam\u00edlias de seus(...)","og_url":"https:\/\/previews.elleven.digital\/acocearense\/noticia\/familiares-de-colaboradores-visitam-a-empresa\/","og_site_name":"Grupo A\u00e7o Cearense","article_modified_time":"2025-05-07T17:55:24+00:00","og_image":[{"width":2560,"height":1028,"url":"https:\/\/previews.elleven.digital\/acocearense\/wp-content\/uploads\/2025\/05\/familiares2-scaled.jpg","type":"image\/jpeg"}],"twitter_card":"summary_large_image","twitter_misc":{"Est. tempo de leitura":"2 minutos"},"schema":{"@context":"https:\/\/schema.org","@graph":[{"@type":"WebPage","@id":"https:\/\/previews.elleven.digital\/acocearense\/noticia\/familiares-de-colaboradores-visitam-a-empresa\/","url":"https:\/\/previews.elleven.digital\/acocearense\/noticia\/familiares-de-colaboradores-visitam-a-empresa\/","name":"Familiares de colaboradores visitam a empresa - Grupo A\u00e7o Cearense","isPartOf":{"@id":"https:\/\/previews.elleven.digital\/acocearense\/#website"},"primaryImageOfPage":{"@id":"https:\/\/previews.elleven.digital\/acocearense\/noticia\/familiares-de-colaboradores-visitam-a-empresa\/#primaryimage"},"image":{"@id":"https:\/\/previews.elleven.digital\/acocearense\/noticia\/familiares-de-colaboradores-visitam-a-empresa\/#primaryimage"},"thumbnailUrl":"https:\/\/previews.elleven.digital\/acocearense\/wp-content\/uploads\/2025\/05\/familiares2-scaled.jpg","datePublished":"2018-09-04T17:54:53+00:00","dateModified":"2025-05-07T17:55:24+00:00","breadcrumb":{"@id":"https:\/\/previews.elleven.digital\/acocearense\/noticia\/familiares-de-colaboradores-visitam-a-empresa\/#breadcrumb"},"inLanguage":"pt-BR","potentialAction":[{"@type":"ReadAction","target":["https:\/\/previews.elleven.digital\/acocearense\/noticia\/familiares-de-colaboradores-visitam-a-empresa\/"]}]},{"@type":"ImageObject","inLanguage":"pt-BR","@id":"https:\/\/previews.elleven.digital\/acocearense\/noticia\/familiares-de-colaboradores-visitam-a-empresa\/#primaryimage","url":"https:\/\/previews.elleven.digital\/acocearense\/wp-content\/uploads\/2025\/05\/familiares2-scaled.jpg","contentUrl":"https:\/\/previews.elleven.digital\/acocearense\/wp-content\/uploads\/2025\/05\/familiares2-scaled.jpg","width":2560,"height":1028},{"@type":"BreadcrumbList","@id":"https:\/\/previews.elleven.digital\/acocearense\/noticia\/familiares-de-colaboradores-visitam-a-empresa\/#breadcrumb","itemListElement":[{"@type":"ListItem","position":1,"name":"In\u00edcio","item":"https:\/\/previews.elleven.digital\/acocearense\/"},{"@type":"ListItem","position":2,"name":"Not\u00edcias","item":"https:\/\/previews.elleven.digital\/acocearense\/noticias\/"},{"@type":"ListItem","position":3,"name":"Familiares de colaboradores visitam a empresa"}]},{"@type":"WebSite","@id":"https:\/\/previews.elleven.digital\/acocearense\/#website","url":"https:\/\/previews.elleven.digital\/acocearense\/","name":"A\u00e7o Cearense","description":"H\u00e1 mais de 45 anos no mercado brasileiro do a\u00e7o.","alternateName":"A\u00e7o Cearense","potentialAction":[{"@type":"SearchAction","target":{"@type":"EntryPoint","urlTemplate":"https:\/\/previews.elleven.digital\/acocearense\/?s={search_term_string}"},"query-input":{"@type":"PropertyValueSpecification","valueRequired":true,"valueName":"search_term_string"}}],"inLanguage":"pt-BR"}]}},"_links":{"self":[{"href":"https:\/\/previews.elleven.digital\/acocearense\/wp-json\/wp\/v2\/noticia\/1788","targetHints":{"allow":["GET"]}}],"collection":[{"href":"https:\/\/previews.elleven.digital\/acocearense\/wp-json\/wp\/v2\/noticia"}],"about":[{"href":"https:\/\/previews.elleven.digital\/acocearense\/wp-json\/wp\/v2\/types\/noticia"}],"wp:featuredmedia":[{"embeddable":true,"href":"https:\/\/previews.elleven.digital\/acocearense\/wp-json\/wp\/v2\/media\/1778"}],"wp:attachment":[{"href":"https:\/\/previews.elleven.digital\/acocearense\/wp-json\/wp\/v2\/media?parent=1788"}],"wp:term":[{"taxonomy":"categoria-noticia","embeddable":true,"href":"https:\/\/previews.elleven.digital\/acocearense\/wp-json\/wp\/v2\/categoria-noticia?post=1788"}],"curies":[{"name":"wp","href":"https:\/\/api.w.org\/{rel}","templated":true}]}}