{"id":1787,"date":"2018-09-04T14:54:29","date_gmt":"2018-09-04T17:54:29","guid":{"rendered":"https:\/\/previews.elleven.digital\/acocearense\/?post_type=noticia&#038;p=1787"},"modified":"2025-05-07T14:54:49","modified_gmt":"2025-05-07T17:54:49","slug":"gilberto-silva-fica-na-4a-colocacao-no-circuito-panamericano-de-paraciclismo","status":"publish","type":"noticia","link":"https:\/\/previews.elleven.digital\/acocearense\/noticia\/gilberto-silva-fica-na-4a-colocacao-no-circuito-panamericano-de-paraciclismo\/","title":{"rendered":"Gilberto Silva fica na 4\u00aa coloca\u00e7\u00e3o no Circuito Panamericano de Paraciclismo"},"content":{"rendered":"<p>O ciclista cearense e colaborador da A\u00e7o Cearense Comercial, Gilberto Silva, representou o Cear\u00e1 na etapa brasileira do Circuito Panamericano de Paraciclismo de Estrada e ficou com a 4\u00aa coloca\u00e7\u00e3o. O evento aconteceu nos dias 24 e 26 de agosto, em S\u00e3o Caetano do Sul, estado de S\u00e3o Paulo.<\/p>\n<h2>Conquistas<\/h2>\n<p>Gilberto \u00e9 atleta patrocinado pelo Instituto A\u00e7o Cearense h\u00e1 oito anos e j\u00e1 alcan\u00e7ou mais de 300 p\u00f3dios. \u00c9 o atual campe\u00e3o na categoria no ranking brasileiro de 2017. Com a coloca\u00e7\u00e3o no Panamericano, j\u00e1 est\u00e1 entre os 4 primeiros no ranking nacional deste ano.<br \/>\nPara Gilberto foi uma verdadeira emo\u00e7\u00e3o participar de uma prova como essa. \u201cNa primeira prova fiquei a 11 segundos da medalha e nesse momento passa um filme da vida da gente na cabe\u00e7a. Infelizmente sofri muito com o frio na prova de resist\u00eancia, mas batalhei at\u00e9 o fim\u201d, explicou o paraciclista que relata estar feliz com o resultado final.<\/p>\n","protected":false},"featured_media":1779,"template":"","meta":{"_acf_changed":false,"inline_featured_image":false},"categoria-noticia":[],"class_list":["post-1787","noticia","type-noticia","status-publish","has-post-thumbnail","hentry"],"acf":{"link":""},"yoast_head":"<!-- This site is optimized with the Yoast SEO plugin v25.9 - https:\/\/yoast.com\/wordpress\/plugins\/seo\/ -->\n<title>Gilberto Silva fica na 4\u00aa coloca\u00e7\u00e3o no Circuito Panamericano de Paraciclismo - Grupo A\u00e7o Cearense<\/title>\n<meta name=\"robots\" content=\"index, follow, max-snippet:-1, max-image-preview:large, max-video-preview:-1\" \/>\n<link rel=\"canonical\" href=\"https:\/\/previews.elleven.digital\/acocearense\/noticia\/gilberto-silva-fica-na-4a-colocacao-no-circuito-panamericano-de-paraciclismo\/\" \/>\n<meta property=\"og:locale\" content=\"pt_BR\" \/>\n<meta property=\"og:type\" content=\"article\" \/>\n<meta property=\"og:title\" content=\"Gilberto Silva fica na 4\u00aa coloca\u00e7\u00e3o no Circuito Panamericano de Paraciclismo - Grupo A\u00e7o Cearense\" \/>\n<meta property=\"og:description\" content=\"O ciclista cearense e colaborador da A\u00e7o Cearense Comercial, Gilberto Silva, representou o Cear\u00e1 na(...)\" \/>\n<meta property=\"og:url\" content=\"https:\/\/previews.elleven.digital\/acocearense\/noticia\/gilberto-silva-fica-na-4a-colocacao-no-circuito-panamericano-de-paraciclismo\/\" \/>\n<meta property=\"og:site_name\" content=\"Grupo A\u00e7o Cearense\" \/>\n<meta property=\"article:modified_time\" content=\"2025-05-07T17:54:49+00:00\" \/>\n<meta property=\"og:image\" content=\"https:\/\/previews.elleven.digital\/acocearense\/wp-content\/uploads\/2025\/05\/gilberto-silva.jpg\" \/>\n\t<meta property=\"og:image:width\" content=\"800\" \/>\n\t<meta property=\"og:image:height\" content=\"459\" \/>\n\t<meta property=\"og:image:type\" content=\"image\/jpeg\" \/>\n<meta name=\"twitter:card\" content=\"summary_large_image\" \/>\n<meta name=\"twitter:label1\" content=\"Est. tempo de leitura\" \/>\n\t<meta name=\"twitter:data1\" content=\"2 minutos\" \/>\n<script type=\"application\/ld+json\" class=\"yoast-schema-graph\">{\"@context\":\"https:\/\/schema.org\",\"@graph\":[{\"@type\":\"WebPage\",\"@id\":\"https:\/\/previews.elleven.digital\/acocearense\/noticia\/gilberto-silva-fica-na-4a-colocacao-no-circuito-panamericano-de-paraciclismo\/\",\"url\":\"https:\/\/previews.elleven.digital\/acocearense\/noticia\/gilberto-silva-fica-na-4a-colocacao-no-circuito-panamericano-de-paraciclismo\/\",\"name\":\"Gilberto Silva fica na 4\u00aa coloca\u00e7\u00e3o no Circuito Panamericano de Paraciclismo - Grupo A\u00e7o Cearense\",\"isPartOf\":{\"@id\":\"https:\/\/previews.elleven.digital\/acocearense\/#website\"},\"primaryImageOfPage\":{\"@id\":\"https:\/\/previews.elleven.digital\/acocearense\/noticia\/gilberto-silva-fica-na-4a-colocacao-no-circuito-panamericano-de-paraciclismo\/#primaryimage\"},\"image\":{\"@id\":\"https:\/\/previews.elleven.digital\/acocearense\/noticia\/gilberto-silva-fica-na-4a-colocacao-no-circuito-panamericano-de-paraciclismo\/#primaryimage\"},\"thumbnailUrl\":\"https:\/\/previews.elleven.digital\/acocearense\/wp-content\/uploads\/2025\/05\/gilberto-silva.jpg\",\"datePublished\":\"2018-09-04T17:54:29+00:00\",\"dateModified\":\"2025-05-07T17:54:49+00:00\",\"breadcrumb\":{\"@id\":\"https:\/\/previews.elleven.digital\/acocearense\/noticia\/gilberto-silva-fica-na-4a-colocacao-no-circuito-panamericano-de-paraciclismo\/#breadcrumb\"},\"inLanguage\":\"pt-BR\",\"potentialAction\":[{\"@type\":\"ReadAction\",\"target\":[\"https:\/\/previews.elleven.digital\/acocearense\/noticia\/gilberto-silva-fica-na-4a-colocacao-no-circuito-panamericano-de-paraciclismo\/\"]}]},{\"@type\":\"ImageObject\",\"inLanguage\":\"pt-BR\",\"@id\":\"https:\/\/previews.elleven.digital\/acocearense\/noticia\/gilberto-silva-fica-na-4a-colocacao-no-circuito-panamericano-de-paraciclismo\/#primaryimage\",\"url\":\"https:\/\/previews.elleven.digital\/acocearense\/wp-content\/uploads\/2025\/05\/gilberto-silva.jpg\",\"contentUrl\":\"https:\/\/previews.elleven.digital\/acocearense\/wp-content\/uploads\/2025\/05\/gilberto-silva.jpg\",\"width\":800,\"height\":459},{\"@type\":\"BreadcrumbList\",\"@id\":\"https:\/\/previews.elleven.digital\/acocearense\/noticia\/gilberto-silva-fica-na-4a-colocacao-no-circuito-panamericano-de-paraciclismo\/#breadcrumb\",\"itemListElement\":[{\"@type\":\"ListItem\",\"position\":1,\"name\":\"In\u00edcio\",\"item\":\"https:\/\/previews.elleven.digital\/acocearense\/\"},{\"@type\":\"ListItem\",\"position\":2,\"name\":\"Not\u00edcias\",\"item\":\"https:\/\/previews.elleven.digital\/acocearense\/noticias\/\"},{\"@type\":\"ListItem\",\"position\":3,\"name\":\"Gilberto Silva fica na 4\u00aa coloca\u00e7\u00e3o no Circuito Panamericano de Paraciclismo\"}]},{\"@type\":\"WebSite\",\"@id\":\"https:\/\/previews.elleven.digital\/acocearense\/#website\",\"url\":\"https:\/\/previews.elleven.digital\/acocearense\/\",\"name\":\"A\u00e7o Cearense\",\"description\":\"H\u00e1 mais de 45 anos no mercado brasileiro do a\u00e7o.\",\"alternateName\":\"A\u00e7o Cearense\",\"potentialAction\":[{\"@type\":\"SearchAction\",\"target\":{\"@type\":\"EntryPoint\",\"urlTemplate\":\"https:\/\/previews.elleven.digital\/acocearense\/?s={search_term_string}\"},\"query-input\":{\"@type\":\"PropertyValueSpecification\",\"valueRequired\":true,\"valueName\":\"search_term_string\"}}],\"inLanguage\":\"pt-BR\"}]}<\/script>\n<!-- \/ Yoast SEO plugin. -->","yoast_head_json":{"title":"Gilberto Silva fica na 4\u00aa coloca\u00e7\u00e3o no Circuito Panamericano de Paraciclismo - Grupo A\u00e7o Cearense","robots":{"index":"index","follow":"follow","max-snippet":"max-snippet:-1","max-image-preview":"max-image-preview:large","max-video-preview":"max-video-preview:-1"},"canonical":"https:\/\/previews.elleven.digital\/acocearense\/noticia\/gilberto-silva-fica-na-4a-colocacao-no-circuito-panamericano-de-paraciclismo\/","og_locale":"pt_BR","og_type":"article","og_title":"Gilberto Silva fica na 4\u00aa coloca\u00e7\u00e3o no Circuito Panamericano de Paraciclismo - Grupo A\u00e7o Cearense","og_description":"O ciclista cearense e colaborador da A\u00e7o Cearense Comercial, Gilberto Silva, representou o Cear\u00e1 na(...)","og_url":"https:\/\/previews.elleven.digital\/acocearense\/noticia\/gilberto-silva-fica-na-4a-colocacao-no-circuito-panamericano-de-paraciclismo\/","og_site_name":"Grupo A\u00e7o Cearense","article_modified_time":"2025-05-07T17:54:49+00:00","og_image":[{"width":800,"height":459,"url":"https:\/\/previews.elleven.digital\/acocearense\/wp-content\/uploads\/2025\/05\/gilberto-silva.jpg","type":"image\/jpeg"}],"twitter_card":"summary_large_image","twitter_misc":{"Est. tempo de leitura":"2 minutos"},"schema":{"@context":"https:\/\/schema.org","@graph":[{"@type":"WebPage","@id":"https:\/\/previews.elleven.digital\/acocearense\/noticia\/gilberto-silva-fica-na-4a-colocacao-no-circuito-panamericano-de-paraciclismo\/","url":"https:\/\/previews.elleven.digital\/acocearense\/noticia\/gilberto-silva-fica-na-4a-colocacao-no-circuito-panamericano-de-paraciclismo\/","name":"Gilberto Silva fica na 4\u00aa coloca\u00e7\u00e3o no Circuito Panamericano de Paraciclismo - Grupo A\u00e7o Cearense","isPartOf":{"@id":"https:\/\/previews.elleven.digital\/acocearense\/#website"},"primaryImageOfPage":{"@id":"https:\/\/previews.elleven.digital\/acocearense\/noticia\/gilberto-silva-fica-na-4a-colocacao-no-circuito-panamericano-de-paraciclismo\/#primaryimage"},"image":{"@id":"https:\/\/previews.elleven.digital\/acocearense\/noticia\/gilberto-silva-fica-na-4a-colocacao-no-circuito-panamericano-de-paraciclismo\/#primaryimage"},"thumbnailUrl":"https:\/\/previews.elleven.digital\/acocearense\/wp-content\/uploads\/2025\/05\/gilberto-silva.jpg","datePublished":"2018-09-04T17:54:29+00:00","dateModified":"2025-05-07T17:54:49+00:00","breadcrumb":{"@id":"https:\/\/previews.elleven.digital\/acocearense\/noticia\/gilberto-silva-fica-na-4a-colocacao-no-circuito-panamericano-de-paraciclismo\/#breadcrumb"},"inLanguage":"pt-BR","potentialAction":[{"@type":"ReadAction","target":["https:\/\/previews.elleven.digital\/acocearense\/noticia\/gilberto-silva-fica-na-4a-colocacao-no-circuito-panamericano-de-paraciclismo\/"]}]},{"@type":"ImageObject","inLanguage":"pt-BR","@id":"https:\/\/previews.elleven.digital\/acocearense\/noticia\/gilberto-silva-fica-na-4a-colocacao-no-circuito-panamericano-de-paraciclismo\/#primaryimage","url":"https:\/\/previews.elleven.digital\/acocearense\/wp-content\/uploads\/2025\/05\/gilberto-silva.jpg","contentUrl":"https:\/\/previews.elleven.digital\/acocearense\/wp-content\/uploads\/2025\/05\/gilberto-silva.jpg","width":800,"height":459},{"@type":"BreadcrumbList","@id":"https:\/\/previews.elleven.digital\/acocearense\/noticia\/gilberto-silva-fica-na-4a-colocacao-no-circuito-panamericano-de-paraciclismo\/#breadcrumb","itemListElement":[{"@type":"ListItem","position":1,"name":"In\u00edcio","item":"https:\/\/previews.elleven.digital\/acocearense\/"},{"@type":"ListItem","position":2,"name":"Not\u00edcias","item":"https:\/\/previews.elleven.digital\/acocearense\/noticias\/"},{"@type":"ListItem","position":3,"name":"Gilberto Silva fica na 4\u00aa coloca\u00e7\u00e3o no Circuito Panamericano de Paraciclismo"}]},{"@type":"WebSite","@id":"https:\/\/previews.elleven.digital\/acocearense\/#website","url":"https:\/\/previews.elleven.digital\/acocearense\/","name":"A\u00e7o Cearense","description":"H\u00e1 mais de 45 anos no mercado brasileiro do a\u00e7o.","alternateName":"A\u00e7o Cearense","potentialAction":[{"@type":"SearchAction","target":{"@type":"EntryPoint","urlTemplate":"https:\/\/previews.elleven.digital\/acocearense\/?s={search_term_string}"},"query-input":{"@type":"PropertyValueSpecification","valueRequired":true,"valueName":"search_term_string"}}],"inLanguage":"pt-BR"}]}},"_links":{"self":[{"href":"https:\/\/previews.elleven.digital\/acocearense\/wp-json\/wp\/v2\/noticia\/1787","targetHints":{"allow":["GET"]}}],"collection":[{"href":"https:\/\/previews.elleven.digital\/acocearense\/wp-json\/wp\/v2\/noticia"}],"about":[{"href":"https:\/\/previews.elleven.digital\/acocearense\/wp-json\/wp\/v2\/types\/noticia"}],"wp:featuredmedia":[{"embeddable":true,"href":"https:\/\/previews.elleven.digital\/acocearense\/wp-json\/wp\/v2\/media\/1779"}],"wp:attachment":[{"href":"https:\/\/previews.elleven.digital\/acocearense\/wp-json\/wp\/v2\/media?parent=1787"}],"wp:term":[{"taxonomy":"categoria-noticia","embeddable":true,"href":"https:\/\/previews.elleven.digital\/acocearense\/wp-json\/wp\/v2\/categoria-noticia?post=1787"}],"curies":[{"name":"wp","href":"https:\/\/api.w.org\/{rel}","templated":true}]}}