{"id":1785,"date":"2018-08-24T14:53:21","date_gmt":"2018-08-24T17:53:21","guid":{"rendered":"https:\/\/previews.elleven.digital\/acocearense\/?post_type=noticia&#038;p=1785"},"modified":"2025-05-07T14:53:56","modified_gmt":"2025-05-07T17:53:56","slug":"passeio-ciclistico-pedalando-pela-paz","status":"publish","type":"noticia","link":"https:\/\/previews.elleven.digital\/acocearense\/noticia\/passeio-ciclistico-pedalando-pela-paz\/","title":{"rendered":"Passeio Cicl\u00edstico \u2013 Pedalando pela Paz"},"content":{"rendered":"<p>A 3\u00ba edi\u00e7\u00e3o do Pedalando pela Paz, promovido pelo Instituto A\u00e7o Cearense, ocorreu em Caucaia no dia 18 de agosto, em parceria com o Lar Beneficente Clara de Assis. O\u00a0evento uniu esporte e lazer, com a proposta de disseminar uma cultura de paz na comunidade.<br \/>\n<img loading=\"lazy\" decoding=\"async\" class=\"aligncenter wp-image-3615\" src=\"https:\/\/grupoacocearense.com.br\/wp-content\/uploads\/2018\/08\/unnamed-4.jpg\" sizes=\"auto, (max-width: 351px) 100vw, 351px\" srcset=\"https:\/\/previews.elleven.digital\/acocearense\/wp-content\/uploads\/2018\/08\/unnamed-4.jpg 804w, https:\/\/previews.elleven.digital\/acocearense\/wp-content\/uploads\/2018\/08\/unnamed-4-300x190.jpg 300w, https:\/\/previews.elleven.digital\/acocearense\/wp-content\/uploads\/2018\/08\/unnamed-4-768x486.jpg 768w\" alt=\"pessoas reunidas no passeio\" width=\"351\" height=\"222\" \/><br \/>\nPara as fam\u00edlias que participaram foi disponibilizado at\u00e9 um trenzinho para transportar as crian\u00e7as menores de 5 anos, enquanto um carro som manteve a anima\u00e7\u00e3o durante o percurso. A mobiliza\u00e7\u00e3o tamb\u00e9m contou com o acompanhamento da Autarquia Municipal de Tr\u00e2nsito, Servi\u00e7os P\u00fablicos e Cidadania e do Corpo de Bombeiros.<br \/>\n<img loading=\"lazy\" decoding=\"async\" class=\"aligncenter wp-image-3613\" src=\"https:\/\/grupoacocearense.com.br\/wp-content\/uploads\/2018\/08\/unnamed-2.jpg\" sizes=\"auto, (max-width: 301px) 100vw, 301px\" srcset=\"https:\/\/previews.elleven.digital\/acocearense\/wp-content\/uploads\/2018\/08\/unnamed-2.jpg 774w, https:\/\/previews.elleven.digital\/acocearense\/wp-content\/uploads\/2018\/08\/unnamed-2-300x286.jpg 300w, https:\/\/previews.elleven.digital\/acocearense\/wp-content\/uploads\/2018\/08\/unnamed-2-768x733.jpg 768w\" alt=\"ciclista no passeio \" width=\"301\" height=\"288\" \/><br \/>\nNo final do trajeto, os grupos Clara M\u00fasica e Projeto Sementes da Esperan\u00e7a fizeram apresenta\u00e7\u00f5es musicais. Rosemeire Matos, Presidente do Instituto A\u00e7o Cearense e Diretora Administrativa da A\u00e7o Cearense Industrial, falou: \u201cEsse evento \u00e9 apenas uma semente do que podemos fazer se nos unirmos. Esperamos contar com muito mais pessoas no ano que vem\u201d, disse ela.<\/p>\n<h3><img loading=\"lazy\" decoding=\"async\" class=\"aligncenter wp-image-3614\" src=\"https:\/\/grupoacocearense.com.br\/wp-content\/uploads\/2018\/08\/unnamed-3.jpg\" sizes=\"auto, (max-width: 340px) 100vw, 340px\" srcset=\"https:\/\/previews.elleven.digital\/acocearense\/wp-content\/uploads\/2018\/08\/unnamed-3.jpg 1032w, https:\/\/previews.elleven.digital\/acocearense\/wp-content\/uploads\/2018\/08\/unnamed-3-300x225.jpg 300w, https:\/\/previews.elleven.digital\/acocearense\/wp-content\/uploads\/2018\/08\/unnamed-3-768x576.jpg 768w, https:\/\/previews.elleven.digital\/acocearense\/wp-content\/uploads\/2018\/08\/unnamed-3-1024x768.jpg 1024w\" alt=\"pessoas reunidas no passseio\" width=\"340\" height=\"255\" \/><\/h3>\n<h3>Colaborador Gilberto Silva marcou presen\u00e7a no evento<\/h3>\n<p>Colaboradores da A\u00e7o Cearense Comercial e da A\u00e7o Cearense Industrial marcaram presen\u00e7a no Pedalando pela Paz, incluindo o atleta campe\u00e3o do ranking brasileiro de Paraciclismo, Gilberto Silva. \u201cFico muito feliz de estar presente mais uma vez no Pedalando pela Paz e incentivar nossas crian\u00e7as a praticar o esporte e superar os desafios\u201d, disse.<br \/>\nO Instituto A\u00e7o Cearense ofereceu \u00e1gua, lanche e sorteou uma bicicleta. O vencedor foi Jean Alysson Silva, beneficiado do Lar de Clara.<\/p>\n","protected":false},"featured_media":1781,"template":"","meta":{"_acf_changed":false,"inline_featured_image":false},"categoria-noticia":[],"class_list":["post-1785","noticia","type-noticia","status-publish","has-post-thumbnail","hentry"],"acf":{"link":""},"yoast_head":"<!-- This site is optimized with the Yoast SEO plugin v25.9 - https:\/\/yoast.com\/wordpress\/plugins\/seo\/ -->\n<title>Passeio Cicl\u00edstico \u2013 Pedalando pela Paz - Grupo A\u00e7o Cearense<\/title>\n<meta name=\"robots\" content=\"index, follow, max-snippet:-1, max-image-preview:large, max-video-preview:-1\" \/>\n<link rel=\"canonical\" href=\"https:\/\/previews.elleven.digital\/acocearense\/noticia\/passeio-ciclistico-pedalando-pela-paz\/\" \/>\n<meta property=\"og:locale\" content=\"pt_BR\" \/>\n<meta property=\"og:type\" content=\"article\" \/>\n<meta property=\"og:title\" content=\"Passeio Cicl\u00edstico \u2013 Pedalando pela Paz - Grupo A\u00e7o Cearense\" \/>\n<meta property=\"og:description\" content=\"A 3\u00ba edi\u00e7\u00e3o do Pedalando pela Paz, promovido pelo Instituto A\u00e7o Cearense, ocorreu em Caucaia(...)\" \/>\n<meta property=\"og:url\" content=\"https:\/\/previews.elleven.digital\/acocearense\/noticia\/passeio-ciclistico-pedalando-pela-paz\/\" \/>\n<meta property=\"og:site_name\" content=\"Grupo A\u00e7o Cearense\" \/>\n<meta property=\"article:modified_time\" content=\"2025-05-07T17:53:56+00:00\" \/>\n<meta property=\"og:image\" content=\"https:\/\/previews.elleven.digital\/acocearense\/wp-content\/uploads\/2025\/05\/unnamed-1-1.jpg\" \/>\n\t<meta property=\"og:image:width\" content=\"847\" \/>\n\t<meta property=\"og:image:height\" content=\"670\" \/>\n\t<meta property=\"og:image:type\" content=\"image\/jpeg\" \/>\n<meta name=\"twitter:card\" content=\"summary_large_image\" \/>\n<meta name=\"twitter:label1\" content=\"Est. tempo de leitura\" \/>\n\t<meta name=\"twitter:data1\" content=\"3 minutos\" \/>\n<script type=\"application\/ld+json\" class=\"yoast-schema-graph\">{\"@context\":\"https:\/\/schema.org\",\"@graph\":[{\"@type\":\"WebPage\",\"@id\":\"https:\/\/previews.elleven.digital\/acocearense\/noticia\/passeio-ciclistico-pedalando-pela-paz\/\",\"url\":\"https:\/\/previews.elleven.digital\/acocearense\/noticia\/passeio-ciclistico-pedalando-pela-paz\/\",\"name\":\"Passeio Cicl\u00edstico \u2013 Pedalando pela Paz - Grupo A\u00e7o Cearense\",\"isPartOf\":{\"@id\":\"https:\/\/previews.elleven.digital\/acocearense\/#website\"},\"primaryImageOfPage\":{\"@id\":\"https:\/\/previews.elleven.digital\/acocearense\/noticia\/passeio-ciclistico-pedalando-pela-paz\/#primaryimage\"},\"image\":{\"@id\":\"https:\/\/previews.elleven.digital\/acocearense\/noticia\/passeio-ciclistico-pedalando-pela-paz\/#primaryimage\"},\"thumbnailUrl\":\"https:\/\/previews.elleven.digital\/acocearense\/wp-content\/uploads\/2025\/05\/unnamed-1-1.jpg\",\"datePublished\":\"2018-08-24T17:53:21+00:00\",\"dateModified\":\"2025-05-07T17:53:56+00:00\",\"breadcrumb\":{\"@id\":\"https:\/\/previews.elleven.digital\/acocearense\/noticia\/passeio-ciclistico-pedalando-pela-paz\/#breadcrumb\"},\"inLanguage\":\"pt-BR\",\"potentialAction\":[{\"@type\":\"ReadAction\",\"target\":[\"https:\/\/previews.elleven.digital\/acocearense\/noticia\/passeio-ciclistico-pedalando-pela-paz\/\"]}]},{\"@type\":\"ImageObject\",\"inLanguage\":\"pt-BR\",\"@id\":\"https:\/\/previews.elleven.digital\/acocearense\/noticia\/passeio-ciclistico-pedalando-pela-paz\/#primaryimage\",\"url\":\"https:\/\/previews.elleven.digital\/acocearense\/wp-content\/uploads\/2025\/05\/unnamed-1-1.jpg\",\"contentUrl\":\"https:\/\/previews.elleven.digital\/acocearense\/wp-content\/uploads\/2025\/05\/unnamed-1-1.jpg\",\"width\":847,\"height\":670},{\"@type\":\"BreadcrumbList\",\"@id\":\"https:\/\/previews.elleven.digital\/acocearense\/noticia\/passeio-ciclistico-pedalando-pela-paz\/#breadcrumb\",\"itemListElement\":[{\"@type\":\"ListItem\",\"position\":1,\"name\":\"In\u00edcio\",\"item\":\"https:\/\/previews.elleven.digital\/acocearense\/\"},{\"@type\":\"ListItem\",\"position\":2,\"name\":\"Not\u00edcias\",\"item\":\"https:\/\/previews.elleven.digital\/acocearense\/noticias\/\"},{\"@type\":\"ListItem\",\"position\":3,\"name\":\"Passeio Cicl\u00edstico \u2013 Pedalando pela Paz\"}]},{\"@type\":\"WebSite\",\"@id\":\"https:\/\/previews.elleven.digital\/acocearense\/#website\",\"url\":\"https:\/\/previews.elleven.digital\/acocearense\/\",\"name\":\"A\u00e7o Cearense\",\"description\":\"H\u00e1 mais de 45 anos no mercado brasileiro do a\u00e7o.\",\"alternateName\":\"A\u00e7o Cearense\",\"potentialAction\":[{\"@type\":\"SearchAction\",\"target\":{\"@type\":\"EntryPoint\",\"urlTemplate\":\"https:\/\/previews.elleven.digital\/acocearense\/?s={search_term_string}\"},\"query-input\":{\"@type\":\"PropertyValueSpecification\",\"valueRequired\":true,\"valueName\":\"search_term_string\"}}],\"inLanguage\":\"pt-BR\"}]}<\/script>\n<!-- \/ Yoast SEO plugin. -->","yoast_head_json":{"title":"Passeio Cicl\u00edstico \u2013 Pedalando pela Paz - Grupo A\u00e7o Cearense","robots":{"index":"index","follow":"follow","max-snippet":"max-snippet:-1","max-image-preview":"max-image-preview:large","max-video-preview":"max-video-preview:-1"},"canonical":"https:\/\/previews.elleven.digital\/acocearense\/noticia\/passeio-ciclistico-pedalando-pela-paz\/","og_locale":"pt_BR","og_type":"article","og_title":"Passeio Cicl\u00edstico \u2013 Pedalando pela Paz - Grupo A\u00e7o Cearense","og_description":"A 3\u00ba edi\u00e7\u00e3o do Pedalando pela Paz, promovido pelo Instituto A\u00e7o Cearense, ocorreu em Caucaia(...)","og_url":"https:\/\/previews.elleven.digital\/acocearense\/noticia\/passeio-ciclistico-pedalando-pela-paz\/","og_site_name":"Grupo A\u00e7o Cearense","article_modified_time":"2025-05-07T17:53:56+00:00","og_image":[{"width":847,"height":670,"url":"https:\/\/previews.elleven.digital\/acocearense\/wp-content\/uploads\/2025\/05\/unnamed-1-1.jpg","type":"image\/jpeg"}],"twitter_card":"summary_large_image","twitter_misc":{"Est. tempo de leitura":"3 minutos"},"schema":{"@context":"https:\/\/schema.org","@graph":[{"@type":"WebPage","@id":"https:\/\/previews.elleven.digital\/acocearense\/noticia\/passeio-ciclistico-pedalando-pela-paz\/","url":"https:\/\/previews.elleven.digital\/acocearense\/noticia\/passeio-ciclistico-pedalando-pela-paz\/","name":"Passeio Cicl\u00edstico \u2013 Pedalando pela Paz - Grupo A\u00e7o Cearense","isPartOf":{"@id":"https:\/\/previews.elleven.digital\/acocearense\/#website"},"primaryImageOfPage":{"@id":"https:\/\/previews.elleven.digital\/acocearense\/noticia\/passeio-ciclistico-pedalando-pela-paz\/#primaryimage"},"image":{"@id":"https:\/\/previews.elleven.digital\/acocearense\/noticia\/passeio-ciclistico-pedalando-pela-paz\/#primaryimage"},"thumbnailUrl":"https:\/\/previews.elleven.digital\/acocearense\/wp-content\/uploads\/2025\/05\/unnamed-1-1.jpg","datePublished":"2018-08-24T17:53:21+00:00","dateModified":"2025-05-07T17:53:56+00:00","breadcrumb":{"@id":"https:\/\/previews.elleven.digital\/acocearense\/noticia\/passeio-ciclistico-pedalando-pela-paz\/#breadcrumb"},"inLanguage":"pt-BR","potentialAction":[{"@type":"ReadAction","target":["https:\/\/previews.elleven.digital\/acocearense\/noticia\/passeio-ciclistico-pedalando-pela-paz\/"]}]},{"@type":"ImageObject","inLanguage":"pt-BR","@id":"https:\/\/previews.elleven.digital\/acocearense\/noticia\/passeio-ciclistico-pedalando-pela-paz\/#primaryimage","url":"https:\/\/previews.elleven.digital\/acocearense\/wp-content\/uploads\/2025\/05\/unnamed-1-1.jpg","contentUrl":"https:\/\/previews.elleven.digital\/acocearense\/wp-content\/uploads\/2025\/05\/unnamed-1-1.jpg","width":847,"height":670},{"@type":"BreadcrumbList","@id":"https:\/\/previews.elleven.digital\/acocearense\/noticia\/passeio-ciclistico-pedalando-pela-paz\/#breadcrumb","itemListElement":[{"@type":"ListItem","position":1,"name":"In\u00edcio","item":"https:\/\/previews.elleven.digital\/acocearense\/"},{"@type":"ListItem","position":2,"name":"Not\u00edcias","item":"https:\/\/previews.elleven.digital\/acocearense\/noticias\/"},{"@type":"ListItem","position":3,"name":"Passeio Cicl\u00edstico \u2013 Pedalando pela Paz"}]},{"@type":"WebSite","@id":"https:\/\/previews.elleven.digital\/acocearense\/#website","url":"https:\/\/previews.elleven.digital\/acocearense\/","name":"A\u00e7o Cearense","description":"H\u00e1 mais de 45 anos no mercado brasileiro do a\u00e7o.","alternateName":"A\u00e7o Cearense","potentialAction":[{"@type":"SearchAction","target":{"@type":"EntryPoint","urlTemplate":"https:\/\/previews.elleven.digital\/acocearense\/?s={search_term_string}"},"query-input":{"@type":"PropertyValueSpecification","valueRequired":true,"valueName":"search_term_string"}}],"inLanguage":"pt-BR"}]}},"_links":{"self":[{"href":"https:\/\/previews.elleven.digital\/acocearense\/wp-json\/wp\/v2\/noticia\/1785","targetHints":{"allow":["GET"]}}],"collection":[{"href":"https:\/\/previews.elleven.digital\/acocearense\/wp-json\/wp\/v2\/noticia"}],"about":[{"href":"https:\/\/previews.elleven.digital\/acocearense\/wp-json\/wp\/v2\/types\/noticia"}],"wp:featuredmedia":[{"embeddable":true,"href":"https:\/\/previews.elleven.digital\/acocearense\/wp-json\/wp\/v2\/media\/1781"}],"wp:attachment":[{"href":"https:\/\/previews.elleven.digital\/acocearense\/wp-json\/wp\/v2\/media?parent=1785"}],"wp:term":[{"taxonomy":"categoria-noticia","embeddable":true,"href":"https:\/\/previews.elleven.digital\/acocearense\/wp-json\/wp\/v2\/categoria-noticia?post=1785"}],"curies":[{"name":"wp","href":"https:\/\/api.w.org\/{rel}","templated":true}]}}