{"id":1784,"date":"2018-08-24T14:52:52","date_gmt":"2018-08-24T17:52:52","guid":{"rendered":"https:\/\/previews.elleven.digital\/acocearense\/?post_type=noticia&#038;p=1784"},"modified":"2025-05-07T14:53:17","modified_gmt":"2025-05-07T17:53:17","slug":"mais-uma-vez-o-grupo-aco-cearense-esta-entre-as-maiores-empresas-do-brasil","status":"publish","type":"noticia","link":"https:\/\/previews.elleven.digital\/acocearense\/noticia\/mais-uma-vez-o-grupo-aco-cearense-esta-entre-as-maiores-empresas-do-brasil\/","title":{"rendered":"Mais uma vez o Grupo A\u00e7o Cearense est\u00e1 entre as maiores empresas do Brasil"},"content":{"rendered":"<p>O Grupo A\u00e7o Cearense est\u00e1 presente mais uma vez na edi\u00e7\u00e3o especial da revista Exame, Melhores e Maiores, divulgada no dia 15 de agosto, e no anu\u00e1rio do Jornal Valor Econ\u00f4mico, Valor 1000, divulgado no dia 21 de agosto.<\/p>\n<h3>Exame Melhores e Maiores \u2013 SINOBRAS<\/h3>\n<p>Na Exame Melhores e Maiores, a SINOBRAS aparece na 698\u00aa posi\u00e7\u00e3o entre as 1000 maiores empresas pelo valor das vendas l\u00edquidas em 2017. A edi\u00e7\u00e3o especial traz as companhias que se destacaram em 20 setores da economia, mostrando tamb\u00e9m indicadores setoriais e por estado e uma ampla lista de rankings do agroneg\u00f3cio.<\/p>\n<h3>Valor 1000 \u2013 Grupo A\u00e7o Cearense<\/h3>\n<p>No Anu\u00e1rio Valor 1000, o Grupo A\u00e7o Cearense figura na 314\u00aa coloca\u00e7\u00e3o do ranking nacional, conquistando 34 posi\u00e7\u00f5es em rela\u00e7\u00e3o ao ano de 2016. O Grupo tamb\u00e9m foi relacionado no 19\u00ba lugar entre os 50 maiores da regi\u00e3o Nordeste, subindo 5 posi\u00e7\u00f5es. O Valor 1000 \u00e9 um dos mais completos anu\u00e1rios sobre as empresas que atuam no Brasil, analisando 25 setores da economia.<br \/>\nEssas s\u00e3o grandes conquistas para o Grupo A\u00e7o Cearense, que vem se destacando e conseguindo melhores posi\u00e7\u00f5es entre as grandes empresas do pa\u00eds.<\/p>\n","protected":false},"featured_media":1782,"template":"","meta":{"_acf_changed":false,"inline_featured_image":false},"categoria-noticia":[],"class_list":["post-1784","noticia","type-noticia","status-publish","has-post-thumbnail","hentry"],"acf":{"link":""},"yoast_head":"<!-- This site is optimized with the Yoast SEO plugin v25.9 - https:\/\/yoast.com\/wordpress\/plugins\/seo\/ -->\n<title>Mais uma vez o Grupo A\u00e7o Cearense est\u00e1 entre as maiores empresas do Brasil - Grupo A\u00e7o Cearense<\/title>\n<meta name=\"robots\" content=\"index, follow, max-snippet:-1, max-image-preview:large, max-video-preview:-1\" \/>\n<link rel=\"canonical\" href=\"https:\/\/previews.elleven.digital\/acocearense\/noticia\/mais-uma-vez-o-grupo-aco-cearense-esta-entre-as-maiores-empresas-do-brasil\/\" \/>\n<meta property=\"og:locale\" content=\"pt_BR\" \/>\n<meta property=\"og:type\" content=\"article\" \/>\n<meta property=\"og:title\" content=\"Mais uma vez o Grupo A\u00e7o Cearense est\u00e1 entre as maiores empresas do Brasil - Grupo A\u00e7o Cearense\" \/>\n<meta property=\"og:description\" content=\"O Grupo A\u00e7o Cearense est\u00e1 presente mais uma vez na edi\u00e7\u00e3o especial da revista Exame,(...)\" \/>\n<meta property=\"og:url\" content=\"https:\/\/previews.elleven.digital\/acocearense\/noticia\/mais-uma-vez-o-grupo-aco-cearense-esta-entre-as-maiores-empresas-do-brasil\/\" \/>\n<meta property=\"og:site_name\" content=\"Grupo A\u00e7o Cearense\" \/>\n<meta property=\"article:modified_time\" content=\"2025-05-07T17:53:17+00:00\" \/>\n<meta property=\"og:image\" content=\"https:\/\/previews.elleven.digital\/acocearense\/wp-content\/uploads\/2025\/05\/18-08-22-_gac-_saiu_na_revista-_banner_mobile.png\" \/>\n\t<meta property=\"og:image:width\" content=\"400\" \/>\n\t<meta property=\"og:image:height\" content=\"300\" \/>\n\t<meta property=\"og:image:type\" content=\"image\/png\" \/>\n<meta name=\"twitter:card\" content=\"summary_large_image\" \/>\n<meta name=\"twitter:label1\" content=\"Est. tempo de leitura\" \/>\n\t<meta name=\"twitter:data1\" content=\"2 minutos\" \/>\n<script type=\"application\/ld+json\" class=\"yoast-schema-graph\">{\"@context\":\"https:\/\/schema.org\",\"@graph\":[{\"@type\":\"WebPage\",\"@id\":\"https:\/\/previews.elleven.digital\/acocearense\/noticia\/mais-uma-vez-o-grupo-aco-cearense-esta-entre-as-maiores-empresas-do-brasil\/\",\"url\":\"https:\/\/previews.elleven.digital\/acocearense\/noticia\/mais-uma-vez-o-grupo-aco-cearense-esta-entre-as-maiores-empresas-do-brasil\/\",\"name\":\"Mais uma vez o Grupo A\u00e7o Cearense est\u00e1 entre as maiores empresas do Brasil - Grupo A\u00e7o Cearense\",\"isPartOf\":{\"@id\":\"https:\/\/previews.elleven.digital\/acocearense\/#website\"},\"primaryImageOfPage\":{\"@id\":\"https:\/\/previews.elleven.digital\/acocearense\/noticia\/mais-uma-vez-o-grupo-aco-cearense-esta-entre-as-maiores-empresas-do-brasil\/#primaryimage\"},\"image\":{\"@id\":\"https:\/\/previews.elleven.digital\/acocearense\/noticia\/mais-uma-vez-o-grupo-aco-cearense-esta-entre-as-maiores-empresas-do-brasil\/#primaryimage\"},\"thumbnailUrl\":\"https:\/\/previews.elleven.digital\/acocearense\/wp-content\/uploads\/2025\/05\/18-08-22-_gac-_saiu_na_revista-_banner_mobile.png\",\"datePublished\":\"2018-08-24T17:52:52+00:00\",\"dateModified\":\"2025-05-07T17:53:17+00:00\",\"breadcrumb\":{\"@id\":\"https:\/\/previews.elleven.digital\/acocearense\/noticia\/mais-uma-vez-o-grupo-aco-cearense-esta-entre-as-maiores-empresas-do-brasil\/#breadcrumb\"},\"inLanguage\":\"pt-BR\",\"potentialAction\":[{\"@type\":\"ReadAction\",\"target\":[\"https:\/\/previews.elleven.digital\/acocearense\/noticia\/mais-uma-vez-o-grupo-aco-cearense-esta-entre-as-maiores-empresas-do-brasil\/\"]}]},{\"@type\":\"ImageObject\",\"inLanguage\":\"pt-BR\",\"@id\":\"https:\/\/previews.elleven.digital\/acocearense\/noticia\/mais-uma-vez-o-grupo-aco-cearense-esta-entre-as-maiores-empresas-do-brasil\/#primaryimage\",\"url\":\"https:\/\/previews.elleven.digital\/acocearense\/wp-content\/uploads\/2025\/05\/18-08-22-_gac-_saiu_na_revista-_banner_mobile.png\",\"contentUrl\":\"https:\/\/previews.elleven.digital\/acocearense\/wp-content\/uploads\/2025\/05\/18-08-22-_gac-_saiu_na_revista-_banner_mobile.png\",\"width\":400,\"height\":300},{\"@type\":\"BreadcrumbList\",\"@id\":\"https:\/\/previews.elleven.digital\/acocearense\/noticia\/mais-uma-vez-o-grupo-aco-cearense-esta-entre-as-maiores-empresas-do-brasil\/#breadcrumb\",\"itemListElement\":[{\"@type\":\"ListItem\",\"position\":1,\"name\":\"In\u00edcio\",\"item\":\"https:\/\/previews.elleven.digital\/acocearense\/\"},{\"@type\":\"ListItem\",\"position\":2,\"name\":\"Not\u00edcias\",\"item\":\"https:\/\/previews.elleven.digital\/acocearense\/noticias\/\"},{\"@type\":\"ListItem\",\"position\":3,\"name\":\"Mais uma vez o Grupo A\u00e7o Cearense est\u00e1 entre as maiores empresas do Brasil\"}]},{\"@type\":\"WebSite\",\"@id\":\"https:\/\/previews.elleven.digital\/acocearense\/#website\",\"url\":\"https:\/\/previews.elleven.digital\/acocearense\/\",\"name\":\"A\u00e7o Cearense\",\"description\":\"H\u00e1 mais de 45 anos no mercado brasileiro do a\u00e7o.\",\"alternateName\":\"A\u00e7o Cearense\",\"potentialAction\":[{\"@type\":\"SearchAction\",\"target\":{\"@type\":\"EntryPoint\",\"urlTemplate\":\"https:\/\/previews.elleven.digital\/acocearense\/?s={search_term_string}\"},\"query-input\":{\"@type\":\"PropertyValueSpecification\",\"valueRequired\":true,\"valueName\":\"search_term_string\"}}],\"inLanguage\":\"pt-BR\"}]}<\/script>\n<!-- \/ Yoast SEO plugin. -->","yoast_head_json":{"title":"Mais uma vez o Grupo A\u00e7o Cearense est\u00e1 entre as maiores empresas do Brasil - Grupo A\u00e7o Cearense","robots":{"index":"index","follow":"follow","max-snippet":"max-snippet:-1","max-image-preview":"max-image-preview:large","max-video-preview":"max-video-preview:-1"},"canonical":"https:\/\/previews.elleven.digital\/acocearense\/noticia\/mais-uma-vez-o-grupo-aco-cearense-esta-entre-as-maiores-empresas-do-brasil\/","og_locale":"pt_BR","og_type":"article","og_title":"Mais uma vez o Grupo A\u00e7o Cearense est\u00e1 entre as maiores empresas do Brasil - Grupo A\u00e7o Cearense","og_description":"O Grupo A\u00e7o Cearense est\u00e1 presente mais uma vez na edi\u00e7\u00e3o especial da revista Exame,(...)","og_url":"https:\/\/previews.elleven.digital\/acocearense\/noticia\/mais-uma-vez-o-grupo-aco-cearense-esta-entre-as-maiores-empresas-do-brasil\/","og_site_name":"Grupo A\u00e7o Cearense","article_modified_time":"2025-05-07T17:53:17+00:00","og_image":[{"width":400,"height":300,"url":"https:\/\/previews.elleven.digital\/acocearense\/wp-content\/uploads\/2025\/05\/18-08-22-_gac-_saiu_na_revista-_banner_mobile.png","type":"image\/png"}],"twitter_card":"summary_large_image","twitter_misc":{"Est. tempo de leitura":"2 minutos"},"schema":{"@context":"https:\/\/schema.org","@graph":[{"@type":"WebPage","@id":"https:\/\/previews.elleven.digital\/acocearense\/noticia\/mais-uma-vez-o-grupo-aco-cearense-esta-entre-as-maiores-empresas-do-brasil\/","url":"https:\/\/previews.elleven.digital\/acocearense\/noticia\/mais-uma-vez-o-grupo-aco-cearense-esta-entre-as-maiores-empresas-do-brasil\/","name":"Mais uma vez o Grupo A\u00e7o Cearense est\u00e1 entre as maiores empresas do Brasil - Grupo A\u00e7o Cearense","isPartOf":{"@id":"https:\/\/previews.elleven.digital\/acocearense\/#website"},"primaryImageOfPage":{"@id":"https:\/\/previews.elleven.digital\/acocearense\/noticia\/mais-uma-vez-o-grupo-aco-cearense-esta-entre-as-maiores-empresas-do-brasil\/#primaryimage"},"image":{"@id":"https:\/\/previews.elleven.digital\/acocearense\/noticia\/mais-uma-vez-o-grupo-aco-cearense-esta-entre-as-maiores-empresas-do-brasil\/#primaryimage"},"thumbnailUrl":"https:\/\/previews.elleven.digital\/acocearense\/wp-content\/uploads\/2025\/05\/18-08-22-_gac-_saiu_na_revista-_banner_mobile.png","datePublished":"2018-08-24T17:52:52+00:00","dateModified":"2025-05-07T17:53:17+00:00","breadcrumb":{"@id":"https:\/\/previews.elleven.digital\/acocearense\/noticia\/mais-uma-vez-o-grupo-aco-cearense-esta-entre-as-maiores-empresas-do-brasil\/#breadcrumb"},"inLanguage":"pt-BR","potentialAction":[{"@type":"ReadAction","target":["https:\/\/previews.elleven.digital\/acocearense\/noticia\/mais-uma-vez-o-grupo-aco-cearense-esta-entre-as-maiores-empresas-do-brasil\/"]}]},{"@type":"ImageObject","inLanguage":"pt-BR","@id":"https:\/\/previews.elleven.digital\/acocearense\/noticia\/mais-uma-vez-o-grupo-aco-cearense-esta-entre-as-maiores-empresas-do-brasil\/#primaryimage","url":"https:\/\/previews.elleven.digital\/acocearense\/wp-content\/uploads\/2025\/05\/18-08-22-_gac-_saiu_na_revista-_banner_mobile.png","contentUrl":"https:\/\/previews.elleven.digital\/acocearense\/wp-content\/uploads\/2025\/05\/18-08-22-_gac-_saiu_na_revista-_banner_mobile.png","width":400,"height":300},{"@type":"BreadcrumbList","@id":"https:\/\/previews.elleven.digital\/acocearense\/noticia\/mais-uma-vez-o-grupo-aco-cearense-esta-entre-as-maiores-empresas-do-brasil\/#breadcrumb","itemListElement":[{"@type":"ListItem","position":1,"name":"In\u00edcio","item":"https:\/\/previews.elleven.digital\/acocearense\/"},{"@type":"ListItem","position":2,"name":"Not\u00edcias","item":"https:\/\/previews.elleven.digital\/acocearense\/noticias\/"},{"@type":"ListItem","position":3,"name":"Mais uma vez o Grupo A\u00e7o Cearense est\u00e1 entre as maiores empresas do Brasil"}]},{"@type":"WebSite","@id":"https:\/\/previews.elleven.digital\/acocearense\/#website","url":"https:\/\/previews.elleven.digital\/acocearense\/","name":"A\u00e7o Cearense","description":"H\u00e1 mais de 45 anos no mercado brasileiro do a\u00e7o.","alternateName":"A\u00e7o Cearense","potentialAction":[{"@type":"SearchAction","target":{"@type":"EntryPoint","urlTemplate":"https:\/\/previews.elleven.digital\/acocearense\/?s={search_term_string}"},"query-input":{"@type":"PropertyValueSpecification","valueRequired":true,"valueName":"search_term_string"}}],"inLanguage":"pt-BR"}]}},"_links":{"self":[{"href":"https:\/\/previews.elleven.digital\/acocearense\/wp-json\/wp\/v2\/noticia\/1784","targetHints":{"allow":["GET"]}}],"collection":[{"href":"https:\/\/previews.elleven.digital\/acocearense\/wp-json\/wp\/v2\/noticia"}],"about":[{"href":"https:\/\/previews.elleven.digital\/acocearense\/wp-json\/wp\/v2\/types\/noticia"}],"wp:featuredmedia":[{"embeddable":true,"href":"https:\/\/previews.elleven.digital\/acocearense\/wp-json\/wp\/v2\/media\/1782"}],"wp:attachment":[{"href":"https:\/\/previews.elleven.digital\/acocearense\/wp-json\/wp\/v2\/media?parent=1784"}],"wp:term":[{"taxonomy":"categoria-noticia","embeddable":true,"href":"https:\/\/previews.elleven.digital\/acocearense\/wp-json\/wp\/v2\/categoria-noticia?post=1784"}],"curies":[{"name":"wp","href":"https:\/\/api.w.org\/{rel}","templated":true}]}}