{"id":1773,"date":"2018-08-10T14:49:28","date_gmt":"2018-08-10T17:49:28","guid":{"rendered":"https:\/\/previews.elleven.digital\/acocearense\/?post_type=noticia&#038;p=1773"},"modified":"2025-05-07T14:52:48","modified_gmt":"2025-05-07T17:52:48","slug":"projeto-sobre-senso-de-organizacao-e-limpeza-na-manutencao","status":"publish","type":"noticia","link":"https:\/\/previews.elleven.digital\/acocearense\/noticia\/projeto-sobre-senso-de-organizacao-e-limpeza-na-manutencao\/","title":{"rendered":"Projeto sobre Senso de Organiza\u00e7\u00e3o e Limpeza na Manuten\u00e7\u00e3o"},"content":{"rendered":"<p>Uma das principais a\u00e7\u00f5es para evitar acidentes de trabalho e ter efici\u00eancia na rotina de Manuten\u00e7\u00e3o \u00e9 a\u00a0<strong>pr\u00e1tica da organiza\u00e7\u00e3o e da limpeza, fundamental para a higiene, sa\u00fade e seguran\u00e7a dos colaboradores<\/strong>. Por isso a equipe de Engenharia e Manuten\u00e7\u00e3o adotou a ferramenta\u00a0<strong>SOL (Senso de Organiza\u00e7\u00e3o e Limpeza)<\/strong>, com o objetivo de transformar e melhorar o ambiente de trabalho.<br \/>\nO projeto inclui capacita\u00e7\u00e3o e avalia\u00e7\u00e3o mensal do desempenho das Oficinas na busca por melhorias na organiza\u00e7\u00e3o, limpeza e utiliza\u00e7\u00e3o da \u00e1rea.<\/p>\n<h2>Princ\u00edpios do SOL<\/h2>\n<p><strong>1\u00ba<\/strong>\u00a0\u2013 Separar o \u00fatil do in\u00fatil, eliminando o desnecess\u00e1rio;<br \/>\n<strong>2\u00ba<\/strong>\u00a0\u2013 Organizar os objetos, equipamentos e materiais de maneira que possam ser acessados e utilizados imediatamente;<br \/>\n<strong>3\u00ba<\/strong>\u00a0\u2013 Limpar e investigar minuciosamente o local de trabalho em busca de sujeira ou imperfei\u00e7\u00f5es.<br \/>\nO primeiro treinamento aconteceu em junho e foi ministrado por Kaio Studart, Engenheiro Industrial da ACI Matriz. Kelson Nogueira, T\u00e9cnico em Manuten\u00e7\u00e3o, gostou: \u201cAchei muito \u00fatil, aprendemos mais sobre organiza\u00e7\u00e3o, limpeza e conserva\u00e7\u00e3o dos materiais e isso faz toda a diferen\u00e7a na nossa rotina, facilita as atividades, evita acidentes, melhora o clima da equipe e at\u00e9 a qualidade de vida dos colaboradores\u201d, comentou.<br \/>\nA primeira avalia\u00e7\u00e3o ocorreu no per\u00edodo de 25 a 29 de junho. As oficinas que alcan\u00e7arem pelo menos 90% de aproveitamento nos crit\u00e9rios do SOL receber\u00e3o um banner alusivo ao projeto, como \u00e1rea exemplar.<\/p>\n","protected":false},"featured_media":1783,"template":"","meta":{"_acf_changed":false,"inline_featured_image":false},"categoria-noticia":[],"class_list":["post-1773","noticia","type-noticia","status-publish","has-post-thumbnail","hentry"],"acf":{"link":""},"yoast_head":"<!-- This site is optimized with the Yoast SEO plugin v25.9 - https:\/\/yoast.com\/wordpress\/plugins\/seo\/ -->\n<title>Projeto sobre Senso de Organiza\u00e7\u00e3o e Limpeza na Manuten\u00e7\u00e3o - Grupo A\u00e7o Cearense<\/title>\n<meta name=\"robots\" content=\"index, follow, max-snippet:-1, max-image-preview:large, max-video-preview:-1\" \/>\n<link rel=\"canonical\" href=\"https:\/\/previews.elleven.digital\/acocearense\/noticia\/projeto-sobre-senso-de-organizacao-e-limpeza-na-manutencao\/\" \/>\n<meta property=\"og:locale\" content=\"pt_BR\" \/>\n<meta property=\"og:type\" content=\"article\" \/>\n<meta property=\"og:title\" content=\"Projeto sobre Senso de Organiza\u00e7\u00e3o e Limpeza na Manuten\u00e7\u00e3o - Grupo A\u00e7o Cearense\" \/>\n<meta property=\"og:description\" content=\"Uma das principais a\u00e7\u00f5es para evitar acidentes de trabalho e ter efici\u00eancia na rotina de(...)\" \/>\n<meta property=\"og:url\" content=\"https:\/\/previews.elleven.digital\/acocearense\/noticia\/projeto-sobre-senso-de-organizacao-e-limpeza-na-manutencao\/\" \/>\n<meta property=\"og:site_name\" content=\"Grupo A\u00e7o Cearense\" \/>\n<meta property=\"article:modified_time\" content=\"2025-05-07T17:52:48+00:00\" \/>\n<meta property=\"og:image\" content=\"https:\/\/previews.elleven.digital\/acocearense\/wp-content\/uploads\/2025\/05\/organizacao.png\" \/>\n\t<meta property=\"og:image:width\" content=\"400\" \/>\n\t<meta property=\"og:image:height\" content=\"300\" \/>\n\t<meta property=\"og:image:type\" content=\"image\/png\" \/>\n<meta name=\"twitter:card\" content=\"summary_large_image\" \/>\n<meta name=\"twitter:label1\" content=\"Est. tempo de leitura\" \/>\n\t<meta name=\"twitter:data1\" content=\"2 minutos\" \/>\n<script type=\"application\/ld+json\" class=\"yoast-schema-graph\">{\"@context\":\"https:\/\/schema.org\",\"@graph\":[{\"@type\":\"WebPage\",\"@id\":\"https:\/\/previews.elleven.digital\/acocearense\/noticia\/projeto-sobre-senso-de-organizacao-e-limpeza-na-manutencao\/\",\"url\":\"https:\/\/previews.elleven.digital\/acocearense\/noticia\/projeto-sobre-senso-de-organizacao-e-limpeza-na-manutencao\/\",\"name\":\"Projeto sobre Senso de Organiza\u00e7\u00e3o e Limpeza na Manuten\u00e7\u00e3o - Grupo A\u00e7o Cearense\",\"isPartOf\":{\"@id\":\"https:\/\/previews.elleven.digital\/acocearense\/#website\"},\"primaryImageOfPage\":{\"@id\":\"https:\/\/previews.elleven.digital\/acocearense\/noticia\/projeto-sobre-senso-de-organizacao-e-limpeza-na-manutencao\/#primaryimage\"},\"image\":{\"@id\":\"https:\/\/previews.elleven.digital\/acocearense\/noticia\/projeto-sobre-senso-de-organizacao-e-limpeza-na-manutencao\/#primaryimage\"},\"thumbnailUrl\":\"https:\/\/previews.elleven.digital\/acocearense\/wp-content\/uploads\/2025\/05\/organizacao.png\",\"datePublished\":\"2018-08-10T17:49:28+00:00\",\"dateModified\":\"2025-05-07T17:52:48+00:00\",\"breadcrumb\":{\"@id\":\"https:\/\/previews.elleven.digital\/acocearense\/noticia\/projeto-sobre-senso-de-organizacao-e-limpeza-na-manutencao\/#breadcrumb\"},\"inLanguage\":\"pt-BR\",\"potentialAction\":[{\"@type\":\"ReadAction\",\"target\":[\"https:\/\/previews.elleven.digital\/acocearense\/noticia\/projeto-sobre-senso-de-organizacao-e-limpeza-na-manutencao\/\"]}]},{\"@type\":\"ImageObject\",\"inLanguage\":\"pt-BR\",\"@id\":\"https:\/\/previews.elleven.digital\/acocearense\/noticia\/projeto-sobre-senso-de-organizacao-e-limpeza-na-manutencao\/#primaryimage\",\"url\":\"https:\/\/previews.elleven.digital\/acocearense\/wp-content\/uploads\/2025\/05\/organizacao.png\",\"contentUrl\":\"https:\/\/previews.elleven.digital\/acocearense\/wp-content\/uploads\/2025\/05\/organizacao.png\",\"width\":400,\"height\":300},{\"@type\":\"BreadcrumbList\",\"@id\":\"https:\/\/previews.elleven.digital\/acocearense\/noticia\/projeto-sobre-senso-de-organizacao-e-limpeza-na-manutencao\/#breadcrumb\",\"itemListElement\":[{\"@type\":\"ListItem\",\"position\":1,\"name\":\"In\u00edcio\",\"item\":\"https:\/\/previews.elleven.digital\/acocearense\/\"},{\"@type\":\"ListItem\",\"position\":2,\"name\":\"Not\u00edcias\",\"item\":\"https:\/\/previews.elleven.digital\/acocearense\/noticias\/\"},{\"@type\":\"ListItem\",\"position\":3,\"name\":\"Projeto sobre Senso de Organiza\u00e7\u00e3o e Limpeza na Manuten\u00e7\u00e3o\"}]},{\"@type\":\"WebSite\",\"@id\":\"https:\/\/previews.elleven.digital\/acocearense\/#website\",\"url\":\"https:\/\/previews.elleven.digital\/acocearense\/\",\"name\":\"A\u00e7o Cearense\",\"description\":\"H\u00e1 mais de 45 anos no mercado brasileiro do a\u00e7o.\",\"alternateName\":\"A\u00e7o Cearense\",\"potentialAction\":[{\"@type\":\"SearchAction\",\"target\":{\"@type\":\"EntryPoint\",\"urlTemplate\":\"https:\/\/previews.elleven.digital\/acocearense\/?s={search_term_string}\"},\"query-input\":{\"@type\":\"PropertyValueSpecification\",\"valueRequired\":true,\"valueName\":\"search_term_string\"}}],\"inLanguage\":\"pt-BR\"}]}<\/script>\n<!-- \/ Yoast SEO plugin. -->","yoast_head_json":{"title":"Projeto sobre Senso de Organiza\u00e7\u00e3o e Limpeza na Manuten\u00e7\u00e3o - Grupo A\u00e7o Cearense","robots":{"index":"index","follow":"follow","max-snippet":"max-snippet:-1","max-image-preview":"max-image-preview:large","max-video-preview":"max-video-preview:-1"},"canonical":"https:\/\/previews.elleven.digital\/acocearense\/noticia\/projeto-sobre-senso-de-organizacao-e-limpeza-na-manutencao\/","og_locale":"pt_BR","og_type":"article","og_title":"Projeto sobre Senso de Organiza\u00e7\u00e3o e Limpeza na Manuten\u00e7\u00e3o - Grupo A\u00e7o Cearense","og_description":"Uma das principais a\u00e7\u00f5es para evitar acidentes de trabalho e ter efici\u00eancia na rotina de(...)","og_url":"https:\/\/previews.elleven.digital\/acocearense\/noticia\/projeto-sobre-senso-de-organizacao-e-limpeza-na-manutencao\/","og_site_name":"Grupo A\u00e7o Cearense","article_modified_time":"2025-05-07T17:52:48+00:00","og_image":[{"width":400,"height":300,"url":"https:\/\/previews.elleven.digital\/acocearense\/wp-content\/uploads\/2025\/05\/organizacao.png","type":"image\/png"}],"twitter_card":"summary_large_image","twitter_misc":{"Est. tempo de leitura":"2 minutos"},"schema":{"@context":"https:\/\/schema.org","@graph":[{"@type":"WebPage","@id":"https:\/\/previews.elleven.digital\/acocearense\/noticia\/projeto-sobre-senso-de-organizacao-e-limpeza-na-manutencao\/","url":"https:\/\/previews.elleven.digital\/acocearense\/noticia\/projeto-sobre-senso-de-organizacao-e-limpeza-na-manutencao\/","name":"Projeto sobre Senso de Organiza\u00e7\u00e3o e Limpeza na Manuten\u00e7\u00e3o - Grupo A\u00e7o Cearense","isPartOf":{"@id":"https:\/\/previews.elleven.digital\/acocearense\/#website"},"primaryImageOfPage":{"@id":"https:\/\/previews.elleven.digital\/acocearense\/noticia\/projeto-sobre-senso-de-organizacao-e-limpeza-na-manutencao\/#primaryimage"},"image":{"@id":"https:\/\/previews.elleven.digital\/acocearense\/noticia\/projeto-sobre-senso-de-organizacao-e-limpeza-na-manutencao\/#primaryimage"},"thumbnailUrl":"https:\/\/previews.elleven.digital\/acocearense\/wp-content\/uploads\/2025\/05\/organizacao.png","datePublished":"2018-08-10T17:49:28+00:00","dateModified":"2025-05-07T17:52:48+00:00","breadcrumb":{"@id":"https:\/\/previews.elleven.digital\/acocearense\/noticia\/projeto-sobre-senso-de-organizacao-e-limpeza-na-manutencao\/#breadcrumb"},"inLanguage":"pt-BR","potentialAction":[{"@type":"ReadAction","target":["https:\/\/previews.elleven.digital\/acocearense\/noticia\/projeto-sobre-senso-de-organizacao-e-limpeza-na-manutencao\/"]}]},{"@type":"ImageObject","inLanguage":"pt-BR","@id":"https:\/\/previews.elleven.digital\/acocearense\/noticia\/projeto-sobre-senso-de-organizacao-e-limpeza-na-manutencao\/#primaryimage","url":"https:\/\/previews.elleven.digital\/acocearense\/wp-content\/uploads\/2025\/05\/organizacao.png","contentUrl":"https:\/\/previews.elleven.digital\/acocearense\/wp-content\/uploads\/2025\/05\/organizacao.png","width":400,"height":300},{"@type":"BreadcrumbList","@id":"https:\/\/previews.elleven.digital\/acocearense\/noticia\/projeto-sobre-senso-de-organizacao-e-limpeza-na-manutencao\/#breadcrumb","itemListElement":[{"@type":"ListItem","position":1,"name":"In\u00edcio","item":"https:\/\/previews.elleven.digital\/acocearense\/"},{"@type":"ListItem","position":2,"name":"Not\u00edcias","item":"https:\/\/previews.elleven.digital\/acocearense\/noticias\/"},{"@type":"ListItem","position":3,"name":"Projeto sobre Senso de Organiza\u00e7\u00e3o e Limpeza na Manuten\u00e7\u00e3o"}]},{"@type":"WebSite","@id":"https:\/\/previews.elleven.digital\/acocearense\/#website","url":"https:\/\/previews.elleven.digital\/acocearense\/","name":"A\u00e7o Cearense","description":"H\u00e1 mais de 45 anos no mercado brasileiro do a\u00e7o.","alternateName":"A\u00e7o Cearense","potentialAction":[{"@type":"SearchAction","target":{"@type":"EntryPoint","urlTemplate":"https:\/\/previews.elleven.digital\/acocearense\/?s={search_term_string}"},"query-input":{"@type":"PropertyValueSpecification","valueRequired":true,"valueName":"search_term_string"}}],"inLanguage":"pt-BR"}]}},"_links":{"self":[{"href":"https:\/\/previews.elleven.digital\/acocearense\/wp-json\/wp\/v2\/noticia\/1773","targetHints":{"allow":["GET"]}}],"collection":[{"href":"https:\/\/previews.elleven.digital\/acocearense\/wp-json\/wp\/v2\/noticia"}],"about":[{"href":"https:\/\/previews.elleven.digital\/acocearense\/wp-json\/wp\/v2\/types\/noticia"}],"wp:featuredmedia":[{"embeddable":true,"href":"https:\/\/previews.elleven.digital\/acocearense\/wp-json\/wp\/v2\/media\/1783"}],"wp:attachment":[{"href":"https:\/\/previews.elleven.digital\/acocearense\/wp-json\/wp\/v2\/media?parent=1773"}],"wp:term":[{"taxonomy":"categoria-noticia","embeddable":true,"href":"https:\/\/previews.elleven.digital\/acocearense\/wp-json\/wp\/v2\/categoria-noticia?post=1773"}],"curies":[{"name":"wp","href":"https:\/\/api.w.org\/{rel}","templated":true}]}}