{"id":1772,"date":"2018-08-10T14:48:58","date_gmt":"2018-08-10T17:48:58","guid":{"rendered":"https:\/\/previews.elleven.digital\/acocearense\/?post_type=noticia&#038;p=1772"},"modified":"2025-05-07T14:49:25","modified_gmt":"2025-05-07T17:49:25","slug":"projeto-familia-na-empresa-recebe-recorde-de-inscricoes","status":"publish","type":"noticia","link":"https:\/\/previews.elleven.digital\/acocearense\/noticia\/projeto-familia-na-empresa-recebe-recorde-de-inscricoes\/","title":{"rendered":"Projeto Fam\u00edlia na Empresa recebe recorde de inscri\u00e7\u00f5es"},"content":{"rendered":"<p>No m\u00eas de julho, o projeto Fam\u00edlia na Empresa bateu o recorde de inscri\u00e7\u00f5es. Ao todo 32 familiares foram conhecer a A\u00e7o Cearense Industrial e A\u00e7o Cearense Comercial.<br \/>\nFrancisca Raquel de Sousa, esposa do colaborador Paulo C\u00e9sar e m\u00e3e da Aprendiz Francisca Jayanne de Sousa, ambos da Produ\u00e7\u00e3o \u00c1rea 2 \u2013 A\u00e7o Cearense Industrial e A\u00e7o Matriz, falou com entusiasmo da experi\u00eancia. \u201cEu j\u00e1 tinha ouvido falar da A\u00e7o Cearense, mas nada como ver tudo de perto e ter ainda mais certeza do cuidado que ela tem com os colaboradores. Eu gostei de tudo, meu filho que veio junto comigo, Paulo Henrique, ficou encantado e disse que futuramente quer trabalhar ao lado do pai e da irm\u00e3\u201d, disse.<\/p>\n<p>A pr\u00f3xima visita ser\u00e1 em agosto, o colaborador que desejar trazer seu familiar para a empresa deve ficar atento aos meios de comunica\u00e7\u00e3o ou entrar em contato com a \u00e1rea de Qualidade de Vida e Benef\u00edcios: 1649 (A\u00e7o Cearense Comercial) e 8454 (A\u00e7o Cearense Industrial e A\u00e7o).<\/p>\n","protected":false},"featured_media":1754,"template":"","meta":{"_acf_changed":false,"inline_featured_image":false},"categoria-noticia":[],"class_list":["post-1772","noticia","type-noticia","status-publish","has-post-thumbnail","hentry"],"acf":{"link":""},"yoast_head":"<!-- This site is optimized with the Yoast SEO plugin v25.9 - https:\/\/yoast.com\/wordpress\/plugins\/seo\/ -->\n<title>Projeto Fam\u00edlia na Empresa recebe recorde de inscri\u00e7\u00f5es - Grupo A\u00e7o Cearense<\/title>\n<meta name=\"robots\" content=\"index, follow, max-snippet:-1, max-image-preview:large, max-video-preview:-1\" \/>\n<link rel=\"canonical\" href=\"https:\/\/previews.elleven.digital\/acocearense\/noticia\/projeto-familia-na-empresa-recebe-recorde-de-inscricoes\/\" \/>\n<meta property=\"og:locale\" content=\"pt_BR\" \/>\n<meta property=\"og:type\" content=\"article\" \/>\n<meta property=\"og:title\" content=\"Projeto Fam\u00edlia na Empresa recebe recorde de inscri\u00e7\u00f5es - Grupo A\u00e7o Cearense\" \/>\n<meta property=\"og:description\" content=\"No m\u00eas de julho, o projeto Fam\u00edlia na Empresa bateu o recorde de inscri\u00e7\u00f5es. Ao(...)\" \/>\n<meta property=\"og:url\" content=\"https:\/\/previews.elleven.digital\/acocearense\/noticia\/projeto-familia-na-empresa-recebe-recorde-de-inscricoes\/\" \/>\n<meta property=\"og:site_name\" content=\"Grupo A\u00e7o Cearense\" \/>\n<meta property=\"article:modified_time\" content=\"2025-05-07T17:49:25+00:00\" \/>\n<meta property=\"og:image\" content=\"https:\/\/previews.elleven.digital\/acocearense\/wp-content\/uploads\/2025\/05\/familia.png\" \/>\n\t<meta property=\"og:image:width\" content=\"400\" \/>\n\t<meta property=\"og:image:height\" content=\"300\" \/>\n\t<meta property=\"og:image:type\" content=\"image\/png\" \/>\n<meta name=\"twitter:card\" content=\"summary_large_image\" \/>\n<meta name=\"twitter:label1\" content=\"Est. tempo de leitura\" \/>\n\t<meta name=\"twitter:data1\" content=\"2 minutos\" \/>\n<script type=\"application\/ld+json\" class=\"yoast-schema-graph\">{\"@context\":\"https:\/\/schema.org\",\"@graph\":[{\"@type\":\"WebPage\",\"@id\":\"https:\/\/previews.elleven.digital\/acocearense\/noticia\/projeto-familia-na-empresa-recebe-recorde-de-inscricoes\/\",\"url\":\"https:\/\/previews.elleven.digital\/acocearense\/noticia\/projeto-familia-na-empresa-recebe-recorde-de-inscricoes\/\",\"name\":\"Projeto Fam\u00edlia na Empresa recebe recorde de inscri\u00e7\u00f5es - Grupo A\u00e7o Cearense\",\"isPartOf\":{\"@id\":\"https:\/\/previews.elleven.digital\/acocearense\/#website\"},\"primaryImageOfPage\":{\"@id\":\"https:\/\/previews.elleven.digital\/acocearense\/noticia\/projeto-familia-na-empresa-recebe-recorde-de-inscricoes\/#primaryimage\"},\"image\":{\"@id\":\"https:\/\/previews.elleven.digital\/acocearense\/noticia\/projeto-familia-na-empresa-recebe-recorde-de-inscricoes\/#primaryimage\"},\"thumbnailUrl\":\"https:\/\/previews.elleven.digital\/acocearense\/wp-content\/uploads\/2025\/05\/familia.png\",\"datePublished\":\"2018-08-10T17:48:58+00:00\",\"dateModified\":\"2025-05-07T17:49:25+00:00\",\"breadcrumb\":{\"@id\":\"https:\/\/previews.elleven.digital\/acocearense\/noticia\/projeto-familia-na-empresa-recebe-recorde-de-inscricoes\/#breadcrumb\"},\"inLanguage\":\"pt-BR\",\"potentialAction\":[{\"@type\":\"ReadAction\",\"target\":[\"https:\/\/previews.elleven.digital\/acocearense\/noticia\/projeto-familia-na-empresa-recebe-recorde-de-inscricoes\/\"]}]},{\"@type\":\"ImageObject\",\"inLanguage\":\"pt-BR\",\"@id\":\"https:\/\/previews.elleven.digital\/acocearense\/noticia\/projeto-familia-na-empresa-recebe-recorde-de-inscricoes\/#primaryimage\",\"url\":\"https:\/\/previews.elleven.digital\/acocearense\/wp-content\/uploads\/2025\/05\/familia.png\",\"contentUrl\":\"https:\/\/previews.elleven.digital\/acocearense\/wp-content\/uploads\/2025\/05\/familia.png\",\"width\":400,\"height\":300},{\"@type\":\"BreadcrumbList\",\"@id\":\"https:\/\/previews.elleven.digital\/acocearense\/noticia\/projeto-familia-na-empresa-recebe-recorde-de-inscricoes\/#breadcrumb\",\"itemListElement\":[{\"@type\":\"ListItem\",\"position\":1,\"name\":\"In\u00edcio\",\"item\":\"https:\/\/previews.elleven.digital\/acocearense\/\"},{\"@type\":\"ListItem\",\"position\":2,\"name\":\"Not\u00edcias\",\"item\":\"https:\/\/previews.elleven.digital\/acocearense\/noticias\/\"},{\"@type\":\"ListItem\",\"position\":3,\"name\":\"Projeto Fam\u00edlia na Empresa recebe recorde de inscri\u00e7\u00f5es\"}]},{\"@type\":\"WebSite\",\"@id\":\"https:\/\/previews.elleven.digital\/acocearense\/#website\",\"url\":\"https:\/\/previews.elleven.digital\/acocearense\/\",\"name\":\"A\u00e7o Cearense\",\"description\":\"H\u00e1 mais de 45 anos no mercado brasileiro do a\u00e7o.\",\"alternateName\":\"A\u00e7o Cearense\",\"potentialAction\":[{\"@type\":\"SearchAction\",\"target\":{\"@type\":\"EntryPoint\",\"urlTemplate\":\"https:\/\/previews.elleven.digital\/acocearense\/?s={search_term_string}\"},\"query-input\":{\"@type\":\"PropertyValueSpecification\",\"valueRequired\":true,\"valueName\":\"search_term_string\"}}],\"inLanguage\":\"pt-BR\"}]}<\/script>\n<!-- \/ Yoast SEO plugin. -->","yoast_head_json":{"title":"Projeto Fam\u00edlia na Empresa recebe recorde de inscri\u00e7\u00f5es - Grupo A\u00e7o Cearense","robots":{"index":"index","follow":"follow","max-snippet":"max-snippet:-1","max-image-preview":"max-image-preview:large","max-video-preview":"max-video-preview:-1"},"canonical":"https:\/\/previews.elleven.digital\/acocearense\/noticia\/projeto-familia-na-empresa-recebe-recorde-de-inscricoes\/","og_locale":"pt_BR","og_type":"article","og_title":"Projeto Fam\u00edlia na Empresa recebe recorde de inscri\u00e7\u00f5es - Grupo A\u00e7o Cearense","og_description":"No m\u00eas de julho, o projeto Fam\u00edlia na Empresa bateu o recorde de inscri\u00e7\u00f5es. Ao(...)","og_url":"https:\/\/previews.elleven.digital\/acocearense\/noticia\/projeto-familia-na-empresa-recebe-recorde-de-inscricoes\/","og_site_name":"Grupo A\u00e7o Cearense","article_modified_time":"2025-05-07T17:49:25+00:00","og_image":[{"width":400,"height":300,"url":"https:\/\/previews.elleven.digital\/acocearense\/wp-content\/uploads\/2025\/05\/familia.png","type":"image\/png"}],"twitter_card":"summary_large_image","twitter_misc":{"Est. tempo de leitura":"2 minutos"},"schema":{"@context":"https:\/\/schema.org","@graph":[{"@type":"WebPage","@id":"https:\/\/previews.elleven.digital\/acocearense\/noticia\/projeto-familia-na-empresa-recebe-recorde-de-inscricoes\/","url":"https:\/\/previews.elleven.digital\/acocearense\/noticia\/projeto-familia-na-empresa-recebe-recorde-de-inscricoes\/","name":"Projeto Fam\u00edlia na Empresa recebe recorde de inscri\u00e7\u00f5es - Grupo A\u00e7o Cearense","isPartOf":{"@id":"https:\/\/previews.elleven.digital\/acocearense\/#website"},"primaryImageOfPage":{"@id":"https:\/\/previews.elleven.digital\/acocearense\/noticia\/projeto-familia-na-empresa-recebe-recorde-de-inscricoes\/#primaryimage"},"image":{"@id":"https:\/\/previews.elleven.digital\/acocearense\/noticia\/projeto-familia-na-empresa-recebe-recorde-de-inscricoes\/#primaryimage"},"thumbnailUrl":"https:\/\/previews.elleven.digital\/acocearense\/wp-content\/uploads\/2025\/05\/familia.png","datePublished":"2018-08-10T17:48:58+00:00","dateModified":"2025-05-07T17:49:25+00:00","breadcrumb":{"@id":"https:\/\/previews.elleven.digital\/acocearense\/noticia\/projeto-familia-na-empresa-recebe-recorde-de-inscricoes\/#breadcrumb"},"inLanguage":"pt-BR","potentialAction":[{"@type":"ReadAction","target":["https:\/\/previews.elleven.digital\/acocearense\/noticia\/projeto-familia-na-empresa-recebe-recorde-de-inscricoes\/"]}]},{"@type":"ImageObject","inLanguage":"pt-BR","@id":"https:\/\/previews.elleven.digital\/acocearense\/noticia\/projeto-familia-na-empresa-recebe-recorde-de-inscricoes\/#primaryimage","url":"https:\/\/previews.elleven.digital\/acocearense\/wp-content\/uploads\/2025\/05\/familia.png","contentUrl":"https:\/\/previews.elleven.digital\/acocearense\/wp-content\/uploads\/2025\/05\/familia.png","width":400,"height":300},{"@type":"BreadcrumbList","@id":"https:\/\/previews.elleven.digital\/acocearense\/noticia\/projeto-familia-na-empresa-recebe-recorde-de-inscricoes\/#breadcrumb","itemListElement":[{"@type":"ListItem","position":1,"name":"In\u00edcio","item":"https:\/\/previews.elleven.digital\/acocearense\/"},{"@type":"ListItem","position":2,"name":"Not\u00edcias","item":"https:\/\/previews.elleven.digital\/acocearense\/noticias\/"},{"@type":"ListItem","position":3,"name":"Projeto Fam\u00edlia na Empresa recebe recorde de inscri\u00e7\u00f5es"}]},{"@type":"WebSite","@id":"https:\/\/previews.elleven.digital\/acocearense\/#website","url":"https:\/\/previews.elleven.digital\/acocearense\/","name":"A\u00e7o Cearense","description":"H\u00e1 mais de 45 anos no mercado brasileiro do a\u00e7o.","alternateName":"A\u00e7o Cearense","potentialAction":[{"@type":"SearchAction","target":{"@type":"EntryPoint","urlTemplate":"https:\/\/previews.elleven.digital\/acocearense\/?s={search_term_string}"},"query-input":{"@type":"PropertyValueSpecification","valueRequired":true,"valueName":"search_term_string"}}],"inLanguage":"pt-BR"}]}},"_links":{"self":[{"href":"https:\/\/previews.elleven.digital\/acocearense\/wp-json\/wp\/v2\/noticia\/1772","targetHints":{"allow":["GET"]}}],"collection":[{"href":"https:\/\/previews.elleven.digital\/acocearense\/wp-json\/wp\/v2\/noticia"}],"about":[{"href":"https:\/\/previews.elleven.digital\/acocearense\/wp-json\/wp\/v2\/types\/noticia"}],"wp:featuredmedia":[{"embeddable":true,"href":"https:\/\/previews.elleven.digital\/acocearense\/wp-json\/wp\/v2\/media\/1754"}],"wp:attachment":[{"href":"https:\/\/previews.elleven.digital\/acocearense\/wp-json\/wp\/v2\/media?parent=1772"}],"wp:term":[{"taxonomy":"categoria-noticia","embeddable":true,"href":"https:\/\/previews.elleven.digital\/acocearense\/wp-json\/wp\/v2\/categoria-noticia?post=1772"}],"curies":[{"name":"wp","href":"https:\/\/api.w.org\/{rel}","templated":true}]}}