{"id":1771,"date":"2018-06-05T14:47:38","date_gmt":"2018-06-05T17:47:38","guid":{"rendered":"https:\/\/previews.elleven.digital\/acocearense\/?post_type=noticia&#038;p=1771"},"modified":"2025-05-07T14:48:37","modified_gmt":"2025-05-07T17:48:37","slug":"aco-cearense-realiza-capacitacoes-para-equipe-de-operacao-com-foco-em-manutencao-de-equipamentos","status":"publish","type":"noticia","link":"https:\/\/previews.elleven.digital\/acocearense\/noticia\/aco-cearense-realiza-capacitacoes-para-equipe-de-operacao-com-foco-em-manutencao-de-equipamentos\/","title":{"rendered":"A\u00e7o Cearense realiza capacita\u00e7\u00f5es para equipe de opera\u00e7\u00e3o com foco em manuten\u00e7\u00e3o de equipamentos"},"content":{"rendered":"<p>Mais de 60 colaboradores da \u00e1rea de produ\u00e7\u00e3o e manuten\u00e7\u00e3o da A\u00e7o Cearense conquistaram a certifica\u00e7\u00e3o em Manuten\u00e7\u00e3o Aut\u00f4noma em curso promovido pela empresa. Na \u00faltima segunda-feira (28), a companhia realizou o encerramento do projeto que procura\u00a0<strong>desenvolver em seus colaboradores o senso de melhoria cont\u00ednua- e o aumento de confiabilidade com foco na manuten\u00e7\u00e3o de seus equipamentos de trabalho.<\/strong><\/p>\n<p><img loading=\"lazy\" decoding=\"async\" class=\"aligncenter wp-image-3013 size-full\" src=\"https:\/\/previews.elleven.digital\/acocearense\/wp-content\/uploads\/2018\/06\/A%C3%A7o-Cearense-Curso.jpg\" sizes=\"auto, (max-width: 3580px) 100vw, 3580px\" srcset=\"https:\/\/previews.elleven.digital\/acocearense\/wp-content\/uploads\/2018\/06\/A\u00e7o-Cearense-Curso.jpg 3580w, https:\/\/previews.elleven.digital\/acocearense\/wp-content\/uploads\/2018\/06\/A\u00e7o-Cearense-Curso-300x225.jpg 300w, https:\/\/previews.elleven.digital\/acocearense\/wp-content\/uploads\/2018\/06\/A\u00e7o-Cearense-Curso-768x576.jpg 768w, https:\/\/previews.elleven.digital\/acocearense\/wp-content\/uploads\/2018\/06\/A\u00e7o-Cearense-Curso-1024x768.jpg 1024w\" alt=\"Grupo a\u00e7o cearense ap\u00f3s curso\" width=\"3580\" height=\"2685\" \/><\/p>\n<h2>Como funcionou o curso<\/h2>\n<p>Durante dois meses, colaboradores que t\u00eam contato direto com m\u00e1quinas participaram de treinamentos. Esses treinamentos t\u00eam objetivo de capacit\u00e1-los para inspecionar, identificar e solucionar pequenas falhas e anormalidades em seus equipamentos de trabalho. A busca pelo estado ideal da m\u00e1quina, por meio da identifica\u00e7\u00e3o de pequenos problemas, da restaura\u00e7\u00e3o e de uma gest\u00e3o apropriada, exige uma postura proativa na preven\u00e7\u00e3o desses problemas.<\/p>\n<p>A sinaliza\u00e7\u00e3o precoce de uma falha contribui efetivamente para a seguran\u00e7a de quem opera o equipamento. Gustavo da Silva, operador da \u00e1rea de Inox, v\u00ea o projeto como um incentivo para o aprendizado. \u201cEsses treinamentos e essa \u2018liberdade\u2019 que a empresa nos d\u00e1 significa confian\u00e7a no trabalho que realizamos\u201d, afirma o operador que est\u00e1 na A\u00e7o Cearense h\u00e1 13 anos. \u201cS\u00e3o em momentos como esse que vemos como o nosso trabalho \u00e9 v\u00e1lido. Depois de fazer parte do projeto de Manuten\u00e7\u00e3o Aut\u00f4noma abri os olhos para outras possibilidades\u201d, complementa o colaborador.<\/p>\n","protected":false},"featured_media":1755,"template":"","meta":{"_acf_changed":false,"inline_featured_image":false},"categoria-noticia":[],"class_list":["post-1771","noticia","type-noticia","status-publish","has-post-thumbnail","hentry"],"acf":{"link":""},"yoast_head":"<!-- This site is optimized with the Yoast SEO plugin v25.9 - https:\/\/yoast.com\/wordpress\/plugins\/seo\/ -->\n<title>A\u00e7o Cearense realiza capacita\u00e7\u00f5es para equipe de opera\u00e7\u00e3o com foco em manuten\u00e7\u00e3o de equipamentos - Grupo A\u00e7o Cearense<\/title>\n<meta name=\"robots\" content=\"index, follow, max-snippet:-1, max-image-preview:large, max-video-preview:-1\" \/>\n<link rel=\"canonical\" href=\"https:\/\/previews.elleven.digital\/acocearense\/noticia\/aco-cearense-realiza-capacitacoes-para-equipe-de-operacao-com-foco-em-manutencao-de-equipamentos\/\" \/>\n<meta property=\"og:locale\" content=\"pt_BR\" \/>\n<meta property=\"og:type\" content=\"article\" \/>\n<meta property=\"og:title\" content=\"A\u00e7o Cearense realiza capacita\u00e7\u00f5es para equipe de opera\u00e7\u00e3o com foco em manuten\u00e7\u00e3o de equipamentos - Grupo A\u00e7o Cearense\" \/>\n<meta property=\"og:description\" content=\"Mais de 60 colaboradores da \u00e1rea de produ\u00e7\u00e3o e manuten\u00e7\u00e3o da A\u00e7o Cearense conquistaram a(...)\" \/>\n<meta property=\"og:url\" content=\"https:\/\/previews.elleven.digital\/acocearense\/noticia\/aco-cearense-realiza-capacitacoes-para-equipe-de-operacao-com-foco-em-manutencao-de-equipamentos\/\" \/>\n<meta property=\"og:site_name\" content=\"Grupo A\u00e7o Cearense\" \/>\n<meta property=\"article:modified_time\" content=\"2025-05-07T17:48:37+00:00\" \/>\n<meta property=\"og:image\" content=\"https:\/\/previews.elleven.digital\/acocearense\/wp-content\/uploads\/2025\/05\/Aco-Cearense-Curso-scaled.jpg\" \/>\n\t<meta property=\"og:image:width\" content=\"2560\" \/>\n\t<meta property=\"og:image:height\" content=\"1920\" \/>\n\t<meta property=\"og:image:type\" content=\"image\/jpeg\" \/>\n<meta name=\"twitter:card\" content=\"summary_large_image\" \/>\n<meta name=\"twitter:label1\" content=\"Est. tempo de leitura\" \/>\n\t<meta name=\"twitter:data1\" content=\"2 minutos\" \/>\n<script type=\"application\/ld+json\" class=\"yoast-schema-graph\">{\"@context\":\"https:\/\/schema.org\",\"@graph\":[{\"@type\":\"WebPage\",\"@id\":\"https:\/\/previews.elleven.digital\/acocearense\/noticia\/aco-cearense-realiza-capacitacoes-para-equipe-de-operacao-com-foco-em-manutencao-de-equipamentos\/\",\"url\":\"https:\/\/previews.elleven.digital\/acocearense\/noticia\/aco-cearense-realiza-capacitacoes-para-equipe-de-operacao-com-foco-em-manutencao-de-equipamentos\/\",\"name\":\"A\u00e7o Cearense realiza capacita\u00e7\u00f5es para equipe de opera\u00e7\u00e3o com foco em manuten\u00e7\u00e3o de equipamentos - Grupo A\u00e7o Cearense\",\"isPartOf\":{\"@id\":\"https:\/\/previews.elleven.digital\/acocearense\/#website\"},\"primaryImageOfPage\":{\"@id\":\"https:\/\/previews.elleven.digital\/acocearense\/noticia\/aco-cearense-realiza-capacitacoes-para-equipe-de-operacao-com-foco-em-manutencao-de-equipamentos\/#primaryimage\"},\"image\":{\"@id\":\"https:\/\/previews.elleven.digital\/acocearense\/noticia\/aco-cearense-realiza-capacitacoes-para-equipe-de-operacao-com-foco-em-manutencao-de-equipamentos\/#primaryimage\"},\"thumbnailUrl\":\"https:\/\/previews.elleven.digital\/acocearense\/wp-content\/uploads\/2025\/05\/Aco-Cearense-Curso-scaled.jpg\",\"datePublished\":\"2018-06-05T17:47:38+00:00\",\"dateModified\":\"2025-05-07T17:48:37+00:00\",\"breadcrumb\":{\"@id\":\"https:\/\/previews.elleven.digital\/acocearense\/noticia\/aco-cearense-realiza-capacitacoes-para-equipe-de-operacao-com-foco-em-manutencao-de-equipamentos\/#breadcrumb\"},\"inLanguage\":\"pt-BR\",\"potentialAction\":[{\"@type\":\"ReadAction\",\"target\":[\"https:\/\/previews.elleven.digital\/acocearense\/noticia\/aco-cearense-realiza-capacitacoes-para-equipe-de-operacao-com-foco-em-manutencao-de-equipamentos\/\"]}]},{\"@type\":\"ImageObject\",\"inLanguage\":\"pt-BR\",\"@id\":\"https:\/\/previews.elleven.digital\/acocearense\/noticia\/aco-cearense-realiza-capacitacoes-para-equipe-de-operacao-com-foco-em-manutencao-de-equipamentos\/#primaryimage\",\"url\":\"https:\/\/previews.elleven.digital\/acocearense\/wp-content\/uploads\/2025\/05\/Aco-Cearense-Curso-scaled.jpg\",\"contentUrl\":\"https:\/\/previews.elleven.digital\/acocearense\/wp-content\/uploads\/2025\/05\/Aco-Cearense-Curso-scaled.jpg\",\"width\":2560,\"height\":1920},{\"@type\":\"BreadcrumbList\",\"@id\":\"https:\/\/previews.elleven.digital\/acocearense\/noticia\/aco-cearense-realiza-capacitacoes-para-equipe-de-operacao-com-foco-em-manutencao-de-equipamentos\/#breadcrumb\",\"itemListElement\":[{\"@type\":\"ListItem\",\"position\":1,\"name\":\"In\u00edcio\",\"item\":\"https:\/\/previews.elleven.digital\/acocearense\/\"},{\"@type\":\"ListItem\",\"position\":2,\"name\":\"Not\u00edcias\",\"item\":\"https:\/\/previews.elleven.digital\/acocearense\/noticias\/\"},{\"@type\":\"ListItem\",\"position\":3,\"name\":\"A\u00e7o Cearense realiza capacita\u00e7\u00f5es para equipe de opera\u00e7\u00e3o com foco em manuten\u00e7\u00e3o de equipamentos\"}]},{\"@type\":\"WebSite\",\"@id\":\"https:\/\/previews.elleven.digital\/acocearense\/#website\",\"url\":\"https:\/\/previews.elleven.digital\/acocearense\/\",\"name\":\"A\u00e7o Cearense\",\"description\":\"H\u00e1 mais de 45 anos no mercado brasileiro do a\u00e7o.\",\"alternateName\":\"A\u00e7o Cearense\",\"potentialAction\":[{\"@type\":\"SearchAction\",\"target\":{\"@type\":\"EntryPoint\",\"urlTemplate\":\"https:\/\/previews.elleven.digital\/acocearense\/?s={search_term_string}\"},\"query-input\":{\"@type\":\"PropertyValueSpecification\",\"valueRequired\":true,\"valueName\":\"search_term_string\"}}],\"inLanguage\":\"pt-BR\"}]}<\/script>\n<!-- \/ Yoast SEO plugin. -->","yoast_head_json":{"title":"A\u00e7o Cearense realiza capacita\u00e7\u00f5es para equipe de opera\u00e7\u00e3o com foco em manuten\u00e7\u00e3o de equipamentos - Grupo A\u00e7o Cearense","robots":{"index":"index","follow":"follow","max-snippet":"max-snippet:-1","max-image-preview":"max-image-preview:large","max-video-preview":"max-video-preview:-1"},"canonical":"https:\/\/previews.elleven.digital\/acocearense\/noticia\/aco-cearense-realiza-capacitacoes-para-equipe-de-operacao-com-foco-em-manutencao-de-equipamentos\/","og_locale":"pt_BR","og_type":"article","og_title":"A\u00e7o Cearense realiza capacita\u00e7\u00f5es para equipe de opera\u00e7\u00e3o com foco em manuten\u00e7\u00e3o de equipamentos - Grupo A\u00e7o Cearense","og_description":"Mais de 60 colaboradores da \u00e1rea de produ\u00e7\u00e3o e manuten\u00e7\u00e3o da A\u00e7o Cearense conquistaram a(...)","og_url":"https:\/\/previews.elleven.digital\/acocearense\/noticia\/aco-cearense-realiza-capacitacoes-para-equipe-de-operacao-com-foco-em-manutencao-de-equipamentos\/","og_site_name":"Grupo A\u00e7o Cearense","article_modified_time":"2025-05-07T17:48:37+00:00","og_image":[{"width":2560,"height":1920,"url":"https:\/\/previews.elleven.digital\/acocearense\/wp-content\/uploads\/2025\/05\/Aco-Cearense-Curso-scaled.jpg","type":"image\/jpeg"}],"twitter_card":"summary_large_image","twitter_misc":{"Est. tempo de leitura":"2 minutos"},"schema":{"@context":"https:\/\/schema.org","@graph":[{"@type":"WebPage","@id":"https:\/\/previews.elleven.digital\/acocearense\/noticia\/aco-cearense-realiza-capacitacoes-para-equipe-de-operacao-com-foco-em-manutencao-de-equipamentos\/","url":"https:\/\/previews.elleven.digital\/acocearense\/noticia\/aco-cearense-realiza-capacitacoes-para-equipe-de-operacao-com-foco-em-manutencao-de-equipamentos\/","name":"A\u00e7o Cearense realiza capacita\u00e7\u00f5es para equipe de opera\u00e7\u00e3o com foco em manuten\u00e7\u00e3o de equipamentos - Grupo A\u00e7o Cearense","isPartOf":{"@id":"https:\/\/previews.elleven.digital\/acocearense\/#website"},"primaryImageOfPage":{"@id":"https:\/\/previews.elleven.digital\/acocearense\/noticia\/aco-cearense-realiza-capacitacoes-para-equipe-de-operacao-com-foco-em-manutencao-de-equipamentos\/#primaryimage"},"image":{"@id":"https:\/\/previews.elleven.digital\/acocearense\/noticia\/aco-cearense-realiza-capacitacoes-para-equipe-de-operacao-com-foco-em-manutencao-de-equipamentos\/#primaryimage"},"thumbnailUrl":"https:\/\/previews.elleven.digital\/acocearense\/wp-content\/uploads\/2025\/05\/Aco-Cearense-Curso-scaled.jpg","datePublished":"2018-06-05T17:47:38+00:00","dateModified":"2025-05-07T17:48:37+00:00","breadcrumb":{"@id":"https:\/\/previews.elleven.digital\/acocearense\/noticia\/aco-cearense-realiza-capacitacoes-para-equipe-de-operacao-com-foco-em-manutencao-de-equipamentos\/#breadcrumb"},"inLanguage":"pt-BR","potentialAction":[{"@type":"ReadAction","target":["https:\/\/previews.elleven.digital\/acocearense\/noticia\/aco-cearense-realiza-capacitacoes-para-equipe-de-operacao-com-foco-em-manutencao-de-equipamentos\/"]}]},{"@type":"ImageObject","inLanguage":"pt-BR","@id":"https:\/\/previews.elleven.digital\/acocearense\/noticia\/aco-cearense-realiza-capacitacoes-para-equipe-de-operacao-com-foco-em-manutencao-de-equipamentos\/#primaryimage","url":"https:\/\/previews.elleven.digital\/acocearense\/wp-content\/uploads\/2025\/05\/Aco-Cearense-Curso-scaled.jpg","contentUrl":"https:\/\/previews.elleven.digital\/acocearense\/wp-content\/uploads\/2025\/05\/Aco-Cearense-Curso-scaled.jpg","width":2560,"height":1920},{"@type":"BreadcrumbList","@id":"https:\/\/previews.elleven.digital\/acocearense\/noticia\/aco-cearense-realiza-capacitacoes-para-equipe-de-operacao-com-foco-em-manutencao-de-equipamentos\/#breadcrumb","itemListElement":[{"@type":"ListItem","position":1,"name":"In\u00edcio","item":"https:\/\/previews.elleven.digital\/acocearense\/"},{"@type":"ListItem","position":2,"name":"Not\u00edcias","item":"https:\/\/previews.elleven.digital\/acocearense\/noticias\/"},{"@type":"ListItem","position":3,"name":"A\u00e7o Cearense realiza capacita\u00e7\u00f5es para equipe de opera\u00e7\u00e3o com foco em manuten\u00e7\u00e3o de equipamentos"}]},{"@type":"WebSite","@id":"https:\/\/previews.elleven.digital\/acocearense\/#website","url":"https:\/\/previews.elleven.digital\/acocearense\/","name":"A\u00e7o Cearense","description":"H\u00e1 mais de 45 anos no mercado brasileiro do a\u00e7o.","alternateName":"A\u00e7o Cearense","potentialAction":[{"@type":"SearchAction","target":{"@type":"EntryPoint","urlTemplate":"https:\/\/previews.elleven.digital\/acocearense\/?s={search_term_string}"},"query-input":{"@type":"PropertyValueSpecification","valueRequired":true,"valueName":"search_term_string"}}],"inLanguage":"pt-BR"}]}},"_links":{"self":[{"href":"https:\/\/previews.elleven.digital\/acocearense\/wp-json\/wp\/v2\/noticia\/1771","targetHints":{"allow":["GET"]}}],"collection":[{"href":"https:\/\/previews.elleven.digital\/acocearense\/wp-json\/wp\/v2\/noticia"}],"about":[{"href":"https:\/\/previews.elleven.digital\/acocearense\/wp-json\/wp\/v2\/types\/noticia"}],"wp:featuredmedia":[{"embeddable":true,"href":"https:\/\/previews.elleven.digital\/acocearense\/wp-json\/wp\/v2\/media\/1755"}],"wp:attachment":[{"href":"https:\/\/previews.elleven.digital\/acocearense\/wp-json\/wp\/v2\/media?parent=1771"}],"wp:term":[{"taxonomy":"categoria-noticia","embeddable":true,"href":"https:\/\/previews.elleven.digital\/acocearense\/wp-json\/wp\/v2\/categoria-noticia?post=1771"}],"curies":[{"name":"wp","href":"https:\/\/api.w.org\/{rel}","templated":true}]}}