{"id":1769,"date":"2018-05-16T14:46:25","date_gmt":"2018-05-16T17:46:25","guid":{"rendered":"https:\/\/previews.elleven.digital\/acocearense\/?post_type=noticia&#038;p=1769"},"modified":"2025-05-07T14:46:47","modified_gmt":"2025-05-07T17:46:47","slug":"grupo-aco-cearense-realiza-evento-sobre-seguranca-no-transporte-de-cargas","status":"publish","type":"noticia","link":"https:\/\/previews.elleven.digital\/acocearense\/noticia\/grupo-aco-cearense-realiza-evento-sobre-seguranca-no-transporte-de-cargas\/","title":{"rendered":"Grupo A\u00e7o Cearense realiza evento sobre seguran\u00e7a no transporte de cargas"},"content":{"rendered":"<p>Na tarde da \u00faltima sexta-feira (11), o Grupo A\u00e7o Cearense realizou o II Semin\u00e1rio de Seguran\u00e7a no Transporte de Cargas para empresas de log\u00edstica e estudantes do ramo. A a\u00e7\u00e3o aconteceu no audit\u00f3rio da Federa\u00e7\u00e3o das Ind\u00fastrias do Estado do Cear\u00e1 (FIEC).<\/p>\n<h3>Programa\u00e7\u00e3o do evento<\/h3>\n<p>Com o objetivo de reunir grandes empresas do mercado para realizar a troca de informa\u00e7\u00f5es em boas pr\u00e1ticas, com foco em seguran\u00e7a no transporte de cargas, a programa\u00e7\u00e3o contou com palestras do diretor de suprimentos e log\u00edstica do Grupo A\u00e7o Cearense, Edgard Corr\u00eaa; do Gerente de Log\u00edstica do Grupo Diageo, Marcos Minieri; dos Cabos da Pol\u00edcia Rodovi\u00e1ria Estadual, Saulo Daniel e Afr\u00e2nio Silva; e do Auditor Fiscal do Minist\u00e9rio do Trabalho e Emprego, Franklin Rabelo.<\/p>\n<h3>\u00a0\u201cOportunidade de poder compartilhar as nossas boas pr\u00e1ticas com outras empresas.\u201d<\/h3>\n<p>Segundo Edgard Corr\u00eaa, o semin\u00e1rio foi proposto pelo Grupo A\u00e7o Cearense para realizar uma troca de experi\u00eancias e contribuir com outras empresas do Estado. \u201cVimos uma oportunidade de poder compartilhar as nossas boas pr\u00e1ticas com outras empresas que participam tamb\u00e9m desse segmento no mercado, al\u00e9m de aprender um pouco com elas\u201d, afirmou.<\/p>\n","protected":false},"featured_media":1757,"template":"","meta":{"_acf_changed":false,"inline_featured_image":false},"categoria-noticia":[],"class_list":["post-1769","noticia","type-noticia","status-publish","has-post-thumbnail","hentry"],"acf":{"link":""},"yoast_head":"<!-- This site is optimized with the Yoast SEO plugin v25.9 - https:\/\/yoast.com\/wordpress\/plugins\/seo\/ -->\n<title>Grupo A\u00e7o Cearense realiza evento sobre seguran\u00e7a no transporte de cargas - Grupo A\u00e7o Cearense<\/title>\n<meta name=\"robots\" content=\"index, follow, max-snippet:-1, max-image-preview:large, max-video-preview:-1\" \/>\n<link rel=\"canonical\" href=\"https:\/\/previews.elleven.digital\/acocearense\/noticia\/grupo-aco-cearense-realiza-evento-sobre-seguranca-no-transporte-de-cargas\/\" \/>\n<meta property=\"og:locale\" content=\"pt_BR\" \/>\n<meta property=\"og:type\" content=\"article\" \/>\n<meta property=\"og:title\" content=\"Grupo A\u00e7o Cearense realiza evento sobre seguran\u00e7a no transporte de cargas - Grupo A\u00e7o Cearense\" \/>\n<meta property=\"og:description\" content=\"Na tarde da \u00faltima sexta-feira (11), o Grupo A\u00e7o Cearense realizou o II Semin\u00e1rio de(...)\" \/>\n<meta property=\"og:url\" content=\"https:\/\/previews.elleven.digital\/acocearense\/noticia\/grupo-aco-cearense-realiza-evento-sobre-seguranca-no-transporte-de-cargas\/\" \/>\n<meta property=\"og:site_name\" content=\"Grupo A\u00e7o Cearense\" \/>\n<meta property=\"article:modified_time\" content=\"2025-05-07T17:46:47+00:00\" \/>\n<meta property=\"og:image\" content=\"https:\/\/previews.elleven.digital\/acocearense\/wp-content\/uploads\/2025\/05\/DSC00911-2-1-scaled.jpg\" \/>\n\t<meta property=\"og:image:width\" content=\"2560\" \/>\n\t<meta property=\"og:image:height\" content=\"1920\" \/>\n\t<meta property=\"og:image:type\" content=\"image\/jpeg\" \/>\n<meta name=\"twitter:card\" content=\"summary_large_image\" \/>\n<meta name=\"twitter:label1\" content=\"Est. tempo de leitura\" \/>\n\t<meta name=\"twitter:data1\" content=\"2 minutos\" \/>\n<script type=\"application\/ld+json\" class=\"yoast-schema-graph\">{\"@context\":\"https:\/\/schema.org\",\"@graph\":[{\"@type\":\"WebPage\",\"@id\":\"https:\/\/previews.elleven.digital\/acocearense\/noticia\/grupo-aco-cearense-realiza-evento-sobre-seguranca-no-transporte-de-cargas\/\",\"url\":\"https:\/\/previews.elleven.digital\/acocearense\/noticia\/grupo-aco-cearense-realiza-evento-sobre-seguranca-no-transporte-de-cargas\/\",\"name\":\"Grupo A\u00e7o Cearense realiza evento sobre seguran\u00e7a no transporte de cargas - Grupo A\u00e7o Cearense\",\"isPartOf\":{\"@id\":\"https:\/\/previews.elleven.digital\/acocearense\/#website\"},\"primaryImageOfPage\":{\"@id\":\"https:\/\/previews.elleven.digital\/acocearense\/noticia\/grupo-aco-cearense-realiza-evento-sobre-seguranca-no-transporte-de-cargas\/#primaryimage\"},\"image\":{\"@id\":\"https:\/\/previews.elleven.digital\/acocearense\/noticia\/grupo-aco-cearense-realiza-evento-sobre-seguranca-no-transporte-de-cargas\/#primaryimage\"},\"thumbnailUrl\":\"https:\/\/previews.elleven.digital\/acocearense\/wp-content\/uploads\/2025\/05\/DSC00911-2-1-scaled.jpg\",\"datePublished\":\"2018-05-16T17:46:25+00:00\",\"dateModified\":\"2025-05-07T17:46:47+00:00\",\"breadcrumb\":{\"@id\":\"https:\/\/previews.elleven.digital\/acocearense\/noticia\/grupo-aco-cearense-realiza-evento-sobre-seguranca-no-transporte-de-cargas\/#breadcrumb\"},\"inLanguage\":\"pt-BR\",\"potentialAction\":[{\"@type\":\"ReadAction\",\"target\":[\"https:\/\/previews.elleven.digital\/acocearense\/noticia\/grupo-aco-cearense-realiza-evento-sobre-seguranca-no-transporte-de-cargas\/\"]}]},{\"@type\":\"ImageObject\",\"inLanguage\":\"pt-BR\",\"@id\":\"https:\/\/previews.elleven.digital\/acocearense\/noticia\/grupo-aco-cearense-realiza-evento-sobre-seguranca-no-transporte-de-cargas\/#primaryimage\",\"url\":\"https:\/\/previews.elleven.digital\/acocearense\/wp-content\/uploads\/2025\/05\/DSC00911-2-1-scaled.jpg\",\"contentUrl\":\"https:\/\/previews.elleven.digital\/acocearense\/wp-content\/uploads\/2025\/05\/DSC00911-2-1-scaled.jpg\",\"width\":2560,\"height\":1920},{\"@type\":\"BreadcrumbList\",\"@id\":\"https:\/\/previews.elleven.digital\/acocearense\/noticia\/grupo-aco-cearense-realiza-evento-sobre-seguranca-no-transporte-de-cargas\/#breadcrumb\",\"itemListElement\":[{\"@type\":\"ListItem\",\"position\":1,\"name\":\"In\u00edcio\",\"item\":\"https:\/\/previews.elleven.digital\/acocearense\/\"},{\"@type\":\"ListItem\",\"position\":2,\"name\":\"Not\u00edcias\",\"item\":\"https:\/\/previews.elleven.digital\/acocearense\/noticias\/\"},{\"@type\":\"ListItem\",\"position\":3,\"name\":\"Grupo A\u00e7o Cearense realiza evento sobre seguran\u00e7a no transporte de cargas\"}]},{\"@type\":\"WebSite\",\"@id\":\"https:\/\/previews.elleven.digital\/acocearense\/#website\",\"url\":\"https:\/\/previews.elleven.digital\/acocearense\/\",\"name\":\"A\u00e7o Cearense\",\"description\":\"H\u00e1 mais de 45 anos no mercado brasileiro do a\u00e7o.\",\"alternateName\":\"A\u00e7o Cearense\",\"potentialAction\":[{\"@type\":\"SearchAction\",\"target\":{\"@type\":\"EntryPoint\",\"urlTemplate\":\"https:\/\/previews.elleven.digital\/acocearense\/?s={search_term_string}\"},\"query-input\":{\"@type\":\"PropertyValueSpecification\",\"valueRequired\":true,\"valueName\":\"search_term_string\"}}],\"inLanguage\":\"pt-BR\"}]}<\/script>\n<!-- \/ Yoast SEO plugin. -->","yoast_head_json":{"title":"Grupo A\u00e7o Cearense realiza evento sobre seguran\u00e7a no transporte de cargas - Grupo A\u00e7o Cearense","robots":{"index":"index","follow":"follow","max-snippet":"max-snippet:-1","max-image-preview":"max-image-preview:large","max-video-preview":"max-video-preview:-1"},"canonical":"https:\/\/previews.elleven.digital\/acocearense\/noticia\/grupo-aco-cearense-realiza-evento-sobre-seguranca-no-transporte-de-cargas\/","og_locale":"pt_BR","og_type":"article","og_title":"Grupo A\u00e7o Cearense realiza evento sobre seguran\u00e7a no transporte de cargas - Grupo A\u00e7o Cearense","og_description":"Na tarde da \u00faltima sexta-feira (11), o Grupo A\u00e7o Cearense realizou o II Semin\u00e1rio de(...)","og_url":"https:\/\/previews.elleven.digital\/acocearense\/noticia\/grupo-aco-cearense-realiza-evento-sobre-seguranca-no-transporte-de-cargas\/","og_site_name":"Grupo A\u00e7o Cearense","article_modified_time":"2025-05-07T17:46:47+00:00","og_image":[{"width":2560,"height":1920,"url":"https:\/\/previews.elleven.digital\/acocearense\/wp-content\/uploads\/2025\/05\/DSC00911-2-1-scaled.jpg","type":"image\/jpeg"}],"twitter_card":"summary_large_image","twitter_misc":{"Est. tempo de leitura":"2 minutos"},"schema":{"@context":"https:\/\/schema.org","@graph":[{"@type":"WebPage","@id":"https:\/\/previews.elleven.digital\/acocearense\/noticia\/grupo-aco-cearense-realiza-evento-sobre-seguranca-no-transporte-de-cargas\/","url":"https:\/\/previews.elleven.digital\/acocearense\/noticia\/grupo-aco-cearense-realiza-evento-sobre-seguranca-no-transporte-de-cargas\/","name":"Grupo A\u00e7o Cearense realiza evento sobre seguran\u00e7a no transporte de cargas - Grupo A\u00e7o Cearense","isPartOf":{"@id":"https:\/\/previews.elleven.digital\/acocearense\/#website"},"primaryImageOfPage":{"@id":"https:\/\/previews.elleven.digital\/acocearense\/noticia\/grupo-aco-cearense-realiza-evento-sobre-seguranca-no-transporte-de-cargas\/#primaryimage"},"image":{"@id":"https:\/\/previews.elleven.digital\/acocearense\/noticia\/grupo-aco-cearense-realiza-evento-sobre-seguranca-no-transporte-de-cargas\/#primaryimage"},"thumbnailUrl":"https:\/\/previews.elleven.digital\/acocearense\/wp-content\/uploads\/2025\/05\/DSC00911-2-1-scaled.jpg","datePublished":"2018-05-16T17:46:25+00:00","dateModified":"2025-05-07T17:46:47+00:00","breadcrumb":{"@id":"https:\/\/previews.elleven.digital\/acocearense\/noticia\/grupo-aco-cearense-realiza-evento-sobre-seguranca-no-transporte-de-cargas\/#breadcrumb"},"inLanguage":"pt-BR","potentialAction":[{"@type":"ReadAction","target":["https:\/\/previews.elleven.digital\/acocearense\/noticia\/grupo-aco-cearense-realiza-evento-sobre-seguranca-no-transporte-de-cargas\/"]}]},{"@type":"ImageObject","inLanguage":"pt-BR","@id":"https:\/\/previews.elleven.digital\/acocearense\/noticia\/grupo-aco-cearense-realiza-evento-sobre-seguranca-no-transporte-de-cargas\/#primaryimage","url":"https:\/\/previews.elleven.digital\/acocearense\/wp-content\/uploads\/2025\/05\/DSC00911-2-1-scaled.jpg","contentUrl":"https:\/\/previews.elleven.digital\/acocearense\/wp-content\/uploads\/2025\/05\/DSC00911-2-1-scaled.jpg","width":2560,"height":1920},{"@type":"BreadcrumbList","@id":"https:\/\/previews.elleven.digital\/acocearense\/noticia\/grupo-aco-cearense-realiza-evento-sobre-seguranca-no-transporte-de-cargas\/#breadcrumb","itemListElement":[{"@type":"ListItem","position":1,"name":"In\u00edcio","item":"https:\/\/previews.elleven.digital\/acocearense\/"},{"@type":"ListItem","position":2,"name":"Not\u00edcias","item":"https:\/\/previews.elleven.digital\/acocearense\/noticias\/"},{"@type":"ListItem","position":3,"name":"Grupo A\u00e7o Cearense realiza evento sobre seguran\u00e7a no transporte de cargas"}]},{"@type":"WebSite","@id":"https:\/\/previews.elleven.digital\/acocearense\/#website","url":"https:\/\/previews.elleven.digital\/acocearense\/","name":"A\u00e7o Cearense","description":"H\u00e1 mais de 45 anos no mercado brasileiro do a\u00e7o.","alternateName":"A\u00e7o Cearense","potentialAction":[{"@type":"SearchAction","target":{"@type":"EntryPoint","urlTemplate":"https:\/\/previews.elleven.digital\/acocearense\/?s={search_term_string}"},"query-input":{"@type":"PropertyValueSpecification","valueRequired":true,"valueName":"search_term_string"}}],"inLanguage":"pt-BR"}]}},"_links":{"self":[{"href":"https:\/\/previews.elleven.digital\/acocearense\/wp-json\/wp\/v2\/noticia\/1769","targetHints":{"allow":["GET"]}}],"collection":[{"href":"https:\/\/previews.elleven.digital\/acocearense\/wp-json\/wp\/v2\/noticia"}],"about":[{"href":"https:\/\/previews.elleven.digital\/acocearense\/wp-json\/wp\/v2\/types\/noticia"}],"wp:featuredmedia":[{"embeddable":true,"href":"https:\/\/previews.elleven.digital\/acocearense\/wp-json\/wp\/v2\/media\/1757"}],"wp:attachment":[{"href":"https:\/\/previews.elleven.digital\/acocearense\/wp-json\/wp\/v2\/media?parent=1769"}],"wp:term":[{"taxonomy":"categoria-noticia","embeddable":true,"href":"https:\/\/previews.elleven.digital\/acocearense\/wp-json\/wp\/v2\/categoria-noticia?post=1769"}],"curies":[{"name":"wp","href":"https:\/\/api.w.org\/{rel}","templated":true}]}}