{"id":1767,"date":"2018-05-15T14:45:20","date_gmt":"2018-05-15T17:45:20","guid":{"rendered":"https:\/\/previews.elleven.digital\/acocearense\/?post_type=noticia&#038;p=1767"},"modified":"2025-05-07T14:45:44","modified_gmt":"2025-05-07T17:45:44","slug":"aline-ferreira-destaca-trajetoria-empreendedora-em-mentoria-para-o-lide-ceara","status":"publish","type":"noticia","link":"https:\/\/previews.elleven.digital\/acocearense\/noticia\/aline-ferreira-destaca-trajetoria-empreendedora-em-mentoria-para-o-lide-ceara\/","title":{"rendered":"Aline Ferreira destaca trajet\u00f3ria empreendedora em mentoria para o LIDE Cear\u00e1"},"content":{"rendered":"<p>A vice-presidente do\u00a0<strong>Grupo A\u00e7o Cearense<\/strong>, Aline Ferreira, comandou uma mentoria para empres\u00e1rios filiados ao Grupo de L\u00edderes Empresariais do Cear\u00e1 \u2013 LIDE Cear\u00e1, na \u00faltima sexta-feira (11). Na ocasi\u00e3o, ela ressaltou os desafios que enfrentou ao longo de sua trajet\u00f3ria como empreendedora. O encontro foi articulado pela presidente do LIDE Cear\u00e1, Em\u00edlia Buarque, e pela diretora do LIDE Mulher, Luciana Colares.<\/p>\n<p>Aline Ferreira falou sobre a trajet\u00f3ria do pai Vilmar Ferreira, fundador do Grupo, do crescimento das empresas, dos desafios da sucess\u00e3o e da sua gest\u00e3o \u00e0 frente da Vice-Presid\u00eancia Comercial e Financeira. Disse que precisou demonstrar sua capacidade, passando por diversas \u00e1reas da companhia at\u00e9 chegar ao posto que ocupa atualmente. Al\u00e9m de vice-presidente do grupo, Aline Ferreira \u00e9 diretora do Lide Ind\u00fastria Cear\u00e1 e embaixadora da Endeavor Brasil (organiza\u00e7\u00e3o l\u00edder no apoio a empreendedores de alto impacto ao redor do mundo). Em seu curr\u00edculo constam gradua\u00e7\u00e3o em Administra\u00e7\u00e3o de Empresas pela UNIFOR, cursos de extens\u00e3o Programa de Desenvolvimento de Conselheiros (FDC) e Programa de Capacita\u00e7\u00e3o Gerencial (Instituto FA7\/IPL). \u00c9 executiva com s\u00f3lida experi\u00eancia em Siderurgia e Metalurgia, no desenvolvimento de equipes e gest\u00e3o administrativa e comercial.<\/p>\n<p>O LIDE CEAR\u00c1 \u00e9 um grupo de l\u00edderes empresariais multisetorial, independente, apartid\u00e1rio, com alta conectividade e com foco no desenvolvimento s\u00f3cio-econ\u00f4mico. O objetivo do grupo \u00e9 ampliar o ambiente de neg\u00f3cios e oportunidades, conectando e dando proje\u00e7\u00e3o para as empresas, debatendo temas diversos, influenciando e defendendo posicionamentos. Possui agenda mensal, de fevereiro a novembro, com conte\u00fado de alt\u00edssimo n\u00edvel, acesso aos principais expoentes do pa\u00eds seja no campo empresarial e do poder p\u00fablico, como tamb\u00e9m se destaca pela excel\u00eancia dos encontros.<\/p>\n","protected":false},"featured_media":1759,"template":"","meta":{"_acf_changed":false,"inline_featured_image":false},"categoria-noticia":[],"class_list":["post-1767","noticia","type-noticia","status-publish","has-post-thumbnail","hentry"],"acf":{"link":""},"yoast_head":"<!-- This site is optimized with the Yoast SEO plugin v25.9 - https:\/\/yoast.com\/wordpress\/plugins\/seo\/ -->\n<title>Aline Ferreira destaca trajet\u00f3ria empreendedora em mentoria para o LIDE Cear\u00e1 - Grupo A\u00e7o Cearense<\/title>\n<meta name=\"robots\" content=\"index, follow, max-snippet:-1, max-image-preview:large, max-video-preview:-1\" \/>\n<link rel=\"canonical\" href=\"https:\/\/previews.elleven.digital\/acocearense\/noticia\/aline-ferreira-destaca-trajetoria-empreendedora-em-mentoria-para-o-lide-ceara\/\" \/>\n<meta property=\"og:locale\" content=\"pt_BR\" \/>\n<meta property=\"og:type\" content=\"article\" \/>\n<meta property=\"og:title\" content=\"Aline Ferreira destaca trajet\u00f3ria empreendedora em mentoria para o LIDE Cear\u00e1 - Grupo A\u00e7o Cearense\" \/>\n<meta property=\"og:description\" content=\"A vice-presidente do\u00a0Grupo A\u00e7o Cearense, Aline Ferreira, comandou uma mentoria para empres\u00e1rios filiados ao Grupo(...)\" \/>\n<meta property=\"og:url\" content=\"https:\/\/previews.elleven.digital\/acocearense\/noticia\/aline-ferreira-destaca-trajetoria-empreendedora-em-mentoria-para-o-lide-ceara\/\" \/>\n<meta property=\"og:site_name\" content=\"Grupo A\u00e7o Cearense\" \/>\n<meta property=\"article:modified_time\" content=\"2025-05-07T17:45:44+00:00\" \/>\n<meta property=\"og:image\" content=\"https:\/\/previews.elleven.digital\/acocearense\/wp-content\/uploads\/2025\/05\/DSC09647-1-768x432-1.jpg\" \/>\n\t<meta property=\"og:image:width\" content=\"768\" \/>\n\t<meta property=\"og:image:height\" content=\"432\" \/>\n\t<meta property=\"og:image:type\" content=\"image\/jpeg\" \/>\n<meta name=\"twitter:card\" content=\"summary_large_image\" \/>\n<meta name=\"twitter:label1\" content=\"Est. tempo de leitura\" \/>\n\t<meta name=\"twitter:data1\" content=\"2 minutos\" \/>\n<script type=\"application\/ld+json\" class=\"yoast-schema-graph\">{\"@context\":\"https:\/\/schema.org\",\"@graph\":[{\"@type\":\"WebPage\",\"@id\":\"https:\/\/previews.elleven.digital\/acocearense\/noticia\/aline-ferreira-destaca-trajetoria-empreendedora-em-mentoria-para-o-lide-ceara\/\",\"url\":\"https:\/\/previews.elleven.digital\/acocearense\/noticia\/aline-ferreira-destaca-trajetoria-empreendedora-em-mentoria-para-o-lide-ceara\/\",\"name\":\"Aline Ferreira destaca trajet\u00f3ria empreendedora em mentoria para o LIDE Cear\u00e1 - Grupo A\u00e7o Cearense\",\"isPartOf\":{\"@id\":\"https:\/\/previews.elleven.digital\/acocearense\/#website\"},\"primaryImageOfPage\":{\"@id\":\"https:\/\/previews.elleven.digital\/acocearense\/noticia\/aline-ferreira-destaca-trajetoria-empreendedora-em-mentoria-para-o-lide-ceara\/#primaryimage\"},\"image\":{\"@id\":\"https:\/\/previews.elleven.digital\/acocearense\/noticia\/aline-ferreira-destaca-trajetoria-empreendedora-em-mentoria-para-o-lide-ceara\/#primaryimage\"},\"thumbnailUrl\":\"https:\/\/previews.elleven.digital\/acocearense\/wp-content\/uploads\/2025\/05\/DSC09647-1-768x432-1.jpg\",\"datePublished\":\"2018-05-15T17:45:20+00:00\",\"dateModified\":\"2025-05-07T17:45:44+00:00\",\"breadcrumb\":{\"@id\":\"https:\/\/previews.elleven.digital\/acocearense\/noticia\/aline-ferreira-destaca-trajetoria-empreendedora-em-mentoria-para-o-lide-ceara\/#breadcrumb\"},\"inLanguage\":\"pt-BR\",\"potentialAction\":[{\"@type\":\"ReadAction\",\"target\":[\"https:\/\/previews.elleven.digital\/acocearense\/noticia\/aline-ferreira-destaca-trajetoria-empreendedora-em-mentoria-para-o-lide-ceara\/\"]}]},{\"@type\":\"ImageObject\",\"inLanguage\":\"pt-BR\",\"@id\":\"https:\/\/previews.elleven.digital\/acocearense\/noticia\/aline-ferreira-destaca-trajetoria-empreendedora-em-mentoria-para-o-lide-ceara\/#primaryimage\",\"url\":\"https:\/\/previews.elleven.digital\/acocearense\/wp-content\/uploads\/2025\/05\/DSC09647-1-768x432-1.jpg\",\"contentUrl\":\"https:\/\/previews.elleven.digital\/acocearense\/wp-content\/uploads\/2025\/05\/DSC09647-1-768x432-1.jpg\",\"width\":768,\"height\":432},{\"@type\":\"BreadcrumbList\",\"@id\":\"https:\/\/previews.elleven.digital\/acocearense\/noticia\/aline-ferreira-destaca-trajetoria-empreendedora-em-mentoria-para-o-lide-ceara\/#breadcrumb\",\"itemListElement\":[{\"@type\":\"ListItem\",\"position\":1,\"name\":\"In\u00edcio\",\"item\":\"https:\/\/previews.elleven.digital\/acocearense\/\"},{\"@type\":\"ListItem\",\"position\":2,\"name\":\"Not\u00edcias\",\"item\":\"https:\/\/previews.elleven.digital\/acocearense\/noticias\/\"},{\"@type\":\"ListItem\",\"position\":3,\"name\":\"Aline Ferreira destaca trajet\u00f3ria empreendedora em mentoria para o LIDE Cear\u00e1\"}]},{\"@type\":\"WebSite\",\"@id\":\"https:\/\/previews.elleven.digital\/acocearense\/#website\",\"url\":\"https:\/\/previews.elleven.digital\/acocearense\/\",\"name\":\"A\u00e7o Cearense\",\"description\":\"H\u00e1 mais de 45 anos no mercado brasileiro do a\u00e7o.\",\"alternateName\":\"A\u00e7o Cearense\",\"potentialAction\":[{\"@type\":\"SearchAction\",\"target\":{\"@type\":\"EntryPoint\",\"urlTemplate\":\"https:\/\/previews.elleven.digital\/acocearense\/?s={search_term_string}\"},\"query-input\":{\"@type\":\"PropertyValueSpecification\",\"valueRequired\":true,\"valueName\":\"search_term_string\"}}],\"inLanguage\":\"pt-BR\"}]}<\/script>\n<!-- \/ Yoast SEO plugin. -->","yoast_head_json":{"title":"Aline Ferreira destaca trajet\u00f3ria empreendedora em mentoria para o LIDE Cear\u00e1 - Grupo A\u00e7o Cearense","robots":{"index":"index","follow":"follow","max-snippet":"max-snippet:-1","max-image-preview":"max-image-preview:large","max-video-preview":"max-video-preview:-1"},"canonical":"https:\/\/previews.elleven.digital\/acocearense\/noticia\/aline-ferreira-destaca-trajetoria-empreendedora-em-mentoria-para-o-lide-ceara\/","og_locale":"pt_BR","og_type":"article","og_title":"Aline Ferreira destaca trajet\u00f3ria empreendedora em mentoria para o LIDE Cear\u00e1 - Grupo A\u00e7o Cearense","og_description":"A vice-presidente do\u00a0Grupo A\u00e7o Cearense, Aline Ferreira, comandou uma mentoria para empres\u00e1rios filiados ao Grupo(...)","og_url":"https:\/\/previews.elleven.digital\/acocearense\/noticia\/aline-ferreira-destaca-trajetoria-empreendedora-em-mentoria-para-o-lide-ceara\/","og_site_name":"Grupo A\u00e7o Cearense","article_modified_time":"2025-05-07T17:45:44+00:00","og_image":[{"width":768,"height":432,"url":"https:\/\/previews.elleven.digital\/acocearense\/wp-content\/uploads\/2025\/05\/DSC09647-1-768x432-1.jpg","type":"image\/jpeg"}],"twitter_card":"summary_large_image","twitter_misc":{"Est. tempo de leitura":"2 minutos"},"schema":{"@context":"https:\/\/schema.org","@graph":[{"@type":"WebPage","@id":"https:\/\/previews.elleven.digital\/acocearense\/noticia\/aline-ferreira-destaca-trajetoria-empreendedora-em-mentoria-para-o-lide-ceara\/","url":"https:\/\/previews.elleven.digital\/acocearense\/noticia\/aline-ferreira-destaca-trajetoria-empreendedora-em-mentoria-para-o-lide-ceara\/","name":"Aline Ferreira destaca trajet\u00f3ria empreendedora em mentoria para o LIDE Cear\u00e1 - Grupo A\u00e7o Cearense","isPartOf":{"@id":"https:\/\/previews.elleven.digital\/acocearense\/#website"},"primaryImageOfPage":{"@id":"https:\/\/previews.elleven.digital\/acocearense\/noticia\/aline-ferreira-destaca-trajetoria-empreendedora-em-mentoria-para-o-lide-ceara\/#primaryimage"},"image":{"@id":"https:\/\/previews.elleven.digital\/acocearense\/noticia\/aline-ferreira-destaca-trajetoria-empreendedora-em-mentoria-para-o-lide-ceara\/#primaryimage"},"thumbnailUrl":"https:\/\/previews.elleven.digital\/acocearense\/wp-content\/uploads\/2025\/05\/DSC09647-1-768x432-1.jpg","datePublished":"2018-05-15T17:45:20+00:00","dateModified":"2025-05-07T17:45:44+00:00","breadcrumb":{"@id":"https:\/\/previews.elleven.digital\/acocearense\/noticia\/aline-ferreira-destaca-trajetoria-empreendedora-em-mentoria-para-o-lide-ceara\/#breadcrumb"},"inLanguage":"pt-BR","potentialAction":[{"@type":"ReadAction","target":["https:\/\/previews.elleven.digital\/acocearense\/noticia\/aline-ferreira-destaca-trajetoria-empreendedora-em-mentoria-para-o-lide-ceara\/"]}]},{"@type":"ImageObject","inLanguage":"pt-BR","@id":"https:\/\/previews.elleven.digital\/acocearense\/noticia\/aline-ferreira-destaca-trajetoria-empreendedora-em-mentoria-para-o-lide-ceara\/#primaryimage","url":"https:\/\/previews.elleven.digital\/acocearense\/wp-content\/uploads\/2025\/05\/DSC09647-1-768x432-1.jpg","contentUrl":"https:\/\/previews.elleven.digital\/acocearense\/wp-content\/uploads\/2025\/05\/DSC09647-1-768x432-1.jpg","width":768,"height":432},{"@type":"BreadcrumbList","@id":"https:\/\/previews.elleven.digital\/acocearense\/noticia\/aline-ferreira-destaca-trajetoria-empreendedora-em-mentoria-para-o-lide-ceara\/#breadcrumb","itemListElement":[{"@type":"ListItem","position":1,"name":"In\u00edcio","item":"https:\/\/previews.elleven.digital\/acocearense\/"},{"@type":"ListItem","position":2,"name":"Not\u00edcias","item":"https:\/\/previews.elleven.digital\/acocearense\/noticias\/"},{"@type":"ListItem","position":3,"name":"Aline Ferreira destaca trajet\u00f3ria empreendedora em mentoria para o LIDE Cear\u00e1"}]},{"@type":"WebSite","@id":"https:\/\/previews.elleven.digital\/acocearense\/#website","url":"https:\/\/previews.elleven.digital\/acocearense\/","name":"A\u00e7o Cearense","description":"H\u00e1 mais de 45 anos no mercado brasileiro do a\u00e7o.","alternateName":"A\u00e7o Cearense","potentialAction":[{"@type":"SearchAction","target":{"@type":"EntryPoint","urlTemplate":"https:\/\/previews.elleven.digital\/acocearense\/?s={search_term_string}"},"query-input":{"@type":"PropertyValueSpecification","valueRequired":true,"valueName":"search_term_string"}}],"inLanguage":"pt-BR"}]}},"_links":{"self":[{"href":"https:\/\/previews.elleven.digital\/acocearense\/wp-json\/wp\/v2\/noticia\/1767","targetHints":{"allow":["GET"]}}],"collection":[{"href":"https:\/\/previews.elleven.digital\/acocearense\/wp-json\/wp\/v2\/noticia"}],"about":[{"href":"https:\/\/previews.elleven.digital\/acocearense\/wp-json\/wp\/v2\/types\/noticia"}],"wp:featuredmedia":[{"embeddable":true,"href":"https:\/\/previews.elleven.digital\/acocearense\/wp-json\/wp\/v2\/media\/1759"}],"wp:attachment":[{"href":"https:\/\/previews.elleven.digital\/acocearense\/wp-json\/wp\/v2\/media?parent=1767"}],"wp:term":[{"taxonomy":"categoria-noticia","embeddable":true,"href":"https:\/\/previews.elleven.digital\/acocearense\/wp-json\/wp\/v2\/categoria-noticia?post=1767"}],"curies":[{"name":"wp","href":"https:\/\/api.w.org\/{rel}","templated":true}]}}