{"id":1766,"date":"2018-03-08T14:44:56","date_gmt":"2018-03-08T17:44:56","guid":{"rendered":"https:\/\/previews.elleven.digital\/acocearense\/?post_type=noticia&#038;p=1766"},"modified":"2025-05-07T14:45:16","modified_gmt":"2025-05-07T17:45:16","slug":"colaboradoras-participam-de-homenagens-ao-dia-internacional-da-mulher","status":"publish","type":"noticia","link":"https:\/\/previews.elleven.digital\/acocearense\/noticia\/colaboradoras-participam-de-homenagens-ao-dia-internacional-da-mulher\/","title":{"rendered":"Colaboradoras participam de homenagens ao Dia Internacional da Mulher"},"content":{"rendered":"<p><strong>\u201cMulheres que mudam o mundo\u201d<\/strong>, esse foi o tema da campanha feita em homenagem ao Dia Internacional da Mulher, comemorado no \u00faltimo dia 8.<\/p>\n<h3>A\u00e7\u00f5es<\/h3>\n<p>Umas das a\u00e7\u00f5es propostas foi que as colaboradoras enviassem fotos em que elas estivessem no seu ambiente de trabalho e essas imagens foram transformadas em um v\u00eddeo que est\u00e1 publicado em nosso Facebook.<br \/>\nA segunda a\u00e7\u00e3o era enviar uma frase que traduzisse o que \u00e9 ser mulher no s\u00e9culo XXI e a frase vencedora foi: \u201cSer mulher \u00e9 saber enxergar as belezas e sutilezas da vida, conquistar o seu espa\u00e7o, lutar permanentemente por igualdade e ser forte e singela\u201d, da colaboradora Mayara Torres, da \u00e1rea Vendas, da ACC, que ganhou um vale beleza.<\/p>\n<h3>\u201cFiz pensando em minha luta di\u00e1ria e em todas as mulheres fortes e batalhadoras.\u201d<\/h3>\n<p>Para Mayara, as homenagens foram bem atrativas. \u201cFiquei muito feliz por ter ganhado e por saber que minha frase est\u00e1 representando todas as mulheres da A\u00e7o Cearense. Fiz pensando em minha luta di\u00e1ria e em todas as mulheres fortes e batalhadoras. O v\u00eddeo ficou muito bom, pois mostra a beleza e o dia a dia de cada colaboradora. Sempre fico muito feliz pela atitude da empresa em sempre motivar e valorizar seus colaboradores em campanhas\u201d. Ela ainda refor\u00e7ou que: \u201cMeu vale presente irei usar no sal\u00e3o de beleza que sempre costumo ir, vou me renovar, pois uma mulher adora estar sempre bem vista e receber elogios. Obrigada, A\u00e7o Cearense, por me proporcionar essa renova\u00e7\u00e3o!\u201d, destacou.<\/p>\n","protected":false},"featured_media":1760,"template":"","meta":{"_acf_changed":false,"inline_featured_image":false},"categoria-noticia":[],"class_list":["post-1766","noticia","type-noticia","status-publish","has-post-thumbnail","hentry"],"acf":{"link":""},"yoast_head":"<!-- This site is optimized with the Yoast SEO plugin v25.9 - https:\/\/yoast.com\/wordpress\/plugins\/seo\/ -->\n<title>Colaboradoras participam de homenagens ao Dia Internacional da Mulher - Grupo A\u00e7o Cearense<\/title>\n<meta name=\"robots\" content=\"index, follow, max-snippet:-1, max-image-preview:large, max-video-preview:-1\" \/>\n<link rel=\"canonical\" href=\"https:\/\/previews.elleven.digital\/acocearense\/noticia\/colaboradoras-participam-de-homenagens-ao-dia-internacional-da-mulher\/\" \/>\n<meta property=\"og:locale\" content=\"pt_BR\" \/>\n<meta property=\"og:type\" content=\"article\" \/>\n<meta property=\"og:title\" content=\"Colaboradoras participam de homenagens ao Dia Internacional da Mulher - Grupo A\u00e7o Cearense\" \/>\n<meta property=\"og:description\" content=\"\u201cMulheres que mudam o mundo\u201d, esse foi o tema da campanha feita em homenagem ao(...)\" \/>\n<meta property=\"og:url\" content=\"https:\/\/previews.elleven.digital\/acocearense\/noticia\/colaboradoras-participam-de-homenagens-ao-dia-internacional-da-mulher\/\" \/>\n<meta property=\"og:site_name\" content=\"Grupo A\u00e7o Cearense\" \/>\n<meta property=\"article:modified_time\" content=\"2025-05-07T17:45:16+00:00\" \/>\n<meta property=\"og:image\" content=\"https:\/\/previews.elleven.digital\/acocearense\/wp-content\/uploads\/2025\/05\/unnamed-768x587-1.jpg\" \/>\n\t<meta property=\"og:image:width\" content=\"768\" \/>\n\t<meta property=\"og:image:height\" content=\"587\" \/>\n\t<meta property=\"og:image:type\" content=\"image\/jpeg\" \/>\n<meta name=\"twitter:card\" content=\"summary_large_image\" \/>\n<meta name=\"twitter:label1\" content=\"Est. tempo de leitura\" \/>\n\t<meta name=\"twitter:data1\" content=\"2 minutos\" \/>\n<script type=\"application\/ld+json\" class=\"yoast-schema-graph\">{\"@context\":\"https:\/\/schema.org\",\"@graph\":[{\"@type\":\"WebPage\",\"@id\":\"https:\/\/previews.elleven.digital\/acocearense\/noticia\/colaboradoras-participam-de-homenagens-ao-dia-internacional-da-mulher\/\",\"url\":\"https:\/\/previews.elleven.digital\/acocearense\/noticia\/colaboradoras-participam-de-homenagens-ao-dia-internacional-da-mulher\/\",\"name\":\"Colaboradoras participam de homenagens ao Dia Internacional da Mulher - Grupo A\u00e7o Cearense\",\"isPartOf\":{\"@id\":\"https:\/\/previews.elleven.digital\/acocearense\/#website\"},\"primaryImageOfPage\":{\"@id\":\"https:\/\/previews.elleven.digital\/acocearense\/noticia\/colaboradoras-participam-de-homenagens-ao-dia-internacional-da-mulher\/#primaryimage\"},\"image\":{\"@id\":\"https:\/\/previews.elleven.digital\/acocearense\/noticia\/colaboradoras-participam-de-homenagens-ao-dia-internacional-da-mulher\/#primaryimage\"},\"thumbnailUrl\":\"https:\/\/previews.elleven.digital\/acocearense\/wp-content\/uploads\/2025\/05\/unnamed-768x587-1.jpg\",\"datePublished\":\"2018-03-08T17:44:56+00:00\",\"dateModified\":\"2025-05-07T17:45:16+00:00\",\"breadcrumb\":{\"@id\":\"https:\/\/previews.elleven.digital\/acocearense\/noticia\/colaboradoras-participam-de-homenagens-ao-dia-internacional-da-mulher\/#breadcrumb\"},\"inLanguage\":\"pt-BR\",\"potentialAction\":[{\"@type\":\"ReadAction\",\"target\":[\"https:\/\/previews.elleven.digital\/acocearense\/noticia\/colaboradoras-participam-de-homenagens-ao-dia-internacional-da-mulher\/\"]}]},{\"@type\":\"ImageObject\",\"inLanguage\":\"pt-BR\",\"@id\":\"https:\/\/previews.elleven.digital\/acocearense\/noticia\/colaboradoras-participam-de-homenagens-ao-dia-internacional-da-mulher\/#primaryimage\",\"url\":\"https:\/\/previews.elleven.digital\/acocearense\/wp-content\/uploads\/2025\/05\/unnamed-768x587-1.jpg\",\"contentUrl\":\"https:\/\/previews.elleven.digital\/acocearense\/wp-content\/uploads\/2025\/05\/unnamed-768x587-1.jpg\",\"width\":768,\"height\":587},{\"@type\":\"BreadcrumbList\",\"@id\":\"https:\/\/previews.elleven.digital\/acocearense\/noticia\/colaboradoras-participam-de-homenagens-ao-dia-internacional-da-mulher\/#breadcrumb\",\"itemListElement\":[{\"@type\":\"ListItem\",\"position\":1,\"name\":\"In\u00edcio\",\"item\":\"https:\/\/previews.elleven.digital\/acocearense\/\"},{\"@type\":\"ListItem\",\"position\":2,\"name\":\"Not\u00edcias\",\"item\":\"https:\/\/previews.elleven.digital\/acocearense\/noticias\/\"},{\"@type\":\"ListItem\",\"position\":3,\"name\":\"Colaboradoras participam de homenagens ao Dia Internacional da Mulher\"}]},{\"@type\":\"WebSite\",\"@id\":\"https:\/\/previews.elleven.digital\/acocearense\/#website\",\"url\":\"https:\/\/previews.elleven.digital\/acocearense\/\",\"name\":\"A\u00e7o Cearense\",\"description\":\"H\u00e1 mais de 45 anos no mercado brasileiro do a\u00e7o.\",\"alternateName\":\"A\u00e7o Cearense\",\"potentialAction\":[{\"@type\":\"SearchAction\",\"target\":{\"@type\":\"EntryPoint\",\"urlTemplate\":\"https:\/\/previews.elleven.digital\/acocearense\/?s={search_term_string}\"},\"query-input\":{\"@type\":\"PropertyValueSpecification\",\"valueRequired\":true,\"valueName\":\"search_term_string\"}}],\"inLanguage\":\"pt-BR\"}]}<\/script>\n<!-- \/ Yoast SEO plugin. -->","yoast_head_json":{"title":"Colaboradoras participam de homenagens ao Dia Internacional da Mulher - Grupo A\u00e7o Cearense","robots":{"index":"index","follow":"follow","max-snippet":"max-snippet:-1","max-image-preview":"max-image-preview:large","max-video-preview":"max-video-preview:-1"},"canonical":"https:\/\/previews.elleven.digital\/acocearense\/noticia\/colaboradoras-participam-de-homenagens-ao-dia-internacional-da-mulher\/","og_locale":"pt_BR","og_type":"article","og_title":"Colaboradoras participam de homenagens ao Dia Internacional da Mulher - Grupo A\u00e7o Cearense","og_description":"\u201cMulheres que mudam o mundo\u201d, esse foi o tema da campanha feita em homenagem ao(...)","og_url":"https:\/\/previews.elleven.digital\/acocearense\/noticia\/colaboradoras-participam-de-homenagens-ao-dia-internacional-da-mulher\/","og_site_name":"Grupo A\u00e7o Cearense","article_modified_time":"2025-05-07T17:45:16+00:00","og_image":[{"width":768,"height":587,"url":"https:\/\/previews.elleven.digital\/acocearense\/wp-content\/uploads\/2025\/05\/unnamed-768x587-1.jpg","type":"image\/jpeg"}],"twitter_card":"summary_large_image","twitter_misc":{"Est. tempo de leitura":"2 minutos"},"schema":{"@context":"https:\/\/schema.org","@graph":[{"@type":"WebPage","@id":"https:\/\/previews.elleven.digital\/acocearense\/noticia\/colaboradoras-participam-de-homenagens-ao-dia-internacional-da-mulher\/","url":"https:\/\/previews.elleven.digital\/acocearense\/noticia\/colaboradoras-participam-de-homenagens-ao-dia-internacional-da-mulher\/","name":"Colaboradoras participam de homenagens ao Dia Internacional da Mulher - Grupo A\u00e7o Cearense","isPartOf":{"@id":"https:\/\/previews.elleven.digital\/acocearense\/#website"},"primaryImageOfPage":{"@id":"https:\/\/previews.elleven.digital\/acocearense\/noticia\/colaboradoras-participam-de-homenagens-ao-dia-internacional-da-mulher\/#primaryimage"},"image":{"@id":"https:\/\/previews.elleven.digital\/acocearense\/noticia\/colaboradoras-participam-de-homenagens-ao-dia-internacional-da-mulher\/#primaryimage"},"thumbnailUrl":"https:\/\/previews.elleven.digital\/acocearense\/wp-content\/uploads\/2025\/05\/unnamed-768x587-1.jpg","datePublished":"2018-03-08T17:44:56+00:00","dateModified":"2025-05-07T17:45:16+00:00","breadcrumb":{"@id":"https:\/\/previews.elleven.digital\/acocearense\/noticia\/colaboradoras-participam-de-homenagens-ao-dia-internacional-da-mulher\/#breadcrumb"},"inLanguage":"pt-BR","potentialAction":[{"@type":"ReadAction","target":["https:\/\/previews.elleven.digital\/acocearense\/noticia\/colaboradoras-participam-de-homenagens-ao-dia-internacional-da-mulher\/"]}]},{"@type":"ImageObject","inLanguage":"pt-BR","@id":"https:\/\/previews.elleven.digital\/acocearense\/noticia\/colaboradoras-participam-de-homenagens-ao-dia-internacional-da-mulher\/#primaryimage","url":"https:\/\/previews.elleven.digital\/acocearense\/wp-content\/uploads\/2025\/05\/unnamed-768x587-1.jpg","contentUrl":"https:\/\/previews.elleven.digital\/acocearense\/wp-content\/uploads\/2025\/05\/unnamed-768x587-1.jpg","width":768,"height":587},{"@type":"BreadcrumbList","@id":"https:\/\/previews.elleven.digital\/acocearense\/noticia\/colaboradoras-participam-de-homenagens-ao-dia-internacional-da-mulher\/#breadcrumb","itemListElement":[{"@type":"ListItem","position":1,"name":"In\u00edcio","item":"https:\/\/previews.elleven.digital\/acocearense\/"},{"@type":"ListItem","position":2,"name":"Not\u00edcias","item":"https:\/\/previews.elleven.digital\/acocearense\/noticias\/"},{"@type":"ListItem","position":3,"name":"Colaboradoras participam de homenagens ao Dia Internacional da Mulher"}]},{"@type":"WebSite","@id":"https:\/\/previews.elleven.digital\/acocearense\/#website","url":"https:\/\/previews.elleven.digital\/acocearense\/","name":"A\u00e7o Cearense","description":"H\u00e1 mais de 45 anos no mercado brasileiro do a\u00e7o.","alternateName":"A\u00e7o Cearense","potentialAction":[{"@type":"SearchAction","target":{"@type":"EntryPoint","urlTemplate":"https:\/\/previews.elleven.digital\/acocearense\/?s={search_term_string}"},"query-input":{"@type":"PropertyValueSpecification","valueRequired":true,"valueName":"search_term_string"}}],"inLanguage":"pt-BR"}]}},"_links":{"self":[{"href":"https:\/\/previews.elleven.digital\/acocearense\/wp-json\/wp\/v2\/noticia\/1766","targetHints":{"allow":["GET"]}}],"collection":[{"href":"https:\/\/previews.elleven.digital\/acocearense\/wp-json\/wp\/v2\/noticia"}],"about":[{"href":"https:\/\/previews.elleven.digital\/acocearense\/wp-json\/wp\/v2\/types\/noticia"}],"wp:featuredmedia":[{"embeddable":true,"href":"https:\/\/previews.elleven.digital\/acocearense\/wp-json\/wp\/v2\/media\/1760"}],"wp:attachment":[{"href":"https:\/\/previews.elleven.digital\/acocearense\/wp-json\/wp\/v2\/media?parent=1766"}],"wp:term":[{"taxonomy":"categoria-noticia","embeddable":true,"href":"https:\/\/previews.elleven.digital\/acocearense\/wp-json\/wp\/v2\/categoria-noticia?post=1766"}],"curies":[{"name":"wp","href":"https:\/\/api.w.org\/{rel}","templated":true}]}}