{"id":1765,"date":"2018-03-07T14:44:27","date_gmt":"2018-03-07T17:44:27","guid":{"rendered":"https:\/\/previews.elleven.digital\/acocearense\/?post_type=noticia&#038;p=1765"},"modified":"2025-05-07T14:44:54","modified_gmt":"2025-05-07T17:44:54","slug":"aco-cearense-realiza-a-8a-edicao-do-projeto-educacional","status":"publish","type":"noticia","link":"https:\/\/previews.elleven.digital\/acocearense\/noticia\/aco-cearense-realiza-a-8a-edicao-do-projeto-educacional\/","title":{"rendered":"A\u00e7o Cearense realiza a 8\u00aa edi\u00e7\u00e3o do Projeto Educacional"},"content":{"rendered":"<h3>Qual a import\u00e2ncia dos sonhos?<\/h3>\n<p>Foi com essa pergunta que o evento de premia\u00e7\u00e3o da 8\u00aa edi\u00e7\u00e3o do Projeto Educacional foi iniciado. Estudos apontam que os sonhos s\u00e3o o combust\u00edvel da vida, pois s\u00e3o eles que contribuem para manter em alta a motiva\u00e7\u00e3o, apesar dos in\u00fameros desafios que encontramos pela frente. Cada ser humano reflete por meio do que sonha, o grau de evolu\u00e7\u00e3o em que se encontra sua consci\u00eancia. Pensando em incentivar a realiza\u00e7\u00e3o de sonhos, por meio dos estudos, a A\u00e7o Cearense realiza anualmente o Projeto Educacional.<\/p>\n<p>No total foram premiados 10 estudantes de escolas p\u00fablicas e privadas. A 8\u00aa edi\u00e7\u00e3o do evento contou com a participa\u00e7\u00e3o de diretores, gestores, estudantes e seus familiares. Luiza Gabriela Lisboa, filha da colaboradora Waldirene Lisboa da \u00e1rea de Comunica\u00e7\u00e3o da ACC, foi premiada e elogiou o projeto. \u201c\u00c9 a primeira vez que participo e gostei muito da iniciativa da A\u00e7o Cearense, premiando as melhores m\u00e9dias alcan\u00e7adas nos estudos. Isso \u00e9 motivador para n\u00f3s\u201d, disse ela.<\/p>\n<p>A novidade deste ano no evento de premia\u00e7\u00e3o foi o jogo de tabuleiro que os estudantes e seus pais participaram e concorreram a 2 vouchers livraria no valor de R$100,00 cada. O jogo contemplou perguntas sobre conhecimentos gerais, meio ambiente, geografia e outras perguntas espec\u00edficas sobre a A\u00e7o Cearense. O colaborador T\u00e1cito Amorim da \u00e1rea de Cobran\u00e7a da ACC gostou do momento: \u201cAchei muito legal o jogo, porque me fez lembrar de algumas coisas que havia esquecido e, ao mesmo tempo, conhecer um pouco mais da A\u00e7o Cearense\u201d. Tainara Suiane, filha de T\u00e1cito, participou pela terceira vez do projeto, ficou duas vezes em segundo e neste ano garantiu o primeiro lugar.<\/p>\n<h3>Premia\u00e7\u00e3o<\/h3>\n<p>A premia\u00e7\u00e3o do Projeto Educacional \u00e9 realizada em quatro categorias: 6\u00ba ao 9\u00ba ano do Ensino Fundamental (escola p\u00fablica e privada) e 1\u00ba ao 3\u00ba ano do Ensino M\u00e9dio (escola p\u00fablica e privada). Os vencedores receberam: Vale-Livraria de R$ 500,00 para os terceiros colocados; um tablet para os segundos colocados; e um notebook para os primeiros colocados. A m\u00e9dia anual das notas obtidas pelos vencedores variou de 8,18 a 10.<\/p>\n","protected":false},"featured_media":1761,"template":"","meta":{"_acf_changed":false,"inline_featured_image":false},"categoria-noticia":[],"class_list":["post-1765","noticia","type-noticia","status-publish","has-post-thumbnail","hentry"],"acf":{"link":""},"yoast_head":"<!-- This site is optimized with the Yoast SEO plugin v25.9 - https:\/\/yoast.com\/wordpress\/plugins\/seo\/ -->\n<title>A\u00e7o Cearense realiza a 8\u00aa edi\u00e7\u00e3o do Projeto Educacional - Grupo A\u00e7o Cearense<\/title>\n<meta name=\"robots\" content=\"index, follow, max-snippet:-1, max-image-preview:large, max-video-preview:-1\" \/>\n<link rel=\"canonical\" href=\"https:\/\/previews.elleven.digital\/acocearense\/noticia\/aco-cearense-realiza-a-8a-edicao-do-projeto-educacional\/\" \/>\n<meta property=\"og:locale\" content=\"pt_BR\" \/>\n<meta property=\"og:type\" content=\"article\" \/>\n<meta property=\"og:title\" content=\"A\u00e7o Cearense realiza a 8\u00aa edi\u00e7\u00e3o do Projeto Educacional - Grupo A\u00e7o Cearense\" \/>\n<meta property=\"og:description\" content=\"Qual a import\u00e2ncia dos sonhos? Foi com essa pergunta que o evento de premia\u00e7\u00e3o da(...)\" \/>\n<meta property=\"og:url\" content=\"https:\/\/previews.elleven.digital\/acocearense\/noticia\/aco-cearense-realiza-a-8a-edicao-do-projeto-educacional\/\" \/>\n<meta property=\"og:site_name\" content=\"Grupo A\u00e7o Cearense\" \/>\n<meta property=\"article:modified_time\" content=\"2025-05-07T17:44:54+00:00\" \/>\n<meta property=\"og:image\" content=\"https:\/\/previews.elleven.digital\/acocearense\/wp-content\/uploads\/2025\/05\/68d174a3-e15c-47d9-ad8f-fad6ce3878c1-1.jpg\" \/>\n\t<meta property=\"og:image:width\" content=\"960\" \/>\n\t<meta property=\"og:image:height\" content=\"720\" \/>\n\t<meta property=\"og:image:type\" content=\"image\/jpeg\" \/>\n<meta name=\"twitter:card\" content=\"summary_large_image\" \/>\n<meta name=\"twitter:label1\" content=\"Est. tempo de leitura\" \/>\n\t<meta name=\"twitter:data1\" content=\"1 minuto\" \/>\n<script type=\"application\/ld+json\" class=\"yoast-schema-graph\">{\"@context\":\"https:\/\/schema.org\",\"@graph\":[{\"@type\":\"WebPage\",\"@id\":\"https:\/\/previews.elleven.digital\/acocearense\/noticia\/aco-cearense-realiza-a-8a-edicao-do-projeto-educacional\/\",\"url\":\"https:\/\/previews.elleven.digital\/acocearense\/noticia\/aco-cearense-realiza-a-8a-edicao-do-projeto-educacional\/\",\"name\":\"A\u00e7o Cearense realiza a 8\u00aa edi\u00e7\u00e3o do Projeto Educacional - Grupo A\u00e7o Cearense\",\"isPartOf\":{\"@id\":\"https:\/\/previews.elleven.digital\/acocearense\/#website\"},\"primaryImageOfPage\":{\"@id\":\"https:\/\/previews.elleven.digital\/acocearense\/noticia\/aco-cearense-realiza-a-8a-edicao-do-projeto-educacional\/#primaryimage\"},\"image\":{\"@id\":\"https:\/\/previews.elleven.digital\/acocearense\/noticia\/aco-cearense-realiza-a-8a-edicao-do-projeto-educacional\/#primaryimage\"},\"thumbnailUrl\":\"https:\/\/previews.elleven.digital\/acocearense\/wp-content\/uploads\/2025\/05\/68d174a3-e15c-47d9-ad8f-fad6ce3878c1-1.jpg\",\"datePublished\":\"2018-03-07T17:44:27+00:00\",\"dateModified\":\"2025-05-07T17:44:54+00:00\",\"breadcrumb\":{\"@id\":\"https:\/\/previews.elleven.digital\/acocearense\/noticia\/aco-cearense-realiza-a-8a-edicao-do-projeto-educacional\/#breadcrumb\"},\"inLanguage\":\"pt-BR\",\"potentialAction\":[{\"@type\":\"ReadAction\",\"target\":[\"https:\/\/previews.elleven.digital\/acocearense\/noticia\/aco-cearense-realiza-a-8a-edicao-do-projeto-educacional\/\"]}]},{\"@type\":\"ImageObject\",\"inLanguage\":\"pt-BR\",\"@id\":\"https:\/\/previews.elleven.digital\/acocearense\/noticia\/aco-cearense-realiza-a-8a-edicao-do-projeto-educacional\/#primaryimage\",\"url\":\"https:\/\/previews.elleven.digital\/acocearense\/wp-content\/uploads\/2025\/05\/68d174a3-e15c-47d9-ad8f-fad6ce3878c1-1.jpg\",\"contentUrl\":\"https:\/\/previews.elleven.digital\/acocearense\/wp-content\/uploads\/2025\/05\/68d174a3-e15c-47d9-ad8f-fad6ce3878c1-1.jpg\",\"width\":960,\"height\":720},{\"@type\":\"BreadcrumbList\",\"@id\":\"https:\/\/previews.elleven.digital\/acocearense\/noticia\/aco-cearense-realiza-a-8a-edicao-do-projeto-educacional\/#breadcrumb\",\"itemListElement\":[{\"@type\":\"ListItem\",\"position\":1,\"name\":\"In\u00edcio\",\"item\":\"https:\/\/previews.elleven.digital\/acocearense\/\"},{\"@type\":\"ListItem\",\"position\":2,\"name\":\"Not\u00edcias\",\"item\":\"https:\/\/previews.elleven.digital\/acocearense\/noticias\/\"},{\"@type\":\"ListItem\",\"position\":3,\"name\":\"A\u00e7o Cearense realiza a 8\u00aa edi\u00e7\u00e3o do Projeto Educacional\"}]},{\"@type\":\"WebSite\",\"@id\":\"https:\/\/previews.elleven.digital\/acocearense\/#website\",\"url\":\"https:\/\/previews.elleven.digital\/acocearense\/\",\"name\":\"A\u00e7o Cearense\",\"description\":\"H\u00e1 mais de 45 anos no mercado brasileiro do a\u00e7o.\",\"alternateName\":\"A\u00e7o Cearense\",\"potentialAction\":[{\"@type\":\"SearchAction\",\"target\":{\"@type\":\"EntryPoint\",\"urlTemplate\":\"https:\/\/previews.elleven.digital\/acocearense\/?s={search_term_string}\"},\"query-input\":{\"@type\":\"PropertyValueSpecification\",\"valueRequired\":true,\"valueName\":\"search_term_string\"}}],\"inLanguage\":\"pt-BR\"}]}<\/script>\n<!-- \/ Yoast SEO plugin. -->","yoast_head_json":{"title":"A\u00e7o Cearense realiza a 8\u00aa edi\u00e7\u00e3o do Projeto Educacional - Grupo A\u00e7o Cearense","robots":{"index":"index","follow":"follow","max-snippet":"max-snippet:-1","max-image-preview":"max-image-preview:large","max-video-preview":"max-video-preview:-1"},"canonical":"https:\/\/previews.elleven.digital\/acocearense\/noticia\/aco-cearense-realiza-a-8a-edicao-do-projeto-educacional\/","og_locale":"pt_BR","og_type":"article","og_title":"A\u00e7o Cearense realiza a 8\u00aa edi\u00e7\u00e3o do Projeto Educacional - Grupo A\u00e7o Cearense","og_description":"Qual a import\u00e2ncia dos sonhos? Foi com essa pergunta que o evento de premia\u00e7\u00e3o da(...)","og_url":"https:\/\/previews.elleven.digital\/acocearense\/noticia\/aco-cearense-realiza-a-8a-edicao-do-projeto-educacional\/","og_site_name":"Grupo A\u00e7o Cearense","article_modified_time":"2025-05-07T17:44:54+00:00","og_image":[{"width":960,"height":720,"url":"https:\/\/previews.elleven.digital\/acocearense\/wp-content\/uploads\/2025\/05\/68d174a3-e15c-47d9-ad8f-fad6ce3878c1-1.jpg","type":"image\/jpeg"}],"twitter_card":"summary_large_image","twitter_misc":{"Est. tempo de leitura":"1 minuto"},"schema":{"@context":"https:\/\/schema.org","@graph":[{"@type":"WebPage","@id":"https:\/\/previews.elleven.digital\/acocearense\/noticia\/aco-cearense-realiza-a-8a-edicao-do-projeto-educacional\/","url":"https:\/\/previews.elleven.digital\/acocearense\/noticia\/aco-cearense-realiza-a-8a-edicao-do-projeto-educacional\/","name":"A\u00e7o Cearense realiza a 8\u00aa edi\u00e7\u00e3o do Projeto Educacional - Grupo A\u00e7o Cearense","isPartOf":{"@id":"https:\/\/previews.elleven.digital\/acocearense\/#website"},"primaryImageOfPage":{"@id":"https:\/\/previews.elleven.digital\/acocearense\/noticia\/aco-cearense-realiza-a-8a-edicao-do-projeto-educacional\/#primaryimage"},"image":{"@id":"https:\/\/previews.elleven.digital\/acocearense\/noticia\/aco-cearense-realiza-a-8a-edicao-do-projeto-educacional\/#primaryimage"},"thumbnailUrl":"https:\/\/previews.elleven.digital\/acocearense\/wp-content\/uploads\/2025\/05\/68d174a3-e15c-47d9-ad8f-fad6ce3878c1-1.jpg","datePublished":"2018-03-07T17:44:27+00:00","dateModified":"2025-05-07T17:44:54+00:00","breadcrumb":{"@id":"https:\/\/previews.elleven.digital\/acocearense\/noticia\/aco-cearense-realiza-a-8a-edicao-do-projeto-educacional\/#breadcrumb"},"inLanguage":"pt-BR","potentialAction":[{"@type":"ReadAction","target":["https:\/\/previews.elleven.digital\/acocearense\/noticia\/aco-cearense-realiza-a-8a-edicao-do-projeto-educacional\/"]}]},{"@type":"ImageObject","inLanguage":"pt-BR","@id":"https:\/\/previews.elleven.digital\/acocearense\/noticia\/aco-cearense-realiza-a-8a-edicao-do-projeto-educacional\/#primaryimage","url":"https:\/\/previews.elleven.digital\/acocearense\/wp-content\/uploads\/2025\/05\/68d174a3-e15c-47d9-ad8f-fad6ce3878c1-1.jpg","contentUrl":"https:\/\/previews.elleven.digital\/acocearense\/wp-content\/uploads\/2025\/05\/68d174a3-e15c-47d9-ad8f-fad6ce3878c1-1.jpg","width":960,"height":720},{"@type":"BreadcrumbList","@id":"https:\/\/previews.elleven.digital\/acocearense\/noticia\/aco-cearense-realiza-a-8a-edicao-do-projeto-educacional\/#breadcrumb","itemListElement":[{"@type":"ListItem","position":1,"name":"In\u00edcio","item":"https:\/\/previews.elleven.digital\/acocearense\/"},{"@type":"ListItem","position":2,"name":"Not\u00edcias","item":"https:\/\/previews.elleven.digital\/acocearense\/noticias\/"},{"@type":"ListItem","position":3,"name":"A\u00e7o Cearense realiza a 8\u00aa edi\u00e7\u00e3o do Projeto Educacional"}]},{"@type":"WebSite","@id":"https:\/\/previews.elleven.digital\/acocearense\/#website","url":"https:\/\/previews.elleven.digital\/acocearense\/","name":"A\u00e7o Cearense","description":"H\u00e1 mais de 45 anos no mercado brasileiro do a\u00e7o.","alternateName":"A\u00e7o Cearense","potentialAction":[{"@type":"SearchAction","target":{"@type":"EntryPoint","urlTemplate":"https:\/\/previews.elleven.digital\/acocearense\/?s={search_term_string}"},"query-input":{"@type":"PropertyValueSpecification","valueRequired":true,"valueName":"search_term_string"}}],"inLanguage":"pt-BR"}]}},"_links":{"self":[{"href":"https:\/\/previews.elleven.digital\/acocearense\/wp-json\/wp\/v2\/noticia\/1765","targetHints":{"allow":["GET"]}}],"collection":[{"href":"https:\/\/previews.elleven.digital\/acocearense\/wp-json\/wp\/v2\/noticia"}],"about":[{"href":"https:\/\/previews.elleven.digital\/acocearense\/wp-json\/wp\/v2\/types\/noticia"}],"wp:featuredmedia":[{"embeddable":true,"href":"https:\/\/previews.elleven.digital\/acocearense\/wp-json\/wp\/v2\/media\/1761"}],"wp:attachment":[{"href":"https:\/\/previews.elleven.digital\/acocearense\/wp-json\/wp\/v2\/media?parent=1765"}],"wp:term":[{"taxonomy":"categoria-noticia","embeddable":true,"href":"https:\/\/previews.elleven.digital\/acocearense\/wp-json\/wp\/v2\/categoria-noticia?post=1765"}],"curies":[{"name":"wp","href":"https:\/\/api.w.org\/{rel}","templated":true}]}}