{"id":1753,"date":"2018-01-10T14:37:23","date_gmt":"2018-01-10T16:37:23","guid":{"rendered":"https:\/\/previews.elleven.digital\/acocearense\/?post_type=noticia&#038;p=1753"},"modified":"2025-05-07T14:43:54","modified_gmt":"2025-05-07T17:43:54","slug":"educaaco-forma-mais-94-novos-alunos","status":"publish","type":"noticia","link":"https:\/\/previews.elleven.digital\/acocearense\/noticia\/educaaco-forma-mais-94-novos-alunos\/","title":{"rendered":"EducaA\u00e7o forma mais 94 novos alunos"},"content":{"rendered":"<p><strong>A\u00a0A\u00e7o Cearense formou 94 novos alunos do ensino m\u00e9dio por meio do Projeto EducaA\u00e7o<\/strong>, realizado em parceria com o SESI. O evento contou com a presen\u00e7a da diretoria, gestores e professores do projeto. A cerim\u00f4nia foi realizada no Galp\u00e3o da Log\u00edstica da A\u00e7o Cearense Industrial Matriz.<\/p>\n<p>Pedro Jorge de Almeida, Auxiliar de Expedi\u00e7\u00e3o da A\u00e7o Cearense Industrial Filial e orador da turma, disse: \u201cTodos n\u00f3s temos sonhos e quando conseguimos essa realiza\u00e7\u00e3o a tend\u00eancia \u00e9 pularmos para outros sonhos. O EducaA\u00e7o nos deu a oportunidade de realizar um dos nossos sonhos, a conclus\u00e3o do ensino m\u00e9dio, e isso abrir\u00e1 portas para novos horizontes\u201d, disse o formando.<\/p>\n<h3>\u00a0\u201cA\u00a0 A\u00e7o Cearense me deu a oportunidade de fazer o EducaA\u00e7o para concluir o ensino m\u00e9dio.\u201d<\/h3>\n<p>Um dos destaques da cerim\u00f4nia foi o colaborador Felipe Silva Teixeira, que concluiu o ensino m\u00e9dio no EducaA\u00e7o. Hoje ele \u00e9 Supervisor da \u00e1rea de Produ\u00e7\u00e3o da A\u00e7o Cearense Industrial Filial. Ele entrou na empresa como Auxiliar de Produ\u00e7\u00e3o e foi galgando sua carreira at\u00e9 chegar ao cargo de gest\u00e3o. \u201cVou completar 11 anos de empresa e a A\u00e7o Cearense me deu a oportunidade de fazer o EducaA\u00e7o para concluir o ensino m\u00e9dio. Fiz parte da primeira turma do projeto e gra\u00e7as a ele no meio do ano j\u00e1 termino a gradua\u00e7\u00e3o de Administra\u00e7\u00e3o de Empresas. O estudo alavanca a carreira de qualquer pessoa, basta querer e ter a oportunidade\u201d, enfatizou.<\/p>\n<p>O Grupo A\u00e7o Cearense tem em seus valores o de manter uma equipe talentosa, comprometida e realizada. Para isso, investe na forma\u00e7\u00e3o de seus colaboradores com iniciativas como o EducaA\u00e7o. Desde 2013, ano em que a A\u00e7o Cearense implantou o projeto, 229 alunos j\u00e1 foram beneficiados com a forma\u00e7\u00e3o estudantil. Atualmente 158 alunos est\u00e3o em forma\u00e7\u00e3o, distribu\u00eddos em 3 turmas de ensino fundamental e 5 turmas de ensino m\u00e9dio.<\/p>\n","protected":false},"featured_media":1763,"template":"","meta":{"_acf_changed":false,"inline_featured_image":false},"categoria-noticia":[],"class_list":["post-1753","noticia","type-noticia","status-publish","has-post-thumbnail","hentry"],"acf":{"link":""},"yoast_head":"<!-- This site is optimized with the Yoast SEO plugin v25.9 - https:\/\/yoast.com\/wordpress\/plugins\/seo\/ -->\n<title>EducaA\u00e7o forma mais 94 novos alunos - Grupo A\u00e7o Cearense<\/title>\n<meta name=\"robots\" content=\"index, follow, max-snippet:-1, max-image-preview:large, max-video-preview:-1\" \/>\n<link rel=\"canonical\" href=\"https:\/\/previews.elleven.digital\/acocearense\/noticia\/educaaco-forma-mais-94-novos-alunos\/\" \/>\n<meta property=\"og:locale\" content=\"pt_BR\" \/>\n<meta property=\"og:type\" content=\"article\" \/>\n<meta property=\"og:title\" content=\"EducaA\u00e7o forma mais 94 novos alunos - Grupo A\u00e7o Cearense\" \/>\n<meta property=\"og:description\" content=\"A\u00a0A\u00e7o Cearense formou 94 novos alunos do ensino m\u00e9dio por meio do Projeto EducaA\u00e7o, realizado(...)\" \/>\n<meta property=\"og:url\" content=\"https:\/\/previews.elleven.digital\/acocearense\/noticia\/educaaco-forma-mais-94-novos-alunos\/\" \/>\n<meta property=\"og:site_name\" content=\"Grupo A\u00e7o Cearense\" \/>\n<meta property=\"article:modified_time\" content=\"2025-05-07T17:43:54+00:00\" \/>\n<meta property=\"og:image\" content=\"https:\/\/previews.elleven.digital\/acocearense\/wp-content\/uploads\/2025\/05\/educaco-scaled.jpg\" \/>\n\t<meta property=\"og:image:width\" content=\"2560\" \/>\n\t<meta property=\"og:image:height\" content=\"1440\" \/>\n\t<meta property=\"og:image:type\" content=\"image\/jpeg\" \/>\n<meta name=\"twitter:card\" content=\"summary_large_image\" \/>\n<meta name=\"twitter:label1\" content=\"Est. tempo de leitura\" \/>\n\t<meta name=\"twitter:data1\" content=\"2 minutos\" \/>\n<script type=\"application\/ld+json\" class=\"yoast-schema-graph\">{\"@context\":\"https:\/\/schema.org\",\"@graph\":[{\"@type\":\"WebPage\",\"@id\":\"https:\/\/previews.elleven.digital\/acocearense\/noticia\/educaaco-forma-mais-94-novos-alunos\/\",\"url\":\"https:\/\/previews.elleven.digital\/acocearense\/noticia\/educaaco-forma-mais-94-novos-alunos\/\",\"name\":\"EducaA\u00e7o forma mais 94 novos alunos - Grupo A\u00e7o Cearense\",\"isPartOf\":{\"@id\":\"https:\/\/previews.elleven.digital\/acocearense\/#website\"},\"primaryImageOfPage\":{\"@id\":\"https:\/\/previews.elleven.digital\/acocearense\/noticia\/educaaco-forma-mais-94-novos-alunos\/#primaryimage\"},\"image\":{\"@id\":\"https:\/\/previews.elleven.digital\/acocearense\/noticia\/educaaco-forma-mais-94-novos-alunos\/#primaryimage\"},\"thumbnailUrl\":\"https:\/\/previews.elleven.digital\/acocearense\/wp-content\/uploads\/2025\/05\/educaco-scaled.jpg\",\"datePublished\":\"2018-01-10T16:37:23+00:00\",\"dateModified\":\"2025-05-07T17:43:54+00:00\",\"breadcrumb\":{\"@id\":\"https:\/\/previews.elleven.digital\/acocearense\/noticia\/educaaco-forma-mais-94-novos-alunos\/#breadcrumb\"},\"inLanguage\":\"pt-BR\",\"potentialAction\":[{\"@type\":\"ReadAction\",\"target\":[\"https:\/\/previews.elleven.digital\/acocearense\/noticia\/educaaco-forma-mais-94-novos-alunos\/\"]}]},{\"@type\":\"ImageObject\",\"inLanguage\":\"pt-BR\",\"@id\":\"https:\/\/previews.elleven.digital\/acocearense\/noticia\/educaaco-forma-mais-94-novos-alunos\/#primaryimage\",\"url\":\"https:\/\/previews.elleven.digital\/acocearense\/wp-content\/uploads\/2025\/05\/educaco-scaled.jpg\",\"contentUrl\":\"https:\/\/previews.elleven.digital\/acocearense\/wp-content\/uploads\/2025\/05\/educaco-scaled.jpg\",\"width\":2560,\"height\":1440},{\"@type\":\"BreadcrumbList\",\"@id\":\"https:\/\/previews.elleven.digital\/acocearense\/noticia\/educaaco-forma-mais-94-novos-alunos\/#breadcrumb\",\"itemListElement\":[{\"@type\":\"ListItem\",\"position\":1,\"name\":\"In\u00edcio\",\"item\":\"https:\/\/previews.elleven.digital\/acocearense\/\"},{\"@type\":\"ListItem\",\"position\":2,\"name\":\"Not\u00edcias\",\"item\":\"https:\/\/previews.elleven.digital\/acocearense\/noticias\/\"},{\"@type\":\"ListItem\",\"position\":3,\"name\":\"EducaA\u00e7o forma mais 94 novos alunos\"}]},{\"@type\":\"WebSite\",\"@id\":\"https:\/\/previews.elleven.digital\/acocearense\/#website\",\"url\":\"https:\/\/previews.elleven.digital\/acocearense\/\",\"name\":\"A\u00e7o Cearense\",\"description\":\"H\u00e1 mais de 45 anos no mercado brasileiro do a\u00e7o.\",\"alternateName\":\"A\u00e7o Cearense\",\"potentialAction\":[{\"@type\":\"SearchAction\",\"target\":{\"@type\":\"EntryPoint\",\"urlTemplate\":\"https:\/\/previews.elleven.digital\/acocearense\/?s={search_term_string}\"},\"query-input\":{\"@type\":\"PropertyValueSpecification\",\"valueRequired\":true,\"valueName\":\"search_term_string\"}}],\"inLanguage\":\"pt-BR\"}]}<\/script>\n<!-- \/ Yoast SEO plugin. -->","yoast_head_json":{"title":"EducaA\u00e7o forma mais 94 novos alunos - Grupo A\u00e7o Cearense","robots":{"index":"index","follow":"follow","max-snippet":"max-snippet:-1","max-image-preview":"max-image-preview:large","max-video-preview":"max-video-preview:-1"},"canonical":"https:\/\/previews.elleven.digital\/acocearense\/noticia\/educaaco-forma-mais-94-novos-alunos\/","og_locale":"pt_BR","og_type":"article","og_title":"EducaA\u00e7o forma mais 94 novos alunos - Grupo A\u00e7o Cearense","og_description":"A\u00a0A\u00e7o Cearense formou 94 novos alunos do ensino m\u00e9dio por meio do Projeto EducaA\u00e7o, realizado(...)","og_url":"https:\/\/previews.elleven.digital\/acocearense\/noticia\/educaaco-forma-mais-94-novos-alunos\/","og_site_name":"Grupo A\u00e7o Cearense","article_modified_time":"2025-05-07T17:43:54+00:00","og_image":[{"width":2560,"height":1440,"url":"https:\/\/previews.elleven.digital\/acocearense\/wp-content\/uploads\/2025\/05\/educaco-scaled.jpg","type":"image\/jpeg"}],"twitter_card":"summary_large_image","twitter_misc":{"Est. tempo de leitura":"2 minutos"},"schema":{"@context":"https:\/\/schema.org","@graph":[{"@type":"WebPage","@id":"https:\/\/previews.elleven.digital\/acocearense\/noticia\/educaaco-forma-mais-94-novos-alunos\/","url":"https:\/\/previews.elleven.digital\/acocearense\/noticia\/educaaco-forma-mais-94-novos-alunos\/","name":"EducaA\u00e7o forma mais 94 novos alunos - Grupo A\u00e7o Cearense","isPartOf":{"@id":"https:\/\/previews.elleven.digital\/acocearense\/#website"},"primaryImageOfPage":{"@id":"https:\/\/previews.elleven.digital\/acocearense\/noticia\/educaaco-forma-mais-94-novos-alunos\/#primaryimage"},"image":{"@id":"https:\/\/previews.elleven.digital\/acocearense\/noticia\/educaaco-forma-mais-94-novos-alunos\/#primaryimage"},"thumbnailUrl":"https:\/\/previews.elleven.digital\/acocearense\/wp-content\/uploads\/2025\/05\/educaco-scaled.jpg","datePublished":"2018-01-10T16:37:23+00:00","dateModified":"2025-05-07T17:43:54+00:00","breadcrumb":{"@id":"https:\/\/previews.elleven.digital\/acocearense\/noticia\/educaaco-forma-mais-94-novos-alunos\/#breadcrumb"},"inLanguage":"pt-BR","potentialAction":[{"@type":"ReadAction","target":["https:\/\/previews.elleven.digital\/acocearense\/noticia\/educaaco-forma-mais-94-novos-alunos\/"]}]},{"@type":"ImageObject","inLanguage":"pt-BR","@id":"https:\/\/previews.elleven.digital\/acocearense\/noticia\/educaaco-forma-mais-94-novos-alunos\/#primaryimage","url":"https:\/\/previews.elleven.digital\/acocearense\/wp-content\/uploads\/2025\/05\/educaco-scaled.jpg","contentUrl":"https:\/\/previews.elleven.digital\/acocearense\/wp-content\/uploads\/2025\/05\/educaco-scaled.jpg","width":2560,"height":1440},{"@type":"BreadcrumbList","@id":"https:\/\/previews.elleven.digital\/acocearense\/noticia\/educaaco-forma-mais-94-novos-alunos\/#breadcrumb","itemListElement":[{"@type":"ListItem","position":1,"name":"In\u00edcio","item":"https:\/\/previews.elleven.digital\/acocearense\/"},{"@type":"ListItem","position":2,"name":"Not\u00edcias","item":"https:\/\/previews.elleven.digital\/acocearense\/noticias\/"},{"@type":"ListItem","position":3,"name":"EducaA\u00e7o forma mais 94 novos alunos"}]},{"@type":"WebSite","@id":"https:\/\/previews.elleven.digital\/acocearense\/#website","url":"https:\/\/previews.elleven.digital\/acocearense\/","name":"A\u00e7o Cearense","description":"H\u00e1 mais de 45 anos no mercado brasileiro do a\u00e7o.","alternateName":"A\u00e7o Cearense","potentialAction":[{"@type":"SearchAction","target":{"@type":"EntryPoint","urlTemplate":"https:\/\/previews.elleven.digital\/acocearense\/?s={search_term_string}"},"query-input":{"@type":"PropertyValueSpecification","valueRequired":true,"valueName":"search_term_string"}}],"inLanguage":"pt-BR"}]}},"_links":{"self":[{"href":"https:\/\/previews.elleven.digital\/acocearense\/wp-json\/wp\/v2\/noticia\/1753","targetHints":{"allow":["GET"]}}],"collection":[{"href":"https:\/\/previews.elleven.digital\/acocearense\/wp-json\/wp\/v2\/noticia"}],"about":[{"href":"https:\/\/previews.elleven.digital\/acocearense\/wp-json\/wp\/v2\/types\/noticia"}],"wp:featuredmedia":[{"embeddable":true,"href":"https:\/\/previews.elleven.digital\/acocearense\/wp-json\/wp\/v2\/media\/1763"}],"wp:attachment":[{"href":"https:\/\/previews.elleven.digital\/acocearense\/wp-json\/wp\/v2\/media?parent=1753"}],"wp:term":[{"taxonomy":"categoria-noticia","embeddable":true,"href":"https:\/\/previews.elleven.digital\/acocearense\/wp-json\/wp\/v2\/categoria-noticia?post=1753"}],"curies":[{"name":"wp","href":"https:\/\/api.w.org\/{rel}","templated":true}]}}