{"id":1752,"date":"2017-12-28T14:36:37","date_gmt":"2017-12-28T16:36:37","guid":{"rendered":"https:\/\/previews.elleven.digital\/acocearense\/?post_type=noticia&#038;p=1752"},"modified":"2025-05-07T14:37:19","modified_gmt":"2025-05-07T17:37:19","slug":"400-criancas-receberam-presentes-no-abraco-feliz-deste-ano","status":"publish","type":"noticia","link":"https:\/\/previews.elleven.digital\/acocearense\/noticia\/400-criancas-receberam-presentes-no-abraco-feliz-deste-ano\/","title":{"rendered":"400 crian\u00e7as receberam presentes no \u201cAbra\u00e7o Feliz\u201d deste ano"},"content":{"rendered":"<p>Neste m\u00eas de dezembro, o Grupo A\u00e7o Cearense realizou mais uma edi\u00e7\u00e3o da campanha \u201cAbra\u00e7o Feliz\u201d. A a\u00e7\u00e3o \u00e9 uma realiza\u00e7\u00e3o do Instituto A\u00e7o Cearense, institui\u00e7\u00e3o sem fins lucrativos, respons\u00e1vel por todas as a\u00e7\u00f5es de cunho social, educacional, esportivo e ambiental do Grupo e tem o intuito de levar um pouco de alegria para crian\u00e7as em situa\u00e7\u00e3o de risco social, por ocasi\u00e3o do per\u00edodo natalino. No ano passado a campanha contemplou cerca de 300 crian\u00e7as e este ano foram 400 participantes de institui\u00e7\u00f5es beneficentes. Foram as pr\u00f3prias crian\u00e7as que escreveram as cartinhas com seus desejos e o Instituto A\u00e7o Cearense recolheu e as disponibilizou em \u00e1rvores de Natal na A\u00e7o Cearense Comercial, A\u00e7o Cearense Industrial e SINOBRAS.<\/p>\n<p>O primeiro evento de entrega aconteceu na quinta-feira (14) de manh\u00e3 e \u00e0 tarde na A\u00e7o Cearense Comercial, com apresenta\u00e7\u00e3o musical e muitos sorrisos das crian\u00e7as da Associa\u00e7\u00e3o Escola de Campe\u00f5es, Lar de Clara e CEPEVIVE. O colaborador Fl\u00e1vio Leit\u00e3o, Coordenador Comercial, foi um dos padrinhos e comentou: \u201cEssa \u00e9 uma das a\u00e7\u00f5es mais comoventes do Grupo A\u00e7o Cearense. Cada um que participa faz uma viagem no t\u00fanel do tempo e encontra-se com a lembran\u00e7a do seu tempo de crian\u00e7a. \u00c9 revigorante ver essas crian\u00e7as com seus olhares brilhando \u00e0 espera do t\u00e3o sonhado presentinho. Tenho certeza que Deus retribuir\u00e1 aos construtores dessa ideia, b\u00ean\u00e7\u00e3os e mais b\u00ean\u00e7\u00e3os a todos\u201d, disse ele.<\/p>\n<p>As entregas tamb\u00e9m foram feitas na sexta-feira, na A\u00e7o Cearense Industrial Filial e contemplaram crian\u00e7as da Escola de Campe\u00f5es e Lar de Clara. Na SINOBRAS a campanha presenteou as crian\u00e7as da Associa\u00e7\u00e3o dos Artistas Visuais do Sul e Sudeste do Par\u00e1 (ARMA). Nos eventos, houve apresenta\u00e7\u00f5es musicais realizadas pelas crian\u00e7as das institui\u00e7\u00f5es atendidas que emocionaram os padrinhos e madrinhas presentes.<\/p>\n<p>Para Rosemeire Matos, presidente do Instituto A\u00e7o Cearense, as a\u00e7\u00f5es foram o fechamento de um ano desafiador. \u201c\u00c9 muito gratificante ver a satisfa\u00e7\u00e3o nos olhos dessas crian\u00e7as. Fico muito feliz em ver a participa\u00e7\u00e3o dos colaboradores, em especial daqueles que n\u00e3o podem comprar um presente sozinho e se juntam a outros colegas para dividir o valor do presente, esse \u00e9 o esp\u00edrito de solidariedade e uni\u00e3o que queremos regar nos nossos colaboradores. Parab\u00e9ns pela participa\u00e7\u00e3o e contribui\u00e7\u00e3o de todos\u201d.<\/p>\n<p>Kelly Vieira, motorista da A\u00e7o Cearense Industrial, comentou que a campanha \u00e9 muito importante para fazer o bem e trazer alegria \u00e0s crian\u00e7as. \u201cNo ano passado participei do Abra\u00e7o Feliz e vejo a import\u00e2ncia que \u00e9 a A\u00e7o Cearense, uma empresa de grande porte, apoiar essa iniciativa. Essa \u00e9 uma oportunidade dessas crian\u00e7as n\u00e3o serem esquecidas e participar \u00e9 algo muito gratificante, tanto para as crian\u00e7as como para n\u00f3s colaboradores\u201d.<\/p>\n<p>A Estrutural, empresa de manuten\u00e7\u00e3o industrial, sediada em Fortaleza, tamb\u00e9m aderiu \u00e0 campanha e adotou cerca de 52 cartinhas.<\/p>\n","protected":false},"featured_media":1734,"template":"","meta":{"_acf_changed":false,"inline_featured_image":false},"categoria-noticia":[],"class_list":["post-1752","noticia","type-noticia","status-publish","has-post-thumbnail","hentry"],"acf":{"link":""},"yoast_head":"<!-- This site is optimized with the Yoast SEO plugin v25.9 - https:\/\/yoast.com\/wordpress\/plugins\/seo\/ -->\n<title>400 crian\u00e7as receberam presentes no \u201cAbra\u00e7o Feliz\u201d deste ano - Grupo A\u00e7o Cearense<\/title>\n<meta name=\"robots\" content=\"index, follow, max-snippet:-1, max-image-preview:large, max-video-preview:-1\" \/>\n<link rel=\"canonical\" href=\"https:\/\/previews.elleven.digital\/acocearense\/noticia\/400-criancas-receberam-presentes-no-abraco-feliz-deste-ano\/\" \/>\n<meta property=\"og:locale\" content=\"pt_BR\" \/>\n<meta property=\"og:type\" content=\"article\" \/>\n<meta property=\"og:title\" content=\"400 crian\u00e7as receberam presentes no \u201cAbra\u00e7o Feliz\u201d deste ano - Grupo A\u00e7o Cearense\" \/>\n<meta property=\"og:description\" content=\"Neste m\u00eas de dezembro, o Grupo A\u00e7o Cearense realizou mais uma edi\u00e7\u00e3o da campanha \u201cAbra\u00e7o(...)\" \/>\n<meta property=\"og:url\" content=\"https:\/\/previews.elleven.digital\/acocearense\/noticia\/400-criancas-receberam-presentes-no-abraco-feliz-deste-ano\/\" \/>\n<meta property=\"og:site_name\" content=\"Grupo A\u00e7o Cearense\" \/>\n<meta property=\"article:modified_time\" content=\"2025-05-07T17:37:19+00:00\" \/>\n<meta property=\"og:image\" content=\"https:\/\/previews.elleven.digital\/acocearense\/wp-content\/uploads\/2025\/05\/AbracoFeliz2017-scaled.jpg\" \/>\n\t<meta property=\"og:image:width\" content=\"2560\" \/>\n\t<meta property=\"og:image:height\" content=\"1440\" \/>\n\t<meta property=\"og:image:type\" content=\"image\/jpeg\" \/>\n<meta name=\"twitter:card\" content=\"summary_large_image\" \/>\n<meta name=\"twitter:label1\" content=\"Est. tempo de leitura\" \/>\n\t<meta name=\"twitter:data1\" content=\"3 minutos\" \/>\n<script type=\"application\/ld+json\" class=\"yoast-schema-graph\">{\"@context\":\"https:\/\/schema.org\",\"@graph\":[{\"@type\":\"WebPage\",\"@id\":\"https:\/\/previews.elleven.digital\/acocearense\/noticia\/400-criancas-receberam-presentes-no-abraco-feliz-deste-ano\/\",\"url\":\"https:\/\/previews.elleven.digital\/acocearense\/noticia\/400-criancas-receberam-presentes-no-abraco-feliz-deste-ano\/\",\"name\":\"400 crian\u00e7as receberam presentes no \u201cAbra\u00e7o Feliz\u201d deste ano - Grupo A\u00e7o Cearense\",\"isPartOf\":{\"@id\":\"https:\/\/previews.elleven.digital\/acocearense\/#website\"},\"primaryImageOfPage\":{\"@id\":\"https:\/\/previews.elleven.digital\/acocearense\/noticia\/400-criancas-receberam-presentes-no-abraco-feliz-deste-ano\/#primaryimage\"},\"image\":{\"@id\":\"https:\/\/previews.elleven.digital\/acocearense\/noticia\/400-criancas-receberam-presentes-no-abraco-feliz-deste-ano\/#primaryimage\"},\"thumbnailUrl\":\"https:\/\/previews.elleven.digital\/acocearense\/wp-content\/uploads\/2025\/05\/AbracoFeliz2017-scaled.jpg\",\"datePublished\":\"2017-12-28T16:36:37+00:00\",\"dateModified\":\"2025-05-07T17:37:19+00:00\",\"breadcrumb\":{\"@id\":\"https:\/\/previews.elleven.digital\/acocearense\/noticia\/400-criancas-receberam-presentes-no-abraco-feliz-deste-ano\/#breadcrumb\"},\"inLanguage\":\"pt-BR\",\"potentialAction\":[{\"@type\":\"ReadAction\",\"target\":[\"https:\/\/previews.elleven.digital\/acocearense\/noticia\/400-criancas-receberam-presentes-no-abraco-feliz-deste-ano\/\"]}]},{\"@type\":\"ImageObject\",\"inLanguage\":\"pt-BR\",\"@id\":\"https:\/\/previews.elleven.digital\/acocearense\/noticia\/400-criancas-receberam-presentes-no-abraco-feliz-deste-ano\/#primaryimage\",\"url\":\"https:\/\/previews.elleven.digital\/acocearense\/wp-content\/uploads\/2025\/05\/AbracoFeliz2017-scaled.jpg\",\"contentUrl\":\"https:\/\/previews.elleven.digital\/acocearense\/wp-content\/uploads\/2025\/05\/AbracoFeliz2017-scaled.jpg\",\"width\":2560,\"height\":1440},{\"@type\":\"BreadcrumbList\",\"@id\":\"https:\/\/previews.elleven.digital\/acocearense\/noticia\/400-criancas-receberam-presentes-no-abraco-feliz-deste-ano\/#breadcrumb\",\"itemListElement\":[{\"@type\":\"ListItem\",\"position\":1,\"name\":\"In\u00edcio\",\"item\":\"https:\/\/previews.elleven.digital\/acocearense\/\"},{\"@type\":\"ListItem\",\"position\":2,\"name\":\"Not\u00edcias\",\"item\":\"https:\/\/previews.elleven.digital\/acocearense\/noticias\/\"},{\"@type\":\"ListItem\",\"position\":3,\"name\":\"400 crian\u00e7as receberam presentes no \u201cAbra\u00e7o Feliz\u201d deste ano\"}]},{\"@type\":\"WebSite\",\"@id\":\"https:\/\/previews.elleven.digital\/acocearense\/#website\",\"url\":\"https:\/\/previews.elleven.digital\/acocearense\/\",\"name\":\"A\u00e7o Cearense\",\"description\":\"H\u00e1 mais de 45 anos no mercado brasileiro do a\u00e7o.\",\"alternateName\":\"A\u00e7o Cearense\",\"potentialAction\":[{\"@type\":\"SearchAction\",\"target\":{\"@type\":\"EntryPoint\",\"urlTemplate\":\"https:\/\/previews.elleven.digital\/acocearense\/?s={search_term_string}\"},\"query-input\":{\"@type\":\"PropertyValueSpecification\",\"valueRequired\":true,\"valueName\":\"search_term_string\"}}],\"inLanguage\":\"pt-BR\"}]}<\/script>\n<!-- \/ Yoast SEO plugin. -->","yoast_head_json":{"title":"400 crian\u00e7as receberam presentes no \u201cAbra\u00e7o Feliz\u201d deste ano - Grupo A\u00e7o Cearense","robots":{"index":"index","follow":"follow","max-snippet":"max-snippet:-1","max-image-preview":"max-image-preview:large","max-video-preview":"max-video-preview:-1"},"canonical":"https:\/\/previews.elleven.digital\/acocearense\/noticia\/400-criancas-receberam-presentes-no-abraco-feliz-deste-ano\/","og_locale":"pt_BR","og_type":"article","og_title":"400 crian\u00e7as receberam presentes no \u201cAbra\u00e7o Feliz\u201d deste ano - Grupo A\u00e7o Cearense","og_description":"Neste m\u00eas de dezembro, o Grupo A\u00e7o Cearense realizou mais uma edi\u00e7\u00e3o da campanha \u201cAbra\u00e7o(...)","og_url":"https:\/\/previews.elleven.digital\/acocearense\/noticia\/400-criancas-receberam-presentes-no-abraco-feliz-deste-ano\/","og_site_name":"Grupo A\u00e7o Cearense","article_modified_time":"2025-05-07T17:37:19+00:00","og_image":[{"width":2560,"height":1440,"url":"https:\/\/previews.elleven.digital\/acocearense\/wp-content\/uploads\/2025\/05\/AbracoFeliz2017-scaled.jpg","type":"image\/jpeg"}],"twitter_card":"summary_large_image","twitter_misc":{"Est. tempo de leitura":"3 minutos"},"schema":{"@context":"https:\/\/schema.org","@graph":[{"@type":"WebPage","@id":"https:\/\/previews.elleven.digital\/acocearense\/noticia\/400-criancas-receberam-presentes-no-abraco-feliz-deste-ano\/","url":"https:\/\/previews.elleven.digital\/acocearense\/noticia\/400-criancas-receberam-presentes-no-abraco-feliz-deste-ano\/","name":"400 crian\u00e7as receberam presentes no \u201cAbra\u00e7o Feliz\u201d deste ano - Grupo A\u00e7o Cearense","isPartOf":{"@id":"https:\/\/previews.elleven.digital\/acocearense\/#website"},"primaryImageOfPage":{"@id":"https:\/\/previews.elleven.digital\/acocearense\/noticia\/400-criancas-receberam-presentes-no-abraco-feliz-deste-ano\/#primaryimage"},"image":{"@id":"https:\/\/previews.elleven.digital\/acocearense\/noticia\/400-criancas-receberam-presentes-no-abraco-feliz-deste-ano\/#primaryimage"},"thumbnailUrl":"https:\/\/previews.elleven.digital\/acocearense\/wp-content\/uploads\/2025\/05\/AbracoFeliz2017-scaled.jpg","datePublished":"2017-12-28T16:36:37+00:00","dateModified":"2025-05-07T17:37:19+00:00","breadcrumb":{"@id":"https:\/\/previews.elleven.digital\/acocearense\/noticia\/400-criancas-receberam-presentes-no-abraco-feliz-deste-ano\/#breadcrumb"},"inLanguage":"pt-BR","potentialAction":[{"@type":"ReadAction","target":["https:\/\/previews.elleven.digital\/acocearense\/noticia\/400-criancas-receberam-presentes-no-abraco-feliz-deste-ano\/"]}]},{"@type":"ImageObject","inLanguage":"pt-BR","@id":"https:\/\/previews.elleven.digital\/acocearense\/noticia\/400-criancas-receberam-presentes-no-abraco-feliz-deste-ano\/#primaryimage","url":"https:\/\/previews.elleven.digital\/acocearense\/wp-content\/uploads\/2025\/05\/AbracoFeliz2017-scaled.jpg","contentUrl":"https:\/\/previews.elleven.digital\/acocearense\/wp-content\/uploads\/2025\/05\/AbracoFeliz2017-scaled.jpg","width":2560,"height":1440},{"@type":"BreadcrumbList","@id":"https:\/\/previews.elleven.digital\/acocearense\/noticia\/400-criancas-receberam-presentes-no-abraco-feliz-deste-ano\/#breadcrumb","itemListElement":[{"@type":"ListItem","position":1,"name":"In\u00edcio","item":"https:\/\/previews.elleven.digital\/acocearense\/"},{"@type":"ListItem","position":2,"name":"Not\u00edcias","item":"https:\/\/previews.elleven.digital\/acocearense\/noticias\/"},{"@type":"ListItem","position":3,"name":"400 crian\u00e7as receberam presentes no \u201cAbra\u00e7o Feliz\u201d deste ano"}]},{"@type":"WebSite","@id":"https:\/\/previews.elleven.digital\/acocearense\/#website","url":"https:\/\/previews.elleven.digital\/acocearense\/","name":"A\u00e7o Cearense","description":"H\u00e1 mais de 45 anos no mercado brasileiro do a\u00e7o.","alternateName":"A\u00e7o Cearense","potentialAction":[{"@type":"SearchAction","target":{"@type":"EntryPoint","urlTemplate":"https:\/\/previews.elleven.digital\/acocearense\/?s={search_term_string}"},"query-input":{"@type":"PropertyValueSpecification","valueRequired":true,"valueName":"search_term_string"}}],"inLanguage":"pt-BR"}]}},"_links":{"self":[{"href":"https:\/\/previews.elleven.digital\/acocearense\/wp-json\/wp\/v2\/noticia\/1752","targetHints":{"allow":["GET"]}}],"collection":[{"href":"https:\/\/previews.elleven.digital\/acocearense\/wp-json\/wp\/v2\/noticia"}],"about":[{"href":"https:\/\/previews.elleven.digital\/acocearense\/wp-json\/wp\/v2\/types\/noticia"}],"wp:featuredmedia":[{"embeddable":true,"href":"https:\/\/previews.elleven.digital\/acocearense\/wp-json\/wp\/v2\/media\/1734"}],"wp:attachment":[{"href":"https:\/\/previews.elleven.digital\/acocearense\/wp-json\/wp\/v2\/media?parent=1752"}],"wp:term":[{"taxonomy":"categoria-noticia","embeddable":true,"href":"https:\/\/previews.elleven.digital\/acocearense\/wp-json\/wp\/v2\/categoria-noticia?post=1752"}],"curies":[{"name":"wp","href":"https:\/\/api.w.org\/{rel}","templated":true}]}}