{"id":1748,"date":"2017-09-20T14:34:22","date_gmt":"2017-09-20T17:34:22","guid":{"rendered":"https:\/\/previews.elleven.digital\/acocearense\/?post_type=noticia&#038;p=1748"},"modified":"2025-05-07T14:34:47","modified_gmt":"2025-05-07T17:34:47","slug":"integracao-e-informacao-marcaram-o-encontro-interno-de-vendas-2017","status":"publish","type":"noticia","link":"https:\/\/previews.elleven.digital\/acocearense\/noticia\/integracao-e-informacao-marcaram-o-encontro-interno-de-vendas-2017\/","title":{"rendered":"Integra\u00e7\u00e3o e informa\u00e7\u00e3o marcaram o Encontro Interno de Vendas 2017"},"content":{"rendered":"<p>Aconteceu no m\u00eas de setembro, no audit\u00f3rio da A\u00e7o Cearense Comercial, o Encontro Interno de Vendas 2017. O evento foi realizado para cerca de 100 pessoas, entre vendedores internos, gestores e diretores.<\/p>\n<p>O Encontro de Vendas foi um mix de integra\u00e7\u00e3o e informa\u00e7\u00e3o sobre o neg\u00f3cio, relacionado ao dia a dia da \u00e1rea Comercial e contou com a presen\u00e7a do Presidente Vilmar Ferreira, do Vice-Presidente de Opera\u00e7\u00f5es, Ian Corr\u00eaa, da Vice-Presidente Comercial e Financeira, Aline Ferreira, do Diretor Comercial, Paulo Martins, dos Gerentes de Vendas, Expedito Jovino, Amanda Feij\u00f3 e Newton J\u00fanior.<\/p>\n<p>Com uma programa\u00e7\u00e3o bem diversificada que durou 8h horas, o Encontro proporcionou para os profissionais de venda informa\u00e7\u00f5es sobre o mercado do A\u00e7o, atualiza\u00e7\u00f5es fiscais, regras de venda de Inox, log\u00edstica da empresa e as adapta\u00e7\u00f5es das \u00e1reas de cadastro, cr\u00e9dito e cobran\u00e7a para o novo cen\u00e1rio do mercado. Os assuntos foram apresentados pelos palestrantes Rafael Freitas (\u00e1rea de Mercado Especiais), Gilberto Andrade e Erik Mendes (Log\u00edstica), Ailomar Ara\u00fajo (Cr\u00e9dito e Cobran\u00e7a) e Diego Angelim (Fiscal). O p\u00fablico presente tamb\u00e9m assistiu as palestras motivacionais ministradas pela empresa Vox L\u00edderes.<\/p>\n<p>Paulo Martins disse que o Encontro de Vendas foi oportuno para a integra\u00e7\u00e3o das equipes. \u201cO nosso encontro teve o intuito de aprimorar os conhecimentos dos participantes, al\u00e9m de proporcionar \u00e0s \u00e1reas, que mant\u00e9m contato di\u00e1rio, um momento para integra\u00e7\u00e3o. N\u00f3s percebemos o aquecimento na economia nacional e por isso partimos para capacitar nossos vendedores e tamb\u00e9m incentiv\u00e1-los para essa fase de crescimento do neg\u00f3cio. O evento foi muito proveitoso para todos que participaram e ainda teremos outras atividades com a equipe\u201d.<\/p>\n","protected":false},"featured_media":1738,"template":"","meta":{"_acf_changed":false,"inline_featured_image":false},"categoria-noticia":[],"class_list":["post-1748","noticia","type-noticia","status-publish","has-post-thumbnail","hentry"],"acf":{"link":""},"yoast_head":"<!-- This site is optimized with the Yoast SEO plugin v25.9 - https:\/\/yoast.com\/wordpress\/plugins\/seo\/ -->\n<title>Integra\u00e7\u00e3o e informa\u00e7\u00e3o marcaram o Encontro Interno de Vendas 2017 - Grupo A\u00e7o Cearense<\/title>\n<meta name=\"robots\" content=\"index, follow, max-snippet:-1, max-image-preview:large, max-video-preview:-1\" \/>\n<link rel=\"canonical\" href=\"https:\/\/previews.elleven.digital\/acocearense\/noticia\/integracao-e-informacao-marcaram-o-encontro-interno-de-vendas-2017\/\" \/>\n<meta property=\"og:locale\" content=\"pt_BR\" \/>\n<meta property=\"og:type\" content=\"article\" \/>\n<meta property=\"og:title\" content=\"Integra\u00e7\u00e3o e informa\u00e7\u00e3o marcaram o Encontro Interno de Vendas 2017 - Grupo A\u00e7o Cearense\" \/>\n<meta property=\"og:description\" content=\"Aconteceu no m\u00eas de setembro, no audit\u00f3rio da A\u00e7o Cearense Comercial, o Encontro Interno de(...)\" \/>\n<meta property=\"og:url\" content=\"https:\/\/previews.elleven.digital\/acocearense\/noticia\/integracao-e-informacao-marcaram-o-encontro-interno-de-vendas-2017\/\" \/>\n<meta property=\"og:site_name\" content=\"Grupo A\u00e7o Cearense\" \/>\n<meta property=\"article:modified_time\" content=\"2025-05-07T17:34:47+00:00\" \/>\n<meta property=\"og:image\" content=\"https:\/\/previews.elleven.digital\/acocearense\/wp-content\/uploads\/2025\/05\/67220ca0-5a24-40e1-964b-6d34eb7344e1.jpg\" \/>\n\t<meta property=\"og:image:width\" content=\"960\" \/>\n\t<meta property=\"og:image:height\" content=\"720\" \/>\n\t<meta property=\"og:image:type\" content=\"image\/jpeg\" \/>\n<meta name=\"twitter:card\" content=\"summary_large_image\" \/>\n<meta name=\"twitter:label1\" content=\"Est. tempo de leitura\" \/>\n\t<meta name=\"twitter:data1\" content=\"2 minutos\" \/>\n<script type=\"application\/ld+json\" class=\"yoast-schema-graph\">{\"@context\":\"https:\/\/schema.org\",\"@graph\":[{\"@type\":\"WebPage\",\"@id\":\"https:\/\/previews.elleven.digital\/acocearense\/noticia\/integracao-e-informacao-marcaram-o-encontro-interno-de-vendas-2017\/\",\"url\":\"https:\/\/previews.elleven.digital\/acocearense\/noticia\/integracao-e-informacao-marcaram-o-encontro-interno-de-vendas-2017\/\",\"name\":\"Integra\u00e7\u00e3o e informa\u00e7\u00e3o marcaram o Encontro Interno de Vendas 2017 - Grupo A\u00e7o Cearense\",\"isPartOf\":{\"@id\":\"https:\/\/previews.elleven.digital\/acocearense\/#website\"},\"primaryImageOfPage\":{\"@id\":\"https:\/\/previews.elleven.digital\/acocearense\/noticia\/integracao-e-informacao-marcaram-o-encontro-interno-de-vendas-2017\/#primaryimage\"},\"image\":{\"@id\":\"https:\/\/previews.elleven.digital\/acocearense\/noticia\/integracao-e-informacao-marcaram-o-encontro-interno-de-vendas-2017\/#primaryimage\"},\"thumbnailUrl\":\"https:\/\/previews.elleven.digital\/acocearense\/wp-content\/uploads\/2025\/05\/67220ca0-5a24-40e1-964b-6d34eb7344e1.jpg\",\"datePublished\":\"2017-09-20T17:34:22+00:00\",\"dateModified\":\"2025-05-07T17:34:47+00:00\",\"breadcrumb\":{\"@id\":\"https:\/\/previews.elleven.digital\/acocearense\/noticia\/integracao-e-informacao-marcaram-o-encontro-interno-de-vendas-2017\/#breadcrumb\"},\"inLanguage\":\"pt-BR\",\"potentialAction\":[{\"@type\":\"ReadAction\",\"target\":[\"https:\/\/previews.elleven.digital\/acocearense\/noticia\/integracao-e-informacao-marcaram-o-encontro-interno-de-vendas-2017\/\"]}]},{\"@type\":\"ImageObject\",\"inLanguage\":\"pt-BR\",\"@id\":\"https:\/\/previews.elleven.digital\/acocearense\/noticia\/integracao-e-informacao-marcaram-o-encontro-interno-de-vendas-2017\/#primaryimage\",\"url\":\"https:\/\/previews.elleven.digital\/acocearense\/wp-content\/uploads\/2025\/05\/67220ca0-5a24-40e1-964b-6d34eb7344e1.jpg\",\"contentUrl\":\"https:\/\/previews.elleven.digital\/acocearense\/wp-content\/uploads\/2025\/05\/67220ca0-5a24-40e1-964b-6d34eb7344e1.jpg\",\"width\":960,\"height\":720},{\"@type\":\"BreadcrumbList\",\"@id\":\"https:\/\/previews.elleven.digital\/acocearense\/noticia\/integracao-e-informacao-marcaram-o-encontro-interno-de-vendas-2017\/#breadcrumb\",\"itemListElement\":[{\"@type\":\"ListItem\",\"position\":1,\"name\":\"In\u00edcio\",\"item\":\"https:\/\/previews.elleven.digital\/acocearense\/\"},{\"@type\":\"ListItem\",\"position\":2,\"name\":\"Not\u00edcias\",\"item\":\"https:\/\/previews.elleven.digital\/acocearense\/noticias\/\"},{\"@type\":\"ListItem\",\"position\":3,\"name\":\"Integra\u00e7\u00e3o e informa\u00e7\u00e3o marcaram o Encontro Interno de Vendas 2017\"}]},{\"@type\":\"WebSite\",\"@id\":\"https:\/\/previews.elleven.digital\/acocearense\/#website\",\"url\":\"https:\/\/previews.elleven.digital\/acocearense\/\",\"name\":\"A\u00e7o Cearense\",\"description\":\"H\u00e1 mais de 45 anos no mercado brasileiro do a\u00e7o.\",\"alternateName\":\"A\u00e7o Cearense\",\"potentialAction\":[{\"@type\":\"SearchAction\",\"target\":{\"@type\":\"EntryPoint\",\"urlTemplate\":\"https:\/\/previews.elleven.digital\/acocearense\/?s={search_term_string}\"},\"query-input\":{\"@type\":\"PropertyValueSpecification\",\"valueRequired\":true,\"valueName\":\"search_term_string\"}}],\"inLanguage\":\"pt-BR\"}]}<\/script>\n<!-- \/ Yoast SEO plugin. -->","yoast_head_json":{"title":"Integra\u00e7\u00e3o e informa\u00e7\u00e3o marcaram o Encontro Interno de Vendas 2017 - Grupo A\u00e7o Cearense","robots":{"index":"index","follow":"follow","max-snippet":"max-snippet:-1","max-image-preview":"max-image-preview:large","max-video-preview":"max-video-preview:-1"},"canonical":"https:\/\/previews.elleven.digital\/acocearense\/noticia\/integracao-e-informacao-marcaram-o-encontro-interno-de-vendas-2017\/","og_locale":"pt_BR","og_type":"article","og_title":"Integra\u00e7\u00e3o e informa\u00e7\u00e3o marcaram o Encontro Interno de Vendas 2017 - Grupo A\u00e7o Cearense","og_description":"Aconteceu no m\u00eas de setembro, no audit\u00f3rio da A\u00e7o Cearense Comercial, o Encontro Interno de(...)","og_url":"https:\/\/previews.elleven.digital\/acocearense\/noticia\/integracao-e-informacao-marcaram-o-encontro-interno-de-vendas-2017\/","og_site_name":"Grupo A\u00e7o Cearense","article_modified_time":"2025-05-07T17:34:47+00:00","og_image":[{"width":960,"height":720,"url":"https:\/\/previews.elleven.digital\/acocearense\/wp-content\/uploads\/2025\/05\/67220ca0-5a24-40e1-964b-6d34eb7344e1.jpg","type":"image\/jpeg"}],"twitter_card":"summary_large_image","twitter_misc":{"Est. tempo de leitura":"2 minutos"},"schema":{"@context":"https:\/\/schema.org","@graph":[{"@type":"WebPage","@id":"https:\/\/previews.elleven.digital\/acocearense\/noticia\/integracao-e-informacao-marcaram-o-encontro-interno-de-vendas-2017\/","url":"https:\/\/previews.elleven.digital\/acocearense\/noticia\/integracao-e-informacao-marcaram-o-encontro-interno-de-vendas-2017\/","name":"Integra\u00e7\u00e3o e informa\u00e7\u00e3o marcaram o Encontro Interno de Vendas 2017 - Grupo A\u00e7o Cearense","isPartOf":{"@id":"https:\/\/previews.elleven.digital\/acocearense\/#website"},"primaryImageOfPage":{"@id":"https:\/\/previews.elleven.digital\/acocearense\/noticia\/integracao-e-informacao-marcaram-o-encontro-interno-de-vendas-2017\/#primaryimage"},"image":{"@id":"https:\/\/previews.elleven.digital\/acocearense\/noticia\/integracao-e-informacao-marcaram-o-encontro-interno-de-vendas-2017\/#primaryimage"},"thumbnailUrl":"https:\/\/previews.elleven.digital\/acocearense\/wp-content\/uploads\/2025\/05\/67220ca0-5a24-40e1-964b-6d34eb7344e1.jpg","datePublished":"2017-09-20T17:34:22+00:00","dateModified":"2025-05-07T17:34:47+00:00","breadcrumb":{"@id":"https:\/\/previews.elleven.digital\/acocearense\/noticia\/integracao-e-informacao-marcaram-o-encontro-interno-de-vendas-2017\/#breadcrumb"},"inLanguage":"pt-BR","potentialAction":[{"@type":"ReadAction","target":["https:\/\/previews.elleven.digital\/acocearense\/noticia\/integracao-e-informacao-marcaram-o-encontro-interno-de-vendas-2017\/"]}]},{"@type":"ImageObject","inLanguage":"pt-BR","@id":"https:\/\/previews.elleven.digital\/acocearense\/noticia\/integracao-e-informacao-marcaram-o-encontro-interno-de-vendas-2017\/#primaryimage","url":"https:\/\/previews.elleven.digital\/acocearense\/wp-content\/uploads\/2025\/05\/67220ca0-5a24-40e1-964b-6d34eb7344e1.jpg","contentUrl":"https:\/\/previews.elleven.digital\/acocearense\/wp-content\/uploads\/2025\/05\/67220ca0-5a24-40e1-964b-6d34eb7344e1.jpg","width":960,"height":720},{"@type":"BreadcrumbList","@id":"https:\/\/previews.elleven.digital\/acocearense\/noticia\/integracao-e-informacao-marcaram-o-encontro-interno-de-vendas-2017\/#breadcrumb","itemListElement":[{"@type":"ListItem","position":1,"name":"In\u00edcio","item":"https:\/\/previews.elleven.digital\/acocearense\/"},{"@type":"ListItem","position":2,"name":"Not\u00edcias","item":"https:\/\/previews.elleven.digital\/acocearense\/noticias\/"},{"@type":"ListItem","position":3,"name":"Integra\u00e7\u00e3o e informa\u00e7\u00e3o marcaram o Encontro Interno de Vendas 2017"}]},{"@type":"WebSite","@id":"https:\/\/previews.elleven.digital\/acocearense\/#website","url":"https:\/\/previews.elleven.digital\/acocearense\/","name":"A\u00e7o Cearense","description":"H\u00e1 mais de 45 anos no mercado brasileiro do a\u00e7o.","alternateName":"A\u00e7o Cearense","potentialAction":[{"@type":"SearchAction","target":{"@type":"EntryPoint","urlTemplate":"https:\/\/previews.elleven.digital\/acocearense\/?s={search_term_string}"},"query-input":{"@type":"PropertyValueSpecification","valueRequired":true,"valueName":"search_term_string"}}],"inLanguage":"pt-BR"}]}},"_links":{"self":[{"href":"https:\/\/previews.elleven.digital\/acocearense\/wp-json\/wp\/v2\/noticia\/1748","targetHints":{"allow":["GET"]}}],"collection":[{"href":"https:\/\/previews.elleven.digital\/acocearense\/wp-json\/wp\/v2\/noticia"}],"about":[{"href":"https:\/\/previews.elleven.digital\/acocearense\/wp-json\/wp\/v2\/types\/noticia"}],"wp:featuredmedia":[{"embeddable":true,"href":"https:\/\/previews.elleven.digital\/acocearense\/wp-json\/wp\/v2\/media\/1738"}],"wp:attachment":[{"href":"https:\/\/previews.elleven.digital\/acocearense\/wp-json\/wp\/v2\/media?parent=1748"}],"wp:term":[{"taxonomy":"categoria-noticia","embeddable":true,"href":"https:\/\/previews.elleven.digital\/acocearense\/wp-json\/wp\/v2\/categoria-noticia?post=1748"}],"curies":[{"name":"wp","href":"https:\/\/api.w.org\/{rel}","templated":true}]}}