{"id":1747,"date":"2017-08-22T14:33:56","date_gmt":"2017-08-22T17:33:56","guid":{"rendered":"https:\/\/previews.elleven.digital\/acocearense\/?post_type=noticia&#038;p=1747"},"modified":"2025-05-07T14:34:18","modified_gmt":"2025-05-07T17:34:18","slug":"iac-realiza-2-passeio-ciclistico-pedalando-pela-paz-caucaia","status":"publish","type":"noticia","link":"https:\/\/previews.elleven.digital\/acocearense\/noticia\/iac-realiza-2-passeio-ciclistico-pedalando-pela-paz-caucaia\/","title":{"rendered":"IAC realiza 2\u00b0 Passeio Cicl\u00edstico Pedalando pela Paz, Caucaia"},"content":{"rendered":"<p>Um ato para mobilizar as comunidades de Caucaia e regi\u00f5es pr\u00f3ximas incentivando uma viv\u00eancia de paz e despertar nos jovens a import\u00e2ncia do ciclismo como categoria esportiva. \u00c9 com esse objetivo que o Instituto A\u00e7o Cearense promove, pela segunda vez, no pr\u00f3ximo dia 9 de setembro (s\u00e1bado), a partir das 7h, o Passeio Cicl\u00edstico\u00a0<strong>\u201cPedalando pela Paz\u201d<\/strong>, em Caucaia. A iniciativa acontece em parceria com a Associa\u00e7\u00e3o Escola de Campe\u00f5es (localizada na rua Raimundo Nonato Alexandre, 1273 \u2013 Camurupim), de onde sair\u00e1 e chegar\u00e1 o passeio, ap\u00f3s passar pelas ruas do bairro Mestre Ant\u00f4nio. A expectativa \u00e9 de um p\u00fablico superior \u00e0 \u00faltima edi\u00e7\u00e3o, ocorrida em 2016, quando participaram cerca de 100 pessoas.<\/p>\n<p>Na ocasi\u00e3o, haver\u00e1 ainda apresenta\u00e7\u00e3o teatral com alunos da Escola de Campe\u00f5es e momento de ora\u00e7\u00e3o. Qualquer pessoa pode participar, vestindo branco, e as crian\u00e7as devem estar acompanhadas de um respons\u00e1vel. As inscri\u00e7\u00f5es devem ser feitas na pr\u00f3pria Escola de Campe\u00f5es de segunda a sexta-feira, das 8h \u00e0s 17h, com apresenta\u00e7\u00e3o do CPF e RG ou Certid\u00e3o de Nascimento. Mais informa\u00e7\u00f5es podem ser obtidas pelos telefones (85) 3342-0129\/ 9 9239-4548.<\/p>\n<h2>Pedalando pela Paz em Marco (CE)<\/h2>\n<p>No \u00faltimo dia 11 de agosto, o Instituto A\u00e7o Cearense realizou a primeira edi\u00e7\u00e3o do\u00a0<strong>Projeto Pedalando pela Paz<\/strong>\u00a0<strong>em Marco<\/strong>\u00a0(distante 236 km de Fortaleza), com o apoio do Crea-CE e da Secretaria de Esportes do munic\u00edpio. O evento mudou a rotina dos moradores, com a participa\u00e7\u00e3o de cerca de 700 pessoas, entre elas alunos, professores e gestores de escolas p\u00fablicas da cidade, que aproveitaram o feriado do Dia do Estudante para participar. O ciclista Gilberto Silva, patrocinado pelo Instituto, participou tanto pedalando quanto dando palestra motivacional sobre o importante papel do esporte na sua trajet\u00f3ria de vida. Hoje, Gilberto Silva \u00e9 o 2\u00b0 lugar no ciclismo do estado e o 3\u00b0 do pa\u00eds na categoria XCM.<\/p>\n","protected":false},"featured_media":1739,"template":"","meta":{"_acf_changed":false,"inline_featured_image":false},"categoria-noticia":[],"class_list":["post-1747","noticia","type-noticia","status-publish","has-post-thumbnail","hentry"],"acf":{"link":""},"yoast_head":"<!-- This site is optimized with the Yoast SEO plugin v25.9 - https:\/\/yoast.com\/wordpress\/plugins\/seo\/ -->\n<title>IAC realiza 2\u00b0 Passeio Cicl\u00edstico Pedalando pela Paz, Caucaia - Grupo A\u00e7o Cearense<\/title>\n<meta name=\"robots\" content=\"index, follow, max-snippet:-1, max-image-preview:large, max-video-preview:-1\" \/>\n<link rel=\"canonical\" href=\"https:\/\/previews.elleven.digital\/acocearense\/noticia\/iac-realiza-2-passeio-ciclistico-pedalando-pela-paz-caucaia\/\" \/>\n<meta property=\"og:locale\" content=\"pt_BR\" \/>\n<meta property=\"og:type\" content=\"article\" \/>\n<meta property=\"og:title\" content=\"IAC realiza 2\u00b0 Passeio Cicl\u00edstico Pedalando pela Paz, Caucaia - Grupo A\u00e7o Cearense\" \/>\n<meta property=\"og:description\" content=\"Um ato para mobilizar as comunidades de Caucaia e regi\u00f5es pr\u00f3ximas incentivando uma viv\u00eancia de(...)\" \/>\n<meta property=\"og:url\" content=\"https:\/\/previews.elleven.digital\/acocearense\/noticia\/iac-realiza-2-passeio-ciclistico-pedalando-pela-paz-caucaia\/\" \/>\n<meta property=\"og:site_name\" content=\"Grupo A\u00e7o Cearense\" \/>\n<meta property=\"article:modified_time\" content=\"2025-05-07T17:34:18+00:00\" \/>\n<meta property=\"og:image\" content=\"https:\/\/previews.elleven.digital\/acocearense\/wp-content\/uploads\/2025\/05\/pedalando-pela-paz.jpg\" \/>\n\t<meta property=\"og:image:width\" content=\"815\" \/>\n\t<meta property=\"og:image:height\" content=\"692\" \/>\n\t<meta property=\"og:image:type\" content=\"image\/jpeg\" \/>\n<meta name=\"twitter:card\" content=\"summary_large_image\" \/>\n<meta name=\"twitter:label1\" content=\"Est. tempo de leitura\" \/>\n\t<meta name=\"twitter:data1\" content=\"2 minutos\" \/>\n<script type=\"application\/ld+json\" class=\"yoast-schema-graph\">{\"@context\":\"https:\/\/schema.org\",\"@graph\":[{\"@type\":\"WebPage\",\"@id\":\"https:\/\/previews.elleven.digital\/acocearense\/noticia\/iac-realiza-2-passeio-ciclistico-pedalando-pela-paz-caucaia\/\",\"url\":\"https:\/\/previews.elleven.digital\/acocearense\/noticia\/iac-realiza-2-passeio-ciclistico-pedalando-pela-paz-caucaia\/\",\"name\":\"IAC realiza 2\u00b0 Passeio Cicl\u00edstico Pedalando pela Paz, Caucaia - Grupo A\u00e7o Cearense\",\"isPartOf\":{\"@id\":\"https:\/\/previews.elleven.digital\/acocearense\/#website\"},\"primaryImageOfPage\":{\"@id\":\"https:\/\/previews.elleven.digital\/acocearense\/noticia\/iac-realiza-2-passeio-ciclistico-pedalando-pela-paz-caucaia\/#primaryimage\"},\"image\":{\"@id\":\"https:\/\/previews.elleven.digital\/acocearense\/noticia\/iac-realiza-2-passeio-ciclistico-pedalando-pela-paz-caucaia\/#primaryimage\"},\"thumbnailUrl\":\"https:\/\/previews.elleven.digital\/acocearense\/wp-content\/uploads\/2025\/05\/pedalando-pela-paz.jpg\",\"datePublished\":\"2017-08-22T17:33:56+00:00\",\"dateModified\":\"2025-05-07T17:34:18+00:00\",\"breadcrumb\":{\"@id\":\"https:\/\/previews.elleven.digital\/acocearense\/noticia\/iac-realiza-2-passeio-ciclistico-pedalando-pela-paz-caucaia\/#breadcrumb\"},\"inLanguage\":\"pt-BR\",\"potentialAction\":[{\"@type\":\"ReadAction\",\"target\":[\"https:\/\/previews.elleven.digital\/acocearense\/noticia\/iac-realiza-2-passeio-ciclistico-pedalando-pela-paz-caucaia\/\"]}]},{\"@type\":\"ImageObject\",\"inLanguage\":\"pt-BR\",\"@id\":\"https:\/\/previews.elleven.digital\/acocearense\/noticia\/iac-realiza-2-passeio-ciclistico-pedalando-pela-paz-caucaia\/#primaryimage\",\"url\":\"https:\/\/previews.elleven.digital\/acocearense\/wp-content\/uploads\/2025\/05\/pedalando-pela-paz.jpg\",\"contentUrl\":\"https:\/\/previews.elleven.digital\/acocearense\/wp-content\/uploads\/2025\/05\/pedalando-pela-paz.jpg\",\"width\":815,\"height\":692},{\"@type\":\"BreadcrumbList\",\"@id\":\"https:\/\/previews.elleven.digital\/acocearense\/noticia\/iac-realiza-2-passeio-ciclistico-pedalando-pela-paz-caucaia\/#breadcrumb\",\"itemListElement\":[{\"@type\":\"ListItem\",\"position\":1,\"name\":\"In\u00edcio\",\"item\":\"https:\/\/previews.elleven.digital\/acocearense\/\"},{\"@type\":\"ListItem\",\"position\":2,\"name\":\"Not\u00edcias\",\"item\":\"https:\/\/previews.elleven.digital\/acocearense\/noticias\/\"},{\"@type\":\"ListItem\",\"position\":3,\"name\":\"IAC realiza 2\u00b0 Passeio Cicl\u00edstico Pedalando pela Paz, Caucaia\"}]},{\"@type\":\"WebSite\",\"@id\":\"https:\/\/previews.elleven.digital\/acocearense\/#website\",\"url\":\"https:\/\/previews.elleven.digital\/acocearense\/\",\"name\":\"A\u00e7o Cearense\",\"description\":\"H\u00e1 mais de 45 anos no mercado brasileiro do a\u00e7o.\",\"alternateName\":\"A\u00e7o Cearense\",\"potentialAction\":[{\"@type\":\"SearchAction\",\"target\":{\"@type\":\"EntryPoint\",\"urlTemplate\":\"https:\/\/previews.elleven.digital\/acocearense\/?s={search_term_string}\"},\"query-input\":{\"@type\":\"PropertyValueSpecification\",\"valueRequired\":true,\"valueName\":\"search_term_string\"}}],\"inLanguage\":\"pt-BR\"}]}<\/script>\n<!-- \/ Yoast SEO plugin. -->","yoast_head_json":{"title":"IAC realiza 2\u00b0 Passeio Cicl\u00edstico Pedalando pela Paz, Caucaia - Grupo A\u00e7o Cearense","robots":{"index":"index","follow":"follow","max-snippet":"max-snippet:-1","max-image-preview":"max-image-preview:large","max-video-preview":"max-video-preview:-1"},"canonical":"https:\/\/previews.elleven.digital\/acocearense\/noticia\/iac-realiza-2-passeio-ciclistico-pedalando-pela-paz-caucaia\/","og_locale":"pt_BR","og_type":"article","og_title":"IAC realiza 2\u00b0 Passeio Cicl\u00edstico Pedalando pela Paz, Caucaia - Grupo A\u00e7o Cearense","og_description":"Um ato para mobilizar as comunidades de Caucaia e regi\u00f5es pr\u00f3ximas incentivando uma viv\u00eancia de(...)","og_url":"https:\/\/previews.elleven.digital\/acocearense\/noticia\/iac-realiza-2-passeio-ciclistico-pedalando-pela-paz-caucaia\/","og_site_name":"Grupo A\u00e7o Cearense","article_modified_time":"2025-05-07T17:34:18+00:00","og_image":[{"width":815,"height":692,"url":"https:\/\/previews.elleven.digital\/acocearense\/wp-content\/uploads\/2025\/05\/pedalando-pela-paz.jpg","type":"image\/jpeg"}],"twitter_card":"summary_large_image","twitter_misc":{"Est. tempo de leitura":"2 minutos"},"schema":{"@context":"https:\/\/schema.org","@graph":[{"@type":"WebPage","@id":"https:\/\/previews.elleven.digital\/acocearense\/noticia\/iac-realiza-2-passeio-ciclistico-pedalando-pela-paz-caucaia\/","url":"https:\/\/previews.elleven.digital\/acocearense\/noticia\/iac-realiza-2-passeio-ciclistico-pedalando-pela-paz-caucaia\/","name":"IAC realiza 2\u00b0 Passeio Cicl\u00edstico Pedalando pela Paz, Caucaia - Grupo A\u00e7o Cearense","isPartOf":{"@id":"https:\/\/previews.elleven.digital\/acocearense\/#website"},"primaryImageOfPage":{"@id":"https:\/\/previews.elleven.digital\/acocearense\/noticia\/iac-realiza-2-passeio-ciclistico-pedalando-pela-paz-caucaia\/#primaryimage"},"image":{"@id":"https:\/\/previews.elleven.digital\/acocearense\/noticia\/iac-realiza-2-passeio-ciclistico-pedalando-pela-paz-caucaia\/#primaryimage"},"thumbnailUrl":"https:\/\/previews.elleven.digital\/acocearense\/wp-content\/uploads\/2025\/05\/pedalando-pela-paz.jpg","datePublished":"2017-08-22T17:33:56+00:00","dateModified":"2025-05-07T17:34:18+00:00","breadcrumb":{"@id":"https:\/\/previews.elleven.digital\/acocearense\/noticia\/iac-realiza-2-passeio-ciclistico-pedalando-pela-paz-caucaia\/#breadcrumb"},"inLanguage":"pt-BR","potentialAction":[{"@type":"ReadAction","target":["https:\/\/previews.elleven.digital\/acocearense\/noticia\/iac-realiza-2-passeio-ciclistico-pedalando-pela-paz-caucaia\/"]}]},{"@type":"ImageObject","inLanguage":"pt-BR","@id":"https:\/\/previews.elleven.digital\/acocearense\/noticia\/iac-realiza-2-passeio-ciclistico-pedalando-pela-paz-caucaia\/#primaryimage","url":"https:\/\/previews.elleven.digital\/acocearense\/wp-content\/uploads\/2025\/05\/pedalando-pela-paz.jpg","contentUrl":"https:\/\/previews.elleven.digital\/acocearense\/wp-content\/uploads\/2025\/05\/pedalando-pela-paz.jpg","width":815,"height":692},{"@type":"BreadcrumbList","@id":"https:\/\/previews.elleven.digital\/acocearense\/noticia\/iac-realiza-2-passeio-ciclistico-pedalando-pela-paz-caucaia\/#breadcrumb","itemListElement":[{"@type":"ListItem","position":1,"name":"In\u00edcio","item":"https:\/\/previews.elleven.digital\/acocearense\/"},{"@type":"ListItem","position":2,"name":"Not\u00edcias","item":"https:\/\/previews.elleven.digital\/acocearense\/noticias\/"},{"@type":"ListItem","position":3,"name":"IAC realiza 2\u00b0 Passeio Cicl\u00edstico Pedalando pela Paz, Caucaia"}]},{"@type":"WebSite","@id":"https:\/\/previews.elleven.digital\/acocearense\/#website","url":"https:\/\/previews.elleven.digital\/acocearense\/","name":"A\u00e7o Cearense","description":"H\u00e1 mais de 45 anos no mercado brasileiro do a\u00e7o.","alternateName":"A\u00e7o Cearense","potentialAction":[{"@type":"SearchAction","target":{"@type":"EntryPoint","urlTemplate":"https:\/\/previews.elleven.digital\/acocearense\/?s={search_term_string}"},"query-input":{"@type":"PropertyValueSpecification","valueRequired":true,"valueName":"search_term_string"}}],"inLanguage":"pt-BR"}]}},"_links":{"self":[{"href":"https:\/\/previews.elleven.digital\/acocearense\/wp-json\/wp\/v2\/noticia\/1747","targetHints":{"allow":["GET"]}}],"collection":[{"href":"https:\/\/previews.elleven.digital\/acocearense\/wp-json\/wp\/v2\/noticia"}],"about":[{"href":"https:\/\/previews.elleven.digital\/acocearense\/wp-json\/wp\/v2\/types\/noticia"}],"wp:featuredmedia":[{"embeddable":true,"href":"https:\/\/previews.elleven.digital\/acocearense\/wp-json\/wp\/v2\/media\/1739"}],"wp:attachment":[{"href":"https:\/\/previews.elleven.digital\/acocearense\/wp-json\/wp\/v2\/media?parent=1747"}],"wp:term":[{"taxonomy":"categoria-noticia","embeddable":true,"href":"https:\/\/previews.elleven.digital\/acocearense\/wp-json\/wp\/v2\/categoria-noticia?post=1747"}],"curies":[{"name":"wp","href":"https:\/\/api.w.org\/{rel}","templated":true}]}}