{"id":1746,"date":"2017-08-22T14:33:18","date_gmt":"2017-08-22T17:33:18","guid":{"rendered":"https:\/\/previews.elleven.digital\/acocearense\/?post_type=noticia&#038;p=1746"},"modified":"2025-05-07T14:33:48","modified_gmt":"2025-05-07T17:33:48","slug":"dia-dos-pais-na-aco-cearense","status":"publish","type":"noticia","link":"https:\/\/previews.elleven.digital\/acocearense\/noticia\/dia-dos-pais-na-aco-cearense\/","title":{"rendered":"Dia dos Pais na A\u00e7o Cearense"},"content":{"rendered":"<p>Para homenagear a importante figura paterna, a\u00a0<strong>A\u00e7o Cearense<\/strong>\u00a0realizou corte de cabelo, barba, massoterapia e uma edi\u00e7\u00e3o especial do jornal AContece para comemorar a data.<br \/>\nRealizada pela \u00e1rea de Comunica\u00e7\u00e3o, foi feita uma campanha chamada \u201cMeu filho \u00e9 minha cara\u201d para que os colaboradores pais enviasem fotos de seus filhos. Muitos pais participaram e a ideia acabou se transformando em uma edi\u00e7\u00e3o especial do jornal impresso interno AContece. O informativo j\u00e1 est\u00e1 sendo distribu\u00eddo na empresa.<\/p>\n<p>Outra homenagem aos pais foi preparada pela \u00e1rea de Qualidade de Vida e Benef\u00edcios, em que os pais colaboradores puderam dar um \u201ctrato\u201d no visual e participar de sess\u00f5es de massoterapia. As iniciativas foram um sucesso de participa\u00e7\u00e3o e agradou aos pais homenageados, o que \u00e9 comprovado pelos depoimentos a seguir:<\/p>\n<p>\u201cComo estou na empresa h\u00e1 12 anos, a a\u00e7\u00e3o \u00e9 um incentivo para fazermos parte do Grupo A\u00e7o Cearense. Podemos ver que as iniciativas em rela\u00e7\u00e3o aos colaboradores est\u00e3o evoluindo, com eventos como esse e o Parab\u00e9nsA\u00e7o, por exemplo, que a \u00e1rea da Qualidade de Vida est\u00e1 proporcionando para a gente. Isso nos d\u00e1 mais vontade de trabalhar. Eu j\u00e1 gostava muito de trabalhar aqui e agora com essas atividades estou achando que estamos produzindo mais. Eu tamb\u00e9m fiz a massoterapia e adorei, foi muito relaxante\u201d, contou Valder Matos, da Produ\u00e7\u00e3o \u00c1rea 2 da A\u00e7o Cearense Industrial Matriz.<\/p>\n<p>\u201cParticipei da primeira a\u00e7\u00e3o com o envio das fotos para o\u00a0<strong>AContece<\/strong>. Achei sensacional essa proposta de intera\u00e7\u00e3o com outras unidades, conhecendo assim os in\u00fameros pais que est\u00e3o na empresa. Depois foram oferecidos servi\u00e7os para o bem-estar dos colaboradores, realizados de forma acolhedora\u201d, afirmou Alessandro Pessoa Gon\u00e7alves, do Almoxarifado da A\u00e7o Cearense Comercial Filial.<br \/>\nJ\u00e1 para Raimundo Maia, da \u00e1rea de Vendas da A\u00e7o Cearense Comercial Matriz, o evento foi um momento de lazer para os participantes. \u201c\u00c9 sempre muito bom participar das a\u00e7\u00f5es oferecidas pela empresa! Reconhe\u00e7o o trabalho maravilhoso desempenhado pelas \u00e1reas respons\u00e1veis em organizar esse excelente evento para os pais. \u00c9 sempre um ganho para o colaborador\u201d.<\/p>\n","protected":false},"featured_media":1740,"template":"","meta":{"_acf_changed":false,"inline_featured_image":false},"categoria-noticia":[],"class_list":["post-1746","noticia","type-noticia","status-publish","has-post-thumbnail","hentry"],"acf":{"link":""},"yoast_head":"<!-- This site is optimized with the Yoast SEO plugin v25.9 - https:\/\/yoast.com\/wordpress\/plugins\/seo\/ -->\n<title>Dia dos Pais na A\u00e7o Cearense - Grupo A\u00e7o Cearense<\/title>\n<meta name=\"robots\" content=\"index, follow, max-snippet:-1, max-image-preview:large, max-video-preview:-1\" \/>\n<link rel=\"canonical\" href=\"https:\/\/previews.elleven.digital\/acocearense\/noticia\/dia-dos-pais-na-aco-cearense\/\" \/>\n<meta property=\"og:locale\" content=\"pt_BR\" \/>\n<meta property=\"og:type\" content=\"article\" \/>\n<meta property=\"og:title\" content=\"Dia dos Pais na A\u00e7o Cearense - Grupo A\u00e7o Cearense\" \/>\n<meta property=\"og:description\" content=\"Para homenagear a importante figura paterna, a\u00a0A\u00e7o Cearense\u00a0realizou corte de cabelo, barba, massoterapia e uma(...)\" \/>\n<meta property=\"og:url\" content=\"https:\/\/previews.elleven.digital\/acocearense\/noticia\/dia-dos-pais-na-aco-cearense\/\" \/>\n<meta property=\"og:site_name\" content=\"Grupo A\u00e7o Cearense\" \/>\n<meta property=\"article:modified_time\" content=\"2025-05-07T17:33:48+00:00\" \/>\n<meta property=\"og:image\" content=\"https:\/\/previews.elleven.digital\/acocearense\/wp-content\/uploads\/2025\/05\/dia-dos-pais.jpg\" \/>\n\t<meta property=\"og:image:width\" content=\"550\" \/>\n\t<meta property=\"og:image:height\" content=\"413\" \/>\n\t<meta property=\"og:image:type\" content=\"image\/jpeg\" \/>\n<meta name=\"twitter:card\" content=\"summary_large_image\" \/>\n<meta name=\"twitter:label1\" content=\"Est. tempo de leitura\" \/>\n\t<meta name=\"twitter:data1\" content=\"2 minutos\" \/>\n<script type=\"application\/ld+json\" class=\"yoast-schema-graph\">{\"@context\":\"https:\/\/schema.org\",\"@graph\":[{\"@type\":\"WebPage\",\"@id\":\"https:\/\/previews.elleven.digital\/acocearense\/noticia\/dia-dos-pais-na-aco-cearense\/\",\"url\":\"https:\/\/previews.elleven.digital\/acocearense\/noticia\/dia-dos-pais-na-aco-cearense\/\",\"name\":\"Dia dos Pais na A\u00e7o Cearense - Grupo A\u00e7o Cearense\",\"isPartOf\":{\"@id\":\"https:\/\/previews.elleven.digital\/acocearense\/#website\"},\"primaryImageOfPage\":{\"@id\":\"https:\/\/previews.elleven.digital\/acocearense\/noticia\/dia-dos-pais-na-aco-cearense\/#primaryimage\"},\"image\":{\"@id\":\"https:\/\/previews.elleven.digital\/acocearense\/noticia\/dia-dos-pais-na-aco-cearense\/#primaryimage\"},\"thumbnailUrl\":\"https:\/\/previews.elleven.digital\/acocearense\/wp-content\/uploads\/2025\/05\/dia-dos-pais.jpg\",\"datePublished\":\"2017-08-22T17:33:18+00:00\",\"dateModified\":\"2025-05-07T17:33:48+00:00\",\"breadcrumb\":{\"@id\":\"https:\/\/previews.elleven.digital\/acocearense\/noticia\/dia-dos-pais-na-aco-cearense\/#breadcrumb\"},\"inLanguage\":\"pt-BR\",\"potentialAction\":[{\"@type\":\"ReadAction\",\"target\":[\"https:\/\/previews.elleven.digital\/acocearense\/noticia\/dia-dos-pais-na-aco-cearense\/\"]}]},{\"@type\":\"ImageObject\",\"inLanguage\":\"pt-BR\",\"@id\":\"https:\/\/previews.elleven.digital\/acocearense\/noticia\/dia-dos-pais-na-aco-cearense\/#primaryimage\",\"url\":\"https:\/\/previews.elleven.digital\/acocearense\/wp-content\/uploads\/2025\/05\/dia-dos-pais.jpg\",\"contentUrl\":\"https:\/\/previews.elleven.digital\/acocearense\/wp-content\/uploads\/2025\/05\/dia-dos-pais.jpg\",\"width\":550,\"height\":413},{\"@type\":\"BreadcrumbList\",\"@id\":\"https:\/\/previews.elleven.digital\/acocearense\/noticia\/dia-dos-pais-na-aco-cearense\/#breadcrumb\",\"itemListElement\":[{\"@type\":\"ListItem\",\"position\":1,\"name\":\"In\u00edcio\",\"item\":\"https:\/\/previews.elleven.digital\/acocearense\/\"},{\"@type\":\"ListItem\",\"position\":2,\"name\":\"Not\u00edcias\",\"item\":\"https:\/\/previews.elleven.digital\/acocearense\/noticias\/\"},{\"@type\":\"ListItem\",\"position\":3,\"name\":\"Dia dos Pais na A\u00e7o Cearense\"}]},{\"@type\":\"WebSite\",\"@id\":\"https:\/\/previews.elleven.digital\/acocearense\/#website\",\"url\":\"https:\/\/previews.elleven.digital\/acocearense\/\",\"name\":\"A\u00e7o Cearense\",\"description\":\"H\u00e1 mais de 45 anos no mercado brasileiro do a\u00e7o.\",\"alternateName\":\"A\u00e7o Cearense\",\"potentialAction\":[{\"@type\":\"SearchAction\",\"target\":{\"@type\":\"EntryPoint\",\"urlTemplate\":\"https:\/\/previews.elleven.digital\/acocearense\/?s={search_term_string}\"},\"query-input\":{\"@type\":\"PropertyValueSpecification\",\"valueRequired\":true,\"valueName\":\"search_term_string\"}}],\"inLanguage\":\"pt-BR\"}]}<\/script>\n<!-- \/ Yoast SEO plugin. -->","yoast_head_json":{"title":"Dia dos Pais na A\u00e7o Cearense - Grupo A\u00e7o Cearense","robots":{"index":"index","follow":"follow","max-snippet":"max-snippet:-1","max-image-preview":"max-image-preview:large","max-video-preview":"max-video-preview:-1"},"canonical":"https:\/\/previews.elleven.digital\/acocearense\/noticia\/dia-dos-pais-na-aco-cearense\/","og_locale":"pt_BR","og_type":"article","og_title":"Dia dos Pais na A\u00e7o Cearense - Grupo A\u00e7o Cearense","og_description":"Para homenagear a importante figura paterna, a\u00a0A\u00e7o Cearense\u00a0realizou corte de cabelo, barba, massoterapia e uma(...)","og_url":"https:\/\/previews.elleven.digital\/acocearense\/noticia\/dia-dos-pais-na-aco-cearense\/","og_site_name":"Grupo A\u00e7o Cearense","article_modified_time":"2025-05-07T17:33:48+00:00","og_image":[{"width":550,"height":413,"url":"https:\/\/previews.elleven.digital\/acocearense\/wp-content\/uploads\/2025\/05\/dia-dos-pais.jpg","type":"image\/jpeg"}],"twitter_card":"summary_large_image","twitter_misc":{"Est. tempo de leitura":"2 minutos"},"schema":{"@context":"https:\/\/schema.org","@graph":[{"@type":"WebPage","@id":"https:\/\/previews.elleven.digital\/acocearense\/noticia\/dia-dos-pais-na-aco-cearense\/","url":"https:\/\/previews.elleven.digital\/acocearense\/noticia\/dia-dos-pais-na-aco-cearense\/","name":"Dia dos Pais na A\u00e7o Cearense - Grupo A\u00e7o Cearense","isPartOf":{"@id":"https:\/\/previews.elleven.digital\/acocearense\/#website"},"primaryImageOfPage":{"@id":"https:\/\/previews.elleven.digital\/acocearense\/noticia\/dia-dos-pais-na-aco-cearense\/#primaryimage"},"image":{"@id":"https:\/\/previews.elleven.digital\/acocearense\/noticia\/dia-dos-pais-na-aco-cearense\/#primaryimage"},"thumbnailUrl":"https:\/\/previews.elleven.digital\/acocearense\/wp-content\/uploads\/2025\/05\/dia-dos-pais.jpg","datePublished":"2017-08-22T17:33:18+00:00","dateModified":"2025-05-07T17:33:48+00:00","breadcrumb":{"@id":"https:\/\/previews.elleven.digital\/acocearense\/noticia\/dia-dos-pais-na-aco-cearense\/#breadcrumb"},"inLanguage":"pt-BR","potentialAction":[{"@type":"ReadAction","target":["https:\/\/previews.elleven.digital\/acocearense\/noticia\/dia-dos-pais-na-aco-cearense\/"]}]},{"@type":"ImageObject","inLanguage":"pt-BR","@id":"https:\/\/previews.elleven.digital\/acocearense\/noticia\/dia-dos-pais-na-aco-cearense\/#primaryimage","url":"https:\/\/previews.elleven.digital\/acocearense\/wp-content\/uploads\/2025\/05\/dia-dos-pais.jpg","contentUrl":"https:\/\/previews.elleven.digital\/acocearense\/wp-content\/uploads\/2025\/05\/dia-dos-pais.jpg","width":550,"height":413},{"@type":"BreadcrumbList","@id":"https:\/\/previews.elleven.digital\/acocearense\/noticia\/dia-dos-pais-na-aco-cearense\/#breadcrumb","itemListElement":[{"@type":"ListItem","position":1,"name":"In\u00edcio","item":"https:\/\/previews.elleven.digital\/acocearense\/"},{"@type":"ListItem","position":2,"name":"Not\u00edcias","item":"https:\/\/previews.elleven.digital\/acocearense\/noticias\/"},{"@type":"ListItem","position":3,"name":"Dia dos Pais na A\u00e7o Cearense"}]},{"@type":"WebSite","@id":"https:\/\/previews.elleven.digital\/acocearense\/#website","url":"https:\/\/previews.elleven.digital\/acocearense\/","name":"A\u00e7o Cearense","description":"H\u00e1 mais de 45 anos no mercado brasileiro do a\u00e7o.","alternateName":"A\u00e7o Cearense","potentialAction":[{"@type":"SearchAction","target":{"@type":"EntryPoint","urlTemplate":"https:\/\/previews.elleven.digital\/acocearense\/?s={search_term_string}"},"query-input":{"@type":"PropertyValueSpecification","valueRequired":true,"valueName":"search_term_string"}}],"inLanguage":"pt-BR"}]}},"_links":{"self":[{"href":"https:\/\/previews.elleven.digital\/acocearense\/wp-json\/wp\/v2\/noticia\/1746","targetHints":{"allow":["GET"]}}],"collection":[{"href":"https:\/\/previews.elleven.digital\/acocearense\/wp-json\/wp\/v2\/noticia"}],"about":[{"href":"https:\/\/previews.elleven.digital\/acocearense\/wp-json\/wp\/v2\/types\/noticia"}],"wp:featuredmedia":[{"embeddable":true,"href":"https:\/\/previews.elleven.digital\/acocearense\/wp-json\/wp\/v2\/media\/1740"}],"wp:attachment":[{"href":"https:\/\/previews.elleven.digital\/acocearense\/wp-json\/wp\/v2\/media?parent=1746"}],"wp:term":[{"taxonomy":"categoria-noticia","embeddable":true,"href":"https:\/\/previews.elleven.digital\/acocearense\/wp-json\/wp\/v2\/categoria-noticia?post=1746"}],"curies":[{"name":"wp","href":"https:\/\/api.w.org\/{rel}","templated":true}]}}