{"id":1744,"date":"2017-06-22T14:32:10","date_gmt":"2017-06-22T17:32:10","guid":{"rendered":"https:\/\/previews.elleven.digital\/acocearense\/?post_type=noticia&#038;p=1744"},"modified":"2025-05-07T14:32:46","modified_gmt":"2025-05-07T17:32:46","slug":"atleta-patrocinado-pelo-instituto-aco-cearense-e-bronze-na-copa-brasil-de-paraciclismo","status":"publish","type":"noticia","link":"https:\/\/previews.elleven.digital\/acocearense\/noticia\/atleta-patrocinado-pelo-instituto-aco-cearense-e-bronze-na-copa-brasil-de-paraciclismo\/","title":{"rendered":"Atleta patrocinado pelo Instituto A\u00e7o Cearense \u00e9 bronze na Copa Brasil de Paraciclismo"},"content":{"rendered":"<p>O colaborador da \u00e1rea de Servi\u00e7os da A\u00e7o Cearense Comercial e paraciclista cearense patrocinado pelo Instituto A\u00e7o Cearense, Gilberto de Sousa Silva, conquistou mais um grande resultado. Ele foi o 3\u00ba colocado na 1\u00aa Etapa da Copa Brasil de Paraciclismo na Prova de Resist\u00eancia \u2013 categoria C5, completando o circuito de 3,9 km em 1h 18m 22s. Na prova de Contrarrelogio, Gilberto terminou na quarta coloca\u00e7\u00e3o. Essa foi a quarta medalha do cearense em etapas da Copa Brasil de Paraciclismo. A edi\u00e7\u00e3o \u00e9 um dos principais eventos do calend\u00e1rio nacional e contou pontos para o ranking brasileiro.<\/p>\n<p>O evento ocorreu nos dias 3 e 4 de junho, no Vel\u00f3dromo Municipal de Indaiatuba, em S\u00e3o Paulo. A competi\u00e7\u00e3o foi realizada pela Confedera\u00e7\u00e3o Brasileira de Ciclismo (CBC), Comit\u00ea Paral\u00edmpico Brasileiro (CPB) e Federa\u00e7\u00e3o Paulista de Ciclismo (FPC).<\/p>\n<p>Gilberto acumula mais de 300 p\u00f3dios em sua carreira. Centenas de medalhas e pr\u00eamios guardados com todo cuidado e orgulho na casa onde mora com a mulher e os dois filhos, no bairro Parque Luzardo Viana, em Maracana\u00fa (CE).<\/p>\n<p>As \u00faltimas vit\u00f3rias do atleta foram na cidade de Pedro Segundo, Piau\u00ed, onde conquistou o primeiro lugar na categoria Elite e o segundo lugar geral. Em maio Gilberto participou do Hally 40 Graus e conquistou o terceiro lugar na sua categoria, ambas s\u00e3o classificat\u00f3rias para o ranking nacional. Sua pr\u00f3xima disputa ser\u00e1 em julho, em Picos tamb\u00e9m no Piau\u00ed.<\/p>\n","protected":false},"featured_media":1742,"template":"","meta":{"_acf_changed":false,"inline_featured_image":false},"categoria-noticia":[],"class_list":["post-1744","noticia","type-noticia","status-publish","has-post-thumbnail","hentry"],"acf":{"link":""},"yoast_head":"<!-- This site is optimized with the Yoast SEO plugin v25.9 - https:\/\/yoast.com\/wordpress\/plugins\/seo\/ -->\n<title>Atleta patrocinado pelo Instituto A\u00e7o Cearense \u00e9 bronze na Copa Brasil de Paraciclismo - Grupo A\u00e7o Cearense<\/title>\n<meta name=\"robots\" content=\"index, follow, max-snippet:-1, max-image-preview:large, max-video-preview:-1\" \/>\n<link rel=\"canonical\" href=\"https:\/\/previews.elleven.digital\/acocearense\/noticia\/atleta-patrocinado-pelo-instituto-aco-cearense-e-bronze-na-copa-brasil-de-paraciclismo\/\" \/>\n<meta property=\"og:locale\" content=\"pt_BR\" \/>\n<meta property=\"og:type\" content=\"article\" \/>\n<meta property=\"og:title\" content=\"Atleta patrocinado pelo Instituto A\u00e7o Cearense \u00e9 bronze na Copa Brasil de Paraciclismo - Grupo A\u00e7o Cearense\" \/>\n<meta property=\"og:description\" content=\"O colaborador da \u00e1rea de Servi\u00e7os da A\u00e7o Cearense Comercial e paraciclista cearense patrocinado pelo(...)\" \/>\n<meta property=\"og:url\" content=\"https:\/\/previews.elleven.digital\/acocearense\/noticia\/atleta-patrocinado-pelo-instituto-aco-cearense-e-bronze-na-copa-brasil-de-paraciclismo\/\" \/>\n<meta property=\"og:site_name\" content=\"Grupo A\u00e7o Cearense\" \/>\n<meta property=\"article:modified_time\" content=\"2025-05-07T17:32:46+00:00\" \/>\n<meta property=\"og:image\" content=\"https:\/\/previews.elleven.digital\/acocearense\/wp-content\/uploads\/2025\/05\/unnamed-2.jpg\" \/>\n\t<meta property=\"og:image:width\" content=\"710\" \/>\n\t<meta property=\"og:image:height\" content=\"466\" \/>\n\t<meta property=\"og:image:type\" content=\"image\/jpeg\" \/>\n<meta name=\"twitter:card\" content=\"summary_large_image\" \/>\n<meta name=\"twitter:label1\" content=\"Est. tempo de leitura\" \/>\n\t<meta name=\"twitter:data1\" content=\"2 minutos\" \/>\n<script type=\"application\/ld+json\" class=\"yoast-schema-graph\">{\"@context\":\"https:\/\/schema.org\",\"@graph\":[{\"@type\":\"WebPage\",\"@id\":\"https:\/\/previews.elleven.digital\/acocearense\/noticia\/atleta-patrocinado-pelo-instituto-aco-cearense-e-bronze-na-copa-brasil-de-paraciclismo\/\",\"url\":\"https:\/\/previews.elleven.digital\/acocearense\/noticia\/atleta-patrocinado-pelo-instituto-aco-cearense-e-bronze-na-copa-brasil-de-paraciclismo\/\",\"name\":\"Atleta patrocinado pelo Instituto A\u00e7o Cearense \u00e9 bronze na Copa Brasil de Paraciclismo - Grupo A\u00e7o Cearense\",\"isPartOf\":{\"@id\":\"https:\/\/previews.elleven.digital\/acocearense\/#website\"},\"primaryImageOfPage\":{\"@id\":\"https:\/\/previews.elleven.digital\/acocearense\/noticia\/atleta-patrocinado-pelo-instituto-aco-cearense-e-bronze-na-copa-brasil-de-paraciclismo\/#primaryimage\"},\"image\":{\"@id\":\"https:\/\/previews.elleven.digital\/acocearense\/noticia\/atleta-patrocinado-pelo-instituto-aco-cearense-e-bronze-na-copa-brasil-de-paraciclismo\/#primaryimage\"},\"thumbnailUrl\":\"https:\/\/previews.elleven.digital\/acocearense\/wp-content\/uploads\/2025\/05\/unnamed-2.jpg\",\"datePublished\":\"2017-06-22T17:32:10+00:00\",\"dateModified\":\"2025-05-07T17:32:46+00:00\",\"breadcrumb\":{\"@id\":\"https:\/\/previews.elleven.digital\/acocearense\/noticia\/atleta-patrocinado-pelo-instituto-aco-cearense-e-bronze-na-copa-brasil-de-paraciclismo\/#breadcrumb\"},\"inLanguage\":\"pt-BR\",\"potentialAction\":[{\"@type\":\"ReadAction\",\"target\":[\"https:\/\/previews.elleven.digital\/acocearense\/noticia\/atleta-patrocinado-pelo-instituto-aco-cearense-e-bronze-na-copa-brasil-de-paraciclismo\/\"]}]},{\"@type\":\"ImageObject\",\"inLanguage\":\"pt-BR\",\"@id\":\"https:\/\/previews.elleven.digital\/acocearense\/noticia\/atleta-patrocinado-pelo-instituto-aco-cearense-e-bronze-na-copa-brasil-de-paraciclismo\/#primaryimage\",\"url\":\"https:\/\/previews.elleven.digital\/acocearense\/wp-content\/uploads\/2025\/05\/unnamed-2.jpg\",\"contentUrl\":\"https:\/\/previews.elleven.digital\/acocearense\/wp-content\/uploads\/2025\/05\/unnamed-2.jpg\",\"width\":710,\"height\":466},{\"@type\":\"BreadcrumbList\",\"@id\":\"https:\/\/previews.elleven.digital\/acocearense\/noticia\/atleta-patrocinado-pelo-instituto-aco-cearense-e-bronze-na-copa-brasil-de-paraciclismo\/#breadcrumb\",\"itemListElement\":[{\"@type\":\"ListItem\",\"position\":1,\"name\":\"In\u00edcio\",\"item\":\"https:\/\/previews.elleven.digital\/acocearense\/\"},{\"@type\":\"ListItem\",\"position\":2,\"name\":\"Not\u00edcias\",\"item\":\"https:\/\/previews.elleven.digital\/acocearense\/noticias\/\"},{\"@type\":\"ListItem\",\"position\":3,\"name\":\"Atleta patrocinado pelo Instituto A\u00e7o Cearense \u00e9 bronze na Copa Brasil de Paraciclismo\"}]},{\"@type\":\"WebSite\",\"@id\":\"https:\/\/previews.elleven.digital\/acocearense\/#website\",\"url\":\"https:\/\/previews.elleven.digital\/acocearense\/\",\"name\":\"A\u00e7o Cearense\",\"description\":\"H\u00e1 mais de 45 anos no mercado brasileiro do a\u00e7o.\",\"alternateName\":\"A\u00e7o Cearense\",\"potentialAction\":[{\"@type\":\"SearchAction\",\"target\":{\"@type\":\"EntryPoint\",\"urlTemplate\":\"https:\/\/previews.elleven.digital\/acocearense\/?s={search_term_string}\"},\"query-input\":{\"@type\":\"PropertyValueSpecification\",\"valueRequired\":true,\"valueName\":\"search_term_string\"}}],\"inLanguage\":\"pt-BR\"}]}<\/script>\n<!-- \/ Yoast SEO plugin. -->","yoast_head_json":{"title":"Atleta patrocinado pelo Instituto A\u00e7o Cearense \u00e9 bronze na Copa Brasil de Paraciclismo - Grupo A\u00e7o Cearense","robots":{"index":"index","follow":"follow","max-snippet":"max-snippet:-1","max-image-preview":"max-image-preview:large","max-video-preview":"max-video-preview:-1"},"canonical":"https:\/\/previews.elleven.digital\/acocearense\/noticia\/atleta-patrocinado-pelo-instituto-aco-cearense-e-bronze-na-copa-brasil-de-paraciclismo\/","og_locale":"pt_BR","og_type":"article","og_title":"Atleta patrocinado pelo Instituto A\u00e7o Cearense \u00e9 bronze na Copa Brasil de Paraciclismo - Grupo A\u00e7o Cearense","og_description":"O colaborador da \u00e1rea de Servi\u00e7os da A\u00e7o Cearense Comercial e paraciclista cearense patrocinado pelo(...)","og_url":"https:\/\/previews.elleven.digital\/acocearense\/noticia\/atleta-patrocinado-pelo-instituto-aco-cearense-e-bronze-na-copa-brasil-de-paraciclismo\/","og_site_name":"Grupo A\u00e7o Cearense","article_modified_time":"2025-05-07T17:32:46+00:00","og_image":[{"width":710,"height":466,"url":"https:\/\/previews.elleven.digital\/acocearense\/wp-content\/uploads\/2025\/05\/unnamed-2.jpg","type":"image\/jpeg"}],"twitter_card":"summary_large_image","twitter_misc":{"Est. tempo de leitura":"2 minutos"},"schema":{"@context":"https:\/\/schema.org","@graph":[{"@type":"WebPage","@id":"https:\/\/previews.elleven.digital\/acocearense\/noticia\/atleta-patrocinado-pelo-instituto-aco-cearense-e-bronze-na-copa-brasil-de-paraciclismo\/","url":"https:\/\/previews.elleven.digital\/acocearense\/noticia\/atleta-patrocinado-pelo-instituto-aco-cearense-e-bronze-na-copa-brasil-de-paraciclismo\/","name":"Atleta patrocinado pelo Instituto A\u00e7o Cearense \u00e9 bronze na Copa Brasil de Paraciclismo - Grupo A\u00e7o Cearense","isPartOf":{"@id":"https:\/\/previews.elleven.digital\/acocearense\/#website"},"primaryImageOfPage":{"@id":"https:\/\/previews.elleven.digital\/acocearense\/noticia\/atleta-patrocinado-pelo-instituto-aco-cearense-e-bronze-na-copa-brasil-de-paraciclismo\/#primaryimage"},"image":{"@id":"https:\/\/previews.elleven.digital\/acocearense\/noticia\/atleta-patrocinado-pelo-instituto-aco-cearense-e-bronze-na-copa-brasil-de-paraciclismo\/#primaryimage"},"thumbnailUrl":"https:\/\/previews.elleven.digital\/acocearense\/wp-content\/uploads\/2025\/05\/unnamed-2.jpg","datePublished":"2017-06-22T17:32:10+00:00","dateModified":"2025-05-07T17:32:46+00:00","breadcrumb":{"@id":"https:\/\/previews.elleven.digital\/acocearense\/noticia\/atleta-patrocinado-pelo-instituto-aco-cearense-e-bronze-na-copa-brasil-de-paraciclismo\/#breadcrumb"},"inLanguage":"pt-BR","potentialAction":[{"@type":"ReadAction","target":["https:\/\/previews.elleven.digital\/acocearense\/noticia\/atleta-patrocinado-pelo-instituto-aco-cearense-e-bronze-na-copa-brasil-de-paraciclismo\/"]}]},{"@type":"ImageObject","inLanguage":"pt-BR","@id":"https:\/\/previews.elleven.digital\/acocearense\/noticia\/atleta-patrocinado-pelo-instituto-aco-cearense-e-bronze-na-copa-brasil-de-paraciclismo\/#primaryimage","url":"https:\/\/previews.elleven.digital\/acocearense\/wp-content\/uploads\/2025\/05\/unnamed-2.jpg","contentUrl":"https:\/\/previews.elleven.digital\/acocearense\/wp-content\/uploads\/2025\/05\/unnamed-2.jpg","width":710,"height":466},{"@type":"BreadcrumbList","@id":"https:\/\/previews.elleven.digital\/acocearense\/noticia\/atleta-patrocinado-pelo-instituto-aco-cearense-e-bronze-na-copa-brasil-de-paraciclismo\/#breadcrumb","itemListElement":[{"@type":"ListItem","position":1,"name":"In\u00edcio","item":"https:\/\/previews.elleven.digital\/acocearense\/"},{"@type":"ListItem","position":2,"name":"Not\u00edcias","item":"https:\/\/previews.elleven.digital\/acocearense\/noticias\/"},{"@type":"ListItem","position":3,"name":"Atleta patrocinado pelo Instituto A\u00e7o Cearense \u00e9 bronze na Copa Brasil de Paraciclismo"}]},{"@type":"WebSite","@id":"https:\/\/previews.elleven.digital\/acocearense\/#website","url":"https:\/\/previews.elleven.digital\/acocearense\/","name":"A\u00e7o Cearense","description":"H\u00e1 mais de 45 anos no mercado brasileiro do a\u00e7o.","alternateName":"A\u00e7o Cearense","potentialAction":[{"@type":"SearchAction","target":{"@type":"EntryPoint","urlTemplate":"https:\/\/previews.elleven.digital\/acocearense\/?s={search_term_string}"},"query-input":{"@type":"PropertyValueSpecification","valueRequired":true,"valueName":"search_term_string"}}],"inLanguage":"pt-BR"}]}},"_links":{"self":[{"href":"https:\/\/previews.elleven.digital\/acocearense\/wp-json\/wp\/v2\/noticia\/1744","targetHints":{"allow":["GET"]}}],"collection":[{"href":"https:\/\/previews.elleven.digital\/acocearense\/wp-json\/wp\/v2\/noticia"}],"about":[{"href":"https:\/\/previews.elleven.digital\/acocearense\/wp-json\/wp\/v2\/types\/noticia"}],"wp:featuredmedia":[{"embeddable":true,"href":"https:\/\/previews.elleven.digital\/acocearense\/wp-json\/wp\/v2\/media\/1742"}],"wp:attachment":[{"href":"https:\/\/previews.elleven.digital\/acocearense\/wp-json\/wp\/v2\/media?parent=1744"}],"wp:term":[{"taxonomy":"categoria-noticia","embeddable":true,"href":"https:\/\/previews.elleven.digital\/acocearense\/wp-json\/wp\/v2\/categoria-noticia?post=1744"}],"curies":[{"name":"wp","href":"https:\/\/api.w.org\/{rel}","templated":true}]}}