{"id":1733,"date":"2017-06-22T14:28:36","date_gmt":"2017-06-22T17:28:36","guid":{"rendered":"https:\/\/previews.elleven.digital\/acocearense\/?post_type=noticia&#038;p=1733"},"modified":"2025-05-07T14:32:06","modified_gmt":"2025-05-07T17:32:06","slug":"visita-do-iac-ao-municipio-de-marco-no-ceara","status":"publish","type":"noticia","link":"https:\/\/previews.elleven.digital\/acocearense\/noticia\/visita-do-iac-ao-municipio-de-marco-no-ceara\/","title":{"rendered":"Visita do IAC ao munic\u00edpio de Marco no Cear\u00e1"},"content":{"rendered":"<p>O Instituto A\u00e7o Cearense visitou o munic\u00edpio de Marco-CE com objetivo de iniciar parceria com a Secretaria de Educa\u00e7\u00e3o, Esporte e Cultura do munic\u00edpio. O momento teve como proposta apresentar os projetos sociais desenvolvidas pelo Instituto e oferecer uma oficina de Constru\u00e7\u00e3o e Elabora\u00e7\u00e3o de Projeto de Interven\u00e7\u00e3o Social para os professores da rede p\u00fablica de ensino.<\/p>\n<p>Inicialmente 15 professores participaram da capacita\u00e7\u00e3o. A proposta do Instituto A\u00e7o Cearense foi incentivar os professores para elaborarem projetos de interven\u00e7\u00e3o que venham minimizar os problemas sociais enfrentados pelos adolescentes e jovens no munic\u00edpio de Marco. Cada vez mais os jovens e adolescentes est\u00e3o se envolvendo e inseridos num contexto de vulnerabilidade social, sendo v\u00edtimas quase todos os dias da viol\u00eancia. \u201cSegundo os professores que participaram da oficina, ainda n\u00e3o se tem nenhum projeto de capacita\u00e7\u00e3o voltado para adolescentes e jovens que possa motiv\u00e1-los a perceber outras oportunidades e escolhas\u201d, disse Luciana Rabelo, Coordenadora de Projetos Sociais do Instituto A\u00e7o Cearense.<\/p>\n<p>Ao final da oficina foram doados 63 livros \u201cA Ben\u00e7\u00e3o n\u00e3o foi por acaso, a hist\u00f3ria de Vilmar Ferreira\u201d, que conta a trajet\u00f3ria da vida do empres\u00e1rio fundador do Grupo A\u00e7o Cearense que nasceu em Marco e viveu a inf\u00e2ncia e adolesc\u00eancia na cidade. Os livros foram entregues \u00e0 Secretaria de Educa\u00e7\u00e3o, Esporte e Cultura do munic\u00edpio, para que todas as Escolas P\u00fablicas do Munic\u00edpio de Marco tenham o livro em suas bibliotecas.<\/p>\n<p>O Instituto tamb\u00e9m visitou a ABAV \u2013 Associa\u00e7\u00e3o Beneficiente Amigos pela Vida-Bom Samaritano, um abrigo que acolhe idosos no munic\u00edpio de Marco. Esta institui\u00e7\u00e3o recebe o apoio financeiro do Instituto A\u00e7o Cearense. A pr\u00f3xima visita do IAC ao munic\u00edpio de Marco est\u00e1 prevista para o m\u00eas de agosto com o objetivo de realizar o evento Pedalando pela Paz, passeio cicl\u00edstico, que tem por objetivo mobilizar as comunidades que sofrem com a viol\u00eancia para cultivar uma viv\u00eancia de paz e, ao mesmo tempo, despertar nos jovens a import\u00e2ncia do ciclismo como categoria esportiva.<\/p>\n","protected":false},"featured_media":1743,"template":"","meta":{"_acf_changed":false,"inline_featured_image":false},"categoria-noticia":[],"class_list":["post-1733","noticia","type-noticia","status-publish","has-post-thumbnail","hentry"],"acf":{"link":""},"yoast_head":"<!-- This site is optimized with the Yoast SEO plugin v25.9 - https:\/\/yoast.com\/wordpress\/plugins\/seo\/ -->\n<title>Visita do IAC ao munic\u00edpio de Marco no Cear\u00e1 - Grupo A\u00e7o Cearense<\/title>\n<meta name=\"robots\" content=\"index, follow, max-snippet:-1, max-image-preview:large, max-video-preview:-1\" \/>\n<link rel=\"canonical\" href=\"https:\/\/previews.elleven.digital\/acocearense\/noticia\/visita-do-iac-ao-municipio-de-marco-no-ceara\/\" \/>\n<meta property=\"og:locale\" content=\"pt_BR\" \/>\n<meta property=\"og:type\" content=\"article\" \/>\n<meta property=\"og:title\" content=\"Visita do IAC ao munic\u00edpio de Marco no Cear\u00e1 - Grupo A\u00e7o Cearense\" \/>\n<meta property=\"og:description\" content=\"O Instituto A\u00e7o Cearense visitou o munic\u00edpio de Marco-CE com objetivo de iniciar parceria com(...)\" \/>\n<meta property=\"og:url\" content=\"https:\/\/previews.elleven.digital\/acocearense\/noticia\/visita-do-iac-ao-municipio-de-marco-no-ceara\/\" \/>\n<meta property=\"og:site_name\" content=\"Grupo A\u00e7o Cearense\" \/>\n<meta property=\"article:modified_time\" content=\"2025-05-07T17:32:06+00:00\" \/>\n<meta property=\"og:image\" content=\"https:\/\/previews.elleven.digital\/acocearense\/wp-content\/uploads\/2025\/05\/IMG_0958-scaled.jpg\" \/>\n\t<meta property=\"og:image:width\" content=\"2560\" \/>\n\t<meta property=\"og:image:height\" content=\"1227\" \/>\n\t<meta property=\"og:image:type\" content=\"image\/jpeg\" \/>\n<meta name=\"twitter:card\" content=\"summary_large_image\" \/>\n<meta name=\"twitter:label1\" content=\"Est. tempo de leitura\" \/>\n\t<meta name=\"twitter:data1\" content=\"2 minutos\" \/>\n<script type=\"application\/ld+json\" class=\"yoast-schema-graph\">{\"@context\":\"https:\/\/schema.org\",\"@graph\":[{\"@type\":\"WebPage\",\"@id\":\"https:\/\/previews.elleven.digital\/acocearense\/noticia\/visita-do-iac-ao-municipio-de-marco-no-ceara\/\",\"url\":\"https:\/\/previews.elleven.digital\/acocearense\/noticia\/visita-do-iac-ao-municipio-de-marco-no-ceara\/\",\"name\":\"Visita do IAC ao munic\u00edpio de Marco no Cear\u00e1 - Grupo A\u00e7o Cearense\",\"isPartOf\":{\"@id\":\"https:\/\/previews.elleven.digital\/acocearense\/#website\"},\"primaryImageOfPage\":{\"@id\":\"https:\/\/previews.elleven.digital\/acocearense\/noticia\/visita-do-iac-ao-municipio-de-marco-no-ceara\/#primaryimage\"},\"image\":{\"@id\":\"https:\/\/previews.elleven.digital\/acocearense\/noticia\/visita-do-iac-ao-municipio-de-marco-no-ceara\/#primaryimage\"},\"thumbnailUrl\":\"https:\/\/previews.elleven.digital\/acocearense\/wp-content\/uploads\/2025\/05\/IMG_0958-scaled.jpg\",\"datePublished\":\"2017-06-22T17:28:36+00:00\",\"dateModified\":\"2025-05-07T17:32:06+00:00\",\"breadcrumb\":{\"@id\":\"https:\/\/previews.elleven.digital\/acocearense\/noticia\/visita-do-iac-ao-municipio-de-marco-no-ceara\/#breadcrumb\"},\"inLanguage\":\"pt-BR\",\"potentialAction\":[{\"@type\":\"ReadAction\",\"target\":[\"https:\/\/previews.elleven.digital\/acocearense\/noticia\/visita-do-iac-ao-municipio-de-marco-no-ceara\/\"]}]},{\"@type\":\"ImageObject\",\"inLanguage\":\"pt-BR\",\"@id\":\"https:\/\/previews.elleven.digital\/acocearense\/noticia\/visita-do-iac-ao-municipio-de-marco-no-ceara\/#primaryimage\",\"url\":\"https:\/\/previews.elleven.digital\/acocearense\/wp-content\/uploads\/2025\/05\/IMG_0958-scaled.jpg\",\"contentUrl\":\"https:\/\/previews.elleven.digital\/acocearense\/wp-content\/uploads\/2025\/05\/IMG_0958-scaled.jpg\",\"width\":2560,\"height\":1227},{\"@type\":\"BreadcrumbList\",\"@id\":\"https:\/\/previews.elleven.digital\/acocearense\/noticia\/visita-do-iac-ao-municipio-de-marco-no-ceara\/#breadcrumb\",\"itemListElement\":[{\"@type\":\"ListItem\",\"position\":1,\"name\":\"In\u00edcio\",\"item\":\"https:\/\/previews.elleven.digital\/acocearense\/\"},{\"@type\":\"ListItem\",\"position\":2,\"name\":\"Not\u00edcias\",\"item\":\"https:\/\/previews.elleven.digital\/acocearense\/noticias\/\"},{\"@type\":\"ListItem\",\"position\":3,\"name\":\"Visita do IAC ao munic\u00edpio de Marco no Cear\u00e1\"}]},{\"@type\":\"WebSite\",\"@id\":\"https:\/\/previews.elleven.digital\/acocearense\/#website\",\"url\":\"https:\/\/previews.elleven.digital\/acocearense\/\",\"name\":\"A\u00e7o Cearense\",\"description\":\"H\u00e1 mais de 45 anos no mercado brasileiro do a\u00e7o.\",\"alternateName\":\"A\u00e7o Cearense\",\"potentialAction\":[{\"@type\":\"SearchAction\",\"target\":{\"@type\":\"EntryPoint\",\"urlTemplate\":\"https:\/\/previews.elleven.digital\/acocearense\/?s={search_term_string}\"},\"query-input\":{\"@type\":\"PropertyValueSpecification\",\"valueRequired\":true,\"valueName\":\"search_term_string\"}}],\"inLanguage\":\"pt-BR\"}]}<\/script>\n<!-- \/ Yoast SEO plugin. -->","yoast_head_json":{"title":"Visita do IAC ao munic\u00edpio de Marco no Cear\u00e1 - Grupo A\u00e7o Cearense","robots":{"index":"index","follow":"follow","max-snippet":"max-snippet:-1","max-image-preview":"max-image-preview:large","max-video-preview":"max-video-preview:-1"},"canonical":"https:\/\/previews.elleven.digital\/acocearense\/noticia\/visita-do-iac-ao-municipio-de-marco-no-ceara\/","og_locale":"pt_BR","og_type":"article","og_title":"Visita do IAC ao munic\u00edpio de Marco no Cear\u00e1 - Grupo A\u00e7o Cearense","og_description":"O Instituto A\u00e7o Cearense visitou o munic\u00edpio de Marco-CE com objetivo de iniciar parceria com(...)","og_url":"https:\/\/previews.elleven.digital\/acocearense\/noticia\/visita-do-iac-ao-municipio-de-marco-no-ceara\/","og_site_name":"Grupo A\u00e7o Cearense","article_modified_time":"2025-05-07T17:32:06+00:00","og_image":[{"width":2560,"height":1227,"url":"https:\/\/previews.elleven.digital\/acocearense\/wp-content\/uploads\/2025\/05\/IMG_0958-scaled.jpg","type":"image\/jpeg"}],"twitter_card":"summary_large_image","twitter_misc":{"Est. tempo de leitura":"2 minutos"},"schema":{"@context":"https:\/\/schema.org","@graph":[{"@type":"WebPage","@id":"https:\/\/previews.elleven.digital\/acocearense\/noticia\/visita-do-iac-ao-municipio-de-marco-no-ceara\/","url":"https:\/\/previews.elleven.digital\/acocearense\/noticia\/visita-do-iac-ao-municipio-de-marco-no-ceara\/","name":"Visita do IAC ao munic\u00edpio de Marco no Cear\u00e1 - Grupo A\u00e7o Cearense","isPartOf":{"@id":"https:\/\/previews.elleven.digital\/acocearense\/#website"},"primaryImageOfPage":{"@id":"https:\/\/previews.elleven.digital\/acocearense\/noticia\/visita-do-iac-ao-municipio-de-marco-no-ceara\/#primaryimage"},"image":{"@id":"https:\/\/previews.elleven.digital\/acocearense\/noticia\/visita-do-iac-ao-municipio-de-marco-no-ceara\/#primaryimage"},"thumbnailUrl":"https:\/\/previews.elleven.digital\/acocearense\/wp-content\/uploads\/2025\/05\/IMG_0958-scaled.jpg","datePublished":"2017-06-22T17:28:36+00:00","dateModified":"2025-05-07T17:32:06+00:00","breadcrumb":{"@id":"https:\/\/previews.elleven.digital\/acocearense\/noticia\/visita-do-iac-ao-municipio-de-marco-no-ceara\/#breadcrumb"},"inLanguage":"pt-BR","potentialAction":[{"@type":"ReadAction","target":["https:\/\/previews.elleven.digital\/acocearense\/noticia\/visita-do-iac-ao-municipio-de-marco-no-ceara\/"]}]},{"@type":"ImageObject","inLanguage":"pt-BR","@id":"https:\/\/previews.elleven.digital\/acocearense\/noticia\/visita-do-iac-ao-municipio-de-marco-no-ceara\/#primaryimage","url":"https:\/\/previews.elleven.digital\/acocearense\/wp-content\/uploads\/2025\/05\/IMG_0958-scaled.jpg","contentUrl":"https:\/\/previews.elleven.digital\/acocearense\/wp-content\/uploads\/2025\/05\/IMG_0958-scaled.jpg","width":2560,"height":1227},{"@type":"BreadcrumbList","@id":"https:\/\/previews.elleven.digital\/acocearense\/noticia\/visita-do-iac-ao-municipio-de-marco-no-ceara\/#breadcrumb","itemListElement":[{"@type":"ListItem","position":1,"name":"In\u00edcio","item":"https:\/\/previews.elleven.digital\/acocearense\/"},{"@type":"ListItem","position":2,"name":"Not\u00edcias","item":"https:\/\/previews.elleven.digital\/acocearense\/noticias\/"},{"@type":"ListItem","position":3,"name":"Visita do IAC ao munic\u00edpio de Marco no Cear\u00e1"}]},{"@type":"WebSite","@id":"https:\/\/previews.elleven.digital\/acocearense\/#website","url":"https:\/\/previews.elleven.digital\/acocearense\/","name":"A\u00e7o Cearense","description":"H\u00e1 mais de 45 anos no mercado brasileiro do a\u00e7o.","alternateName":"A\u00e7o Cearense","potentialAction":[{"@type":"SearchAction","target":{"@type":"EntryPoint","urlTemplate":"https:\/\/previews.elleven.digital\/acocearense\/?s={search_term_string}"},"query-input":{"@type":"PropertyValueSpecification","valueRequired":true,"valueName":"search_term_string"}}],"inLanguage":"pt-BR"}]}},"_links":{"self":[{"href":"https:\/\/previews.elleven.digital\/acocearense\/wp-json\/wp\/v2\/noticia\/1733","targetHints":{"allow":["GET"]}}],"collection":[{"href":"https:\/\/previews.elleven.digital\/acocearense\/wp-json\/wp\/v2\/noticia"}],"about":[{"href":"https:\/\/previews.elleven.digital\/acocearense\/wp-json\/wp\/v2\/types\/noticia"}],"wp:featuredmedia":[{"embeddable":true,"href":"https:\/\/previews.elleven.digital\/acocearense\/wp-json\/wp\/v2\/media\/1743"}],"wp:attachment":[{"href":"https:\/\/previews.elleven.digital\/acocearense\/wp-json\/wp\/v2\/media?parent=1733"}],"wp:term":[{"taxonomy":"categoria-noticia","embeddable":true,"href":"https:\/\/previews.elleven.digital\/acocearense\/wp-json\/wp\/v2\/categoria-noticia?post=1733"}],"curies":[{"name":"wp","href":"https:\/\/api.w.org\/{rel}","templated":true}]}}