{"id":1732,"date":"2017-06-21T14:28:02","date_gmt":"2017-06-21T17:28:02","guid":{"rendered":"https:\/\/previews.elleven.digital\/acocearense\/?post_type=noticia&#038;p=1732"},"modified":"2025-05-07T14:28:33","modified_gmt":"2025-05-07T17:28:33","slug":"instituto-aco-cearense-contribui-com-o-desenvolvimento-de-ongs-parceiras","status":"publish","type":"noticia","link":"https:\/\/previews.elleven.digital\/acocearense\/noticia\/instituto-aco-cearense-contribui-com-o-desenvolvimento-de-ongs-parceiras\/","title":{"rendered":"Instituto A\u00e7o Cearense contribui com o desenvolvimento de ONG`s parceiras"},"content":{"rendered":"<p>Com a crise econ\u00f4mica atual, as ONG\u2019s est\u00e3o reduzindo os atendimentos e benef\u00edcios \u00e0s pessoas que dependem unicamente dessas institui\u00e7\u00f5es. Como forma de contribuir com a capta\u00e7\u00e3o de recursos e manter as atividades realizadas para as comunidades, o Instituto A\u00e7o Cearense promoveu uma Oficina de Elabora\u00e7\u00e3o de Projetos Sociais para ONGs, no audit\u00f3rio da A\u00e7o Cearense Comercial.<\/p>\n<p>A iniciativa teve o apoio da Dialogus Consultoria e tem por objetivo capacitar as ONG\u2019s atendidas pelo Instituto A\u00e7o Cearense para construir projetos sociais de forma ordenada e mais profissional. Apesar de entidades sociais n\u00e3o possu\u00edrem fins lucrativos e econ\u00f4micos, construir e manter estrutura que forne\u00e7a servi\u00e7os sociais de qualidade demanda muito profissionalismo e investimento. \u201cA oficina foi uma prepara\u00e7\u00e3o para buscar recursos financeiros e assim manter e realizar projetos. Mais do que colaborar com apoio financeiro, queremos que essas institui\u00e7\u00f5es se desenvolvam. N\u00e3o basta apenas querer fazer, \u00e9 preciso saber fazer para crescer\u201d, disse Rosemeire Matos, Presidente do Instituto A\u00e7o Cearense.<\/p>\n<p>Essas entidades atendem gratuitamente um p\u00fablico carente de recursos, e a forma mais utilizada para conseguir os recursos necess\u00e1rios \u00e9 a realiza\u00e7\u00e3o de projetos sociais para se conseguir apoio financeiro e doa\u00e7\u00f5es. \u201cOs projetos bem elaborados t\u00eam mais condi\u00e7\u00f5es de obter um melhor resultado e garantir o alcance dos objetivos das institui\u00e7\u00f5es\u201d, comentou a instrutora da oficina, Manoela Silva, da Di\u00e1logos Consultoria,\u00a0que j\u00e1 atendeu empresas como a Associa\u00e7\u00e3o Hapvida, Cagece, Incor Crian\u00e7a, Mercadinhos S\u00e3o Lu\u00eds, al\u00e9m do Instituto A\u00e7o Cearense e outros.<\/p>\n<p>Participaram da capacita\u00e7\u00e3o institui\u00e7\u00f5es que recebem atualmente o apoio financeiro mensal do Instituto A\u00e7o Cearense que s\u00e3o: a Escola de Campe\u00f5es, Creche Amadeu Barros Leal, J.A. Cear\u00e1, ABENJ, Cepevive, Associa\u00e7\u00e3o S\u00e3o Vicente de Paulo, Lar de Clara e Pequeno Cotolengo,\u00a0totalizando 18 representantes. \u201cAchei a iniciativa excelente e acho que deveria acontecer mais vezes. nclusive saiu um edital do Estado e esse curso j\u00e1 vai ajudar na prepara\u00e7\u00e3o do projeto\u201d, disse Enoe Araripe Autran, vice-presidente da Creche Amadeu Barros Leal. A entrega dos certificados aos participantes do curso ocorrer\u00e1 no final do m\u00eas Junho ap\u00f3s a finaliza\u00e7\u00e3o de cada projeto elaborado e entregue ao IAC.<\/p>\n","protected":false},"featured_media":1717,"template":"","meta":{"_acf_changed":false,"inline_featured_image":false},"categoria-noticia":[],"class_list":["post-1732","noticia","type-noticia","status-publish","has-post-thumbnail","hentry"],"acf":{"link":""},"yoast_head":"<!-- This site is optimized with the Yoast SEO plugin v25.9 - https:\/\/yoast.com\/wordpress\/plugins\/seo\/ -->\n<title>Instituto A\u00e7o Cearense contribui com o desenvolvimento de ONG`s parceiras - Grupo A\u00e7o Cearense<\/title>\n<meta name=\"robots\" content=\"index, follow, max-snippet:-1, max-image-preview:large, max-video-preview:-1\" \/>\n<link rel=\"canonical\" href=\"https:\/\/previews.elleven.digital\/acocearense\/noticia\/instituto-aco-cearense-contribui-com-o-desenvolvimento-de-ongs-parceiras\/\" \/>\n<meta property=\"og:locale\" content=\"pt_BR\" \/>\n<meta property=\"og:type\" content=\"article\" \/>\n<meta property=\"og:title\" content=\"Instituto A\u00e7o Cearense contribui com o desenvolvimento de ONG`s parceiras - Grupo A\u00e7o Cearense\" \/>\n<meta property=\"og:description\" content=\"Com a crise econ\u00f4mica atual, as ONG\u2019s est\u00e3o reduzindo os atendimentos e benef\u00edcios \u00e0s pessoas(...)\" \/>\n<meta property=\"og:url\" content=\"https:\/\/previews.elleven.digital\/acocearense\/noticia\/instituto-aco-cearense-contribui-com-o-desenvolvimento-de-ongs-parceiras\/\" \/>\n<meta property=\"og:site_name\" content=\"Grupo A\u00e7o Cearense\" \/>\n<meta property=\"article:modified_time\" content=\"2025-05-07T17:28:33+00:00\" \/>\n<meta property=\"og:image\" content=\"https:\/\/previews.elleven.digital\/acocearense\/wp-content\/uploads\/2025\/05\/encontro-de-ongs.jpg\" \/>\n\t<meta property=\"og:image:width\" content=\"550\" \/>\n\t<meta property=\"og:image:height\" content=\"447\" \/>\n\t<meta property=\"og:image:type\" content=\"image\/jpeg\" \/>\n<meta name=\"twitter:card\" content=\"summary_large_image\" \/>\n<meta name=\"twitter:label1\" content=\"Est. tempo de leitura\" \/>\n\t<meta name=\"twitter:data1\" content=\"2 minutos\" \/>\n<script type=\"application\/ld+json\" class=\"yoast-schema-graph\">{\"@context\":\"https:\/\/schema.org\",\"@graph\":[{\"@type\":\"WebPage\",\"@id\":\"https:\/\/previews.elleven.digital\/acocearense\/noticia\/instituto-aco-cearense-contribui-com-o-desenvolvimento-de-ongs-parceiras\/\",\"url\":\"https:\/\/previews.elleven.digital\/acocearense\/noticia\/instituto-aco-cearense-contribui-com-o-desenvolvimento-de-ongs-parceiras\/\",\"name\":\"Instituto A\u00e7o Cearense contribui com o desenvolvimento de ONG`s parceiras - Grupo A\u00e7o Cearense\",\"isPartOf\":{\"@id\":\"https:\/\/previews.elleven.digital\/acocearense\/#website\"},\"primaryImageOfPage\":{\"@id\":\"https:\/\/previews.elleven.digital\/acocearense\/noticia\/instituto-aco-cearense-contribui-com-o-desenvolvimento-de-ongs-parceiras\/#primaryimage\"},\"image\":{\"@id\":\"https:\/\/previews.elleven.digital\/acocearense\/noticia\/instituto-aco-cearense-contribui-com-o-desenvolvimento-de-ongs-parceiras\/#primaryimage\"},\"thumbnailUrl\":\"https:\/\/previews.elleven.digital\/acocearense\/wp-content\/uploads\/2025\/05\/encontro-de-ongs.jpg\",\"datePublished\":\"2017-06-21T17:28:02+00:00\",\"dateModified\":\"2025-05-07T17:28:33+00:00\",\"breadcrumb\":{\"@id\":\"https:\/\/previews.elleven.digital\/acocearense\/noticia\/instituto-aco-cearense-contribui-com-o-desenvolvimento-de-ongs-parceiras\/#breadcrumb\"},\"inLanguage\":\"pt-BR\",\"potentialAction\":[{\"@type\":\"ReadAction\",\"target\":[\"https:\/\/previews.elleven.digital\/acocearense\/noticia\/instituto-aco-cearense-contribui-com-o-desenvolvimento-de-ongs-parceiras\/\"]}]},{\"@type\":\"ImageObject\",\"inLanguage\":\"pt-BR\",\"@id\":\"https:\/\/previews.elleven.digital\/acocearense\/noticia\/instituto-aco-cearense-contribui-com-o-desenvolvimento-de-ongs-parceiras\/#primaryimage\",\"url\":\"https:\/\/previews.elleven.digital\/acocearense\/wp-content\/uploads\/2025\/05\/encontro-de-ongs.jpg\",\"contentUrl\":\"https:\/\/previews.elleven.digital\/acocearense\/wp-content\/uploads\/2025\/05\/encontro-de-ongs.jpg\",\"width\":550,\"height\":447},{\"@type\":\"BreadcrumbList\",\"@id\":\"https:\/\/previews.elleven.digital\/acocearense\/noticia\/instituto-aco-cearense-contribui-com-o-desenvolvimento-de-ongs-parceiras\/#breadcrumb\",\"itemListElement\":[{\"@type\":\"ListItem\",\"position\":1,\"name\":\"In\u00edcio\",\"item\":\"https:\/\/previews.elleven.digital\/acocearense\/\"},{\"@type\":\"ListItem\",\"position\":2,\"name\":\"Not\u00edcias\",\"item\":\"https:\/\/previews.elleven.digital\/acocearense\/noticias\/\"},{\"@type\":\"ListItem\",\"position\":3,\"name\":\"Instituto A\u00e7o Cearense contribui com o desenvolvimento de ONG`s parceiras\"}]},{\"@type\":\"WebSite\",\"@id\":\"https:\/\/previews.elleven.digital\/acocearense\/#website\",\"url\":\"https:\/\/previews.elleven.digital\/acocearense\/\",\"name\":\"A\u00e7o Cearense\",\"description\":\"H\u00e1 mais de 45 anos no mercado brasileiro do a\u00e7o.\",\"alternateName\":\"A\u00e7o Cearense\",\"potentialAction\":[{\"@type\":\"SearchAction\",\"target\":{\"@type\":\"EntryPoint\",\"urlTemplate\":\"https:\/\/previews.elleven.digital\/acocearense\/?s={search_term_string}\"},\"query-input\":{\"@type\":\"PropertyValueSpecification\",\"valueRequired\":true,\"valueName\":\"search_term_string\"}}],\"inLanguage\":\"pt-BR\"}]}<\/script>\n<!-- \/ Yoast SEO plugin. -->","yoast_head_json":{"title":"Instituto A\u00e7o Cearense contribui com o desenvolvimento de ONG`s parceiras - Grupo A\u00e7o Cearense","robots":{"index":"index","follow":"follow","max-snippet":"max-snippet:-1","max-image-preview":"max-image-preview:large","max-video-preview":"max-video-preview:-1"},"canonical":"https:\/\/previews.elleven.digital\/acocearense\/noticia\/instituto-aco-cearense-contribui-com-o-desenvolvimento-de-ongs-parceiras\/","og_locale":"pt_BR","og_type":"article","og_title":"Instituto A\u00e7o Cearense contribui com o desenvolvimento de ONG`s parceiras - Grupo A\u00e7o Cearense","og_description":"Com a crise econ\u00f4mica atual, as ONG\u2019s est\u00e3o reduzindo os atendimentos e benef\u00edcios \u00e0s pessoas(...)","og_url":"https:\/\/previews.elleven.digital\/acocearense\/noticia\/instituto-aco-cearense-contribui-com-o-desenvolvimento-de-ongs-parceiras\/","og_site_name":"Grupo A\u00e7o Cearense","article_modified_time":"2025-05-07T17:28:33+00:00","og_image":[{"width":550,"height":447,"url":"https:\/\/previews.elleven.digital\/acocearense\/wp-content\/uploads\/2025\/05\/encontro-de-ongs.jpg","type":"image\/jpeg"}],"twitter_card":"summary_large_image","twitter_misc":{"Est. tempo de leitura":"2 minutos"},"schema":{"@context":"https:\/\/schema.org","@graph":[{"@type":"WebPage","@id":"https:\/\/previews.elleven.digital\/acocearense\/noticia\/instituto-aco-cearense-contribui-com-o-desenvolvimento-de-ongs-parceiras\/","url":"https:\/\/previews.elleven.digital\/acocearense\/noticia\/instituto-aco-cearense-contribui-com-o-desenvolvimento-de-ongs-parceiras\/","name":"Instituto A\u00e7o Cearense contribui com o desenvolvimento de ONG`s parceiras - Grupo A\u00e7o Cearense","isPartOf":{"@id":"https:\/\/previews.elleven.digital\/acocearense\/#website"},"primaryImageOfPage":{"@id":"https:\/\/previews.elleven.digital\/acocearense\/noticia\/instituto-aco-cearense-contribui-com-o-desenvolvimento-de-ongs-parceiras\/#primaryimage"},"image":{"@id":"https:\/\/previews.elleven.digital\/acocearense\/noticia\/instituto-aco-cearense-contribui-com-o-desenvolvimento-de-ongs-parceiras\/#primaryimage"},"thumbnailUrl":"https:\/\/previews.elleven.digital\/acocearense\/wp-content\/uploads\/2025\/05\/encontro-de-ongs.jpg","datePublished":"2017-06-21T17:28:02+00:00","dateModified":"2025-05-07T17:28:33+00:00","breadcrumb":{"@id":"https:\/\/previews.elleven.digital\/acocearense\/noticia\/instituto-aco-cearense-contribui-com-o-desenvolvimento-de-ongs-parceiras\/#breadcrumb"},"inLanguage":"pt-BR","potentialAction":[{"@type":"ReadAction","target":["https:\/\/previews.elleven.digital\/acocearense\/noticia\/instituto-aco-cearense-contribui-com-o-desenvolvimento-de-ongs-parceiras\/"]}]},{"@type":"ImageObject","inLanguage":"pt-BR","@id":"https:\/\/previews.elleven.digital\/acocearense\/noticia\/instituto-aco-cearense-contribui-com-o-desenvolvimento-de-ongs-parceiras\/#primaryimage","url":"https:\/\/previews.elleven.digital\/acocearense\/wp-content\/uploads\/2025\/05\/encontro-de-ongs.jpg","contentUrl":"https:\/\/previews.elleven.digital\/acocearense\/wp-content\/uploads\/2025\/05\/encontro-de-ongs.jpg","width":550,"height":447},{"@type":"BreadcrumbList","@id":"https:\/\/previews.elleven.digital\/acocearense\/noticia\/instituto-aco-cearense-contribui-com-o-desenvolvimento-de-ongs-parceiras\/#breadcrumb","itemListElement":[{"@type":"ListItem","position":1,"name":"In\u00edcio","item":"https:\/\/previews.elleven.digital\/acocearense\/"},{"@type":"ListItem","position":2,"name":"Not\u00edcias","item":"https:\/\/previews.elleven.digital\/acocearense\/noticias\/"},{"@type":"ListItem","position":3,"name":"Instituto A\u00e7o Cearense contribui com o desenvolvimento de ONG`s parceiras"}]},{"@type":"WebSite","@id":"https:\/\/previews.elleven.digital\/acocearense\/#website","url":"https:\/\/previews.elleven.digital\/acocearense\/","name":"A\u00e7o Cearense","description":"H\u00e1 mais de 45 anos no mercado brasileiro do a\u00e7o.","alternateName":"A\u00e7o Cearense","potentialAction":[{"@type":"SearchAction","target":{"@type":"EntryPoint","urlTemplate":"https:\/\/previews.elleven.digital\/acocearense\/?s={search_term_string}"},"query-input":{"@type":"PropertyValueSpecification","valueRequired":true,"valueName":"search_term_string"}}],"inLanguage":"pt-BR"}]}},"_links":{"self":[{"href":"https:\/\/previews.elleven.digital\/acocearense\/wp-json\/wp\/v2\/noticia\/1732","targetHints":{"allow":["GET"]}}],"collection":[{"href":"https:\/\/previews.elleven.digital\/acocearense\/wp-json\/wp\/v2\/noticia"}],"about":[{"href":"https:\/\/previews.elleven.digital\/acocearense\/wp-json\/wp\/v2\/types\/noticia"}],"wp:featuredmedia":[{"embeddable":true,"href":"https:\/\/previews.elleven.digital\/acocearense\/wp-json\/wp\/v2\/media\/1717"}],"wp:attachment":[{"href":"https:\/\/previews.elleven.digital\/acocearense\/wp-json\/wp\/v2\/media?parent=1732"}],"wp:term":[{"taxonomy":"categoria-noticia","embeddable":true,"href":"https:\/\/previews.elleven.digital\/acocearense\/wp-json\/wp\/v2\/categoria-noticia?post=1732"}],"curies":[{"name":"wp","href":"https:\/\/api.w.org\/{rel}","templated":true}]}}