{"id":1729,"date":"2017-04-27T14:26:37","date_gmt":"2017-04-27T17:26:37","guid":{"rendered":"https:\/\/previews.elleven.digital\/acocearense\/?post_type=noticia&#038;p=1729"},"modified":"2025-05-07T14:27:00","modified_gmt":"2025-05-07T17:27:00","slug":"sinobras-na-fipa-2017","status":"publish","type":"noticia","link":"https:\/\/previews.elleven.digital\/acocearense\/noticia\/sinobras-na-fipa-2017\/","title":{"rendered":"SINOBRAS na FIPA 2017"},"content":{"rendered":"<p>Centro de Conven\u00e7\u00f5es e Feiras da Amaz\u00f4nia, em Bel\u00e9m, e a SINOBRAS \u00e9 presen\u00e7a confirmada. O evento, promovido pela Federa\u00e7\u00e3o das Ind\u00fastrias do Estado do Par\u00e1 \u2013 (FIEPA), \u00e9 considerado o maior ambiente de divulga\u00e7\u00e3o de produtos e servi\u00e7os da ind\u00fastria paraense. Esta ser\u00e1 a quinta vez que a SINOBRAS, empresa do Grupo A\u00e7o Cearense, participar\u00e1 do evento.<\/p>\n<p>A Feira exp\u00f5e e valoriza os mais diversos setores produtivos paraenses que tem se diversificado e verticalizado sua matriz de produ\u00e7\u00e3o, principalmente nas \u00e1reas de log\u00edstica, energia e min\u00e9rios. A expectativa, segundo a coordena\u00e7\u00e3o, \u00e9 que mais de 100 ind\u00fastrias, dos mais variados segmentos produtivos, apresentem as novidades produzidas localmente, estimulando o consumo dos itens genuinamente paraenses pelo p\u00fablico, a exemplo do que a Federa\u00e7\u00e3o j\u00e1 faz com a campanha \u201cComprou no Par\u00e1, lucrou\u201d.<\/p>\n<p>Com o tema \u201cInd\u00fastria Criativa\u201d, a FIPA 2017 vai reunir uma programa\u00e7\u00e3o que inclui consultorias t\u00e9cnicas, palestras, bate-papos com especialistas, entre outras din\u00e2micas, em um ambiente onde ser\u00e1 poss\u00edvel ao visitante conhecer, interagir e compartilhar experi\u00eancias com as ind\u00fastrias que est\u00e3o desenvolvendo ideias criativas para incrementar o setor.<\/p>\n","protected":false},"featured_media":1720,"template":"","meta":{"_acf_changed":false,"inline_featured_image":false},"categoria-noticia":[],"class_list":["post-1729","noticia","type-noticia","status-publish","has-post-thumbnail","hentry"],"acf":{"link":""},"yoast_head":"<!-- This site is optimized with the Yoast SEO plugin v25.9 - https:\/\/yoast.com\/wordpress\/plugins\/seo\/ -->\n<title>SINOBRAS na FIPA 2017 - Grupo A\u00e7o Cearense<\/title>\n<meta name=\"robots\" content=\"index, follow, max-snippet:-1, max-image-preview:large, max-video-preview:-1\" \/>\n<link rel=\"canonical\" href=\"https:\/\/previews.elleven.digital\/acocearense\/noticia\/sinobras-na-fipa-2017\/\" \/>\n<meta property=\"og:locale\" content=\"pt_BR\" \/>\n<meta property=\"og:type\" content=\"article\" \/>\n<meta property=\"og:title\" content=\"SINOBRAS na FIPA 2017 - Grupo A\u00e7o Cearense\" \/>\n<meta property=\"og:description\" content=\"Centro de Conven\u00e7\u00f5es e Feiras da Amaz\u00f4nia, em Bel\u00e9m, e a SINOBRAS \u00e9 presen\u00e7a confirmada.(...)\" \/>\n<meta property=\"og:url\" content=\"https:\/\/previews.elleven.digital\/acocearense\/noticia\/sinobras-na-fipa-2017\/\" \/>\n<meta property=\"og:site_name\" content=\"Grupo A\u00e7o Cearense\" \/>\n<meta property=\"article:modified_time\" content=\"2025-05-07T17:27:00+00:00\" \/>\n<meta property=\"og:image\" content=\"https:\/\/previews.elleven.digital\/acocearense\/wp-content\/uploads\/2025\/05\/Logo-Aco.png\" \/>\n\t<meta property=\"og:image:width\" content=\"383\" \/>\n\t<meta property=\"og:image:height\" content=\"266\" \/>\n\t<meta property=\"og:image:type\" content=\"image\/png\" \/>\n<meta name=\"twitter:card\" content=\"summary_large_image\" \/>\n<meta name=\"twitter:label1\" content=\"Est. tempo de leitura\" \/>\n\t<meta name=\"twitter:data1\" content=\"1 minuto\" \/>\n<script type=\"application\/ld+json\" class=\"yoast-schema-graph\">{\"@context\":\"https:\/\/schema.org\",\"@graph\":[{\"@type\":\"WebPage\",\"@id\":\"https:\/\/previews.elleven.digital\/acocearense\/noticia\/sinobras-na-fipa-2017\/\",\"url\":\"https:\/\/previews.elleven.digital\/acocearense\/noticia\/sinobras-na-fipa-2017\/\",\"name\":\"SINOBRAS na FIPA 2017 - Grupo A\u00e7o Cearense\",\"isPartOf\":{\"@id\":\"https:\/\/previews.elleven.digital\/acocearense\/#website\"},\"primaryImageOfPage\":{\"@id\":\"https:\/\/previews.elleven.digital\/acocearense\/noticia\/sinobras-na-fipa-2017\/#primaryimage\"},\"image\":{\"@id\":\"https:\/\/previews.elleven.digital\/acocearense\/noticia\/sinobras-na-fipa-2017\/#primaryimage\"},\"thumbnailUrl\":\"https:\/\/previews.elleven.digital\/acocearense\/wp-content\/uploads\/2025\/05\/Logo-Aco.png\",\"datePublished\":\"2017-04-27T17:26:37+00:00\",\"dateModified\":\"2025-05-07T17:27:00+00:00\",\"breadcrumb\":{\"@id\":\"https:\/\/previews.elleven.digital\/acocearense\/noticia\/sinobras-na-fipa-2017\/#breadcrumb\"},\"inLanguage\":\"pt-BR\",\"potentialAction\":[{\"@type\":\"ReadAction\",\"target\":[\"https:\/\/previews.elleven.digital\/acocearense\/noticia\/sinobras-na-fipa-2017\/\"]}]},{\"@type\":\"ImageObject\",\"inLanguage\":\"pt-BR\",\"@id\":\"https:\/\/previews.elleven.digital\/acocearense\/noticia\/sinobras-na-fipa-2017\/#primaryimage\",\"url\":\"https:\/\/previews.elleven.digital\/acocearense\/wp-content\/uploads\/2025\/05\/Logo-Aco.png\",\"contentUrl\":\"https:\/\/previews.elleven.digital\/acocearense\/wp-content\/uploads\/2025\/05\/Logo-Aco.png\",\"width\":383,\"height\":266},{\"@type\":\"BreadcrumbList\",\"@id\":\"https:\/\/previews.elleven.digital\/acocearense\/noticia\/sinobras-na-fipa-2017\/#breadcrumb\",\"itemListElement\":[{\"@type\":\"ListItem\",\"position\":1,\"name\":\"In\u00edcio\",\"item\":\"https:\/\/previews.elleven.digital\/acocearense\/\"},{\"@type\":\"ListItem\",\"position\":2,\"name\":\"Not\u00edcias\",\"item\":\"https:\/\/previews.elleven.digital\/acocearense\/noticias\/\"},{\"@type\":\"ListItem\",\"position\":3,\"name\":\"SINOBRAS na FIPA 2017\"}]},{\"@type\":\"WebSite\",\"@id\":\"https:\/\/previews.elleven.digital\/acocearense\/#website\",\"url\":\"https:\/\/previews.elleven.digital\/acocearense\/\",\"name\":\"A\u00e7o Cearense\",\"description\":\"H\u00e1 mais de 45 anos no mercado brasileiro do a\u00e7o.\",\"alternateName\":\"A\u00e7o Cearense\",\"potentialAction\":[{\"@type\":\"SearchAction\",\"target\":{\"@type\":\"EntryPoint\",\"urlTemplate\":\"https:\/\/previews.elleven.digital\/acocearense\/?s={search_term_string}\"},\"query-input\":{\"@type\":\"PropertyValueSpecification\",\"valueRequired\":true,\"valueName\":\"search_term_string\"}}],\"inLanguage\":\"pt-BR\"}]}<\/script>\n<!-- \/ Yoast SEO plugin. -->","yoast_head_json":{"title":"SINOBRAS na FIPA 2017 - Grupo A\u00e7o Cearense","robots":{"index":"index","follow":"follow","max-snippet":"max-snippet:-1","max-image-preview":"max-image-preview:large","max-video-preview":"max-video-preview:-1"},"canonical":"https:\/\/previews.elleven.digital\/acocearense\/noticia\/sinobras-na-fipa-2017\/","og_locale":"pt_BR","og_type":"article","og_title":"SINOBRAS na FIPA 2017 - Grupo A\u00e7o Cearense","og_description":"Centro de Conven\u00e7\u00f5es e Feiras da Amaz\u00f4nia, em Bel\u00e9m, e a SINOBRAS \u00e9 presen\u00e7a confirmada.(...)","og_url":"https:\/\/previews.elleven.digital\/acocearense\/noticia\/sinobras-na-fipa-2017\/","og_site_name":"Grupo A\u00e7o Cearense","article_modified_time":"2025-05-07T17:27:00+00:00","og_image":[{"width":383,"height":266,"url":"https:\/\/previews.elleven.digital\/acocearense\/wp-content\/uploads\/2025\/05\/Logo-Aco.png","type":"image\/png"}],"twitter_card":"summary_large_image","twitter_misc":{"Est. tempo de leitura":"1 minuto"},"schema":{"@context":"https:\/\/schema.org","@graph":[{"@type":"WebPage","@id":"https:\/\/previews.elleven.digital\/acocearense\/noticia\/sinobras-na-fipa-2017\/","url":"https:\/\/previews.elleven.digital\/acocearense\/noticia\/sinobras-na-fipa-2017\/","name":"SINOBRAS na FIPA 2017 - Grupo A\u00e7o Cearense","isPartOf":{"@id":"https:\/\/previews.elleven.digital\/acocearense\/#website"},"primaryImageOfPage":{"@id":"https:\/\/previews.elleven.digital\/acocearense\/noticia\/sinobras-na-fipa-2017\/#primaryimage"},"image":{"@id":"https:\/\/previews.elleven.digital\/acocearense\/noticia\/sinobras-na-fipa-2017\/#primaryimage"},"thumbnailUrl":"https:\/\/previews.elleven.digital\/acocearense\/wp-content\/uploads\/2025\/05\/Logo-Aco.png","datePublished":"2017-04-27T17:26:37+00:00","dateModified":"2025-05-07T17:27:00+00:00","breadcrumb":{"@id":"https:\/\/previews.elleven.digital\/acocearense\/noticia\/sinobras-na-fipa-2017\/#breadcrumb"},"inLanguage":"pt-BR","potentialAction":[{"@type":"ReadAction","target":["https:\/\/previews.elleven.digital\/acocearense\/noticia\/sinobras-na-fipa-2017\/"]}]},{"@type":"ImageObject","inLanguage":"pt-BR","@id":"https:\/\/previews.elleven.digital\/acocearense\/noticia\/sinobras-na-fipa-2017\/#primaryimage","url":"https:\/\/previews.elleven.digital\/acocearense\/wp-content\/uploads\/2025\/05\/Logo-Aco.png","contentUrl":"https:\/\/previews.elleven.digital\/acocearense\/wp-content\/uploads\/2025\/05\/Logo-Aco.png","width":383,"height":266},{"@type":"BreadcrumbList","@id":"https:\/\/previews.elleven.digital\/acocearense\/noticia\/sinobras-na-fipa-2017\/#breadcrumb","itemListElement":[{"@type":"ListItem","position":1,"name":"In\u00edcio","item":"https:\/\/previews.elleven.digital\/acocearense\/"},{"@type":"ListItem","position":2,"name":"Not\u00edcias","item":"https:\/\/previews.elleven.digital\/acocearense\/noticias\/"},{"@type":"ListItem","position":3,"name":"SINOBRAS na FIPA 2017"}]},{"@type":"WebSite","@id":"https:\/\/previews.elleven.digital\/acocearense\/#website","url":"https:\/\/previews.elleven.digital\/acocearense\/","name":"A\u00e7o Cearense","description":"H\u00e1 mais de 45 anos no mercado brasileiro do a\u00e7o.","alternateName":"A\u00e7o Cearense","potentialAction":[{"@type":"SearchAction","target":{"@type":"EntryPoint","urlTemplate":"https:\/\/previews.elleven.digital\/acocearense\/?s={search_term_string}"},"query-input":{"@type":"PropertyValueSpecification","valueRequired":true,"valueName":"search_term_string"}}],"inLanguage":"pt-BR"}]}},"_links":{"self":[{"href":"https:\/\/previews.elleven.digital\/acocearense\/wp-json\/wp\/v2\/noticia\/1729","targetHints":{"allow":["GET"]}}],"collection":[{"href":"https:\/\/previews.elleven.digital\/acocearense\/wp-json\/wp\/v2\/noticia"}],"about":[{"href":"https:\/\/previews.elleven.digital\/acocearense\/wp-json\/wp\/v2\/types\/noticia"}],"wp:featuredmedia":[{"embeddable":true,"href":"https:\/\/previews.elleven.digital\/acocearense\/wp-json\/wp\/v2\/media\/1720"}],"wp:attachment":[{"href":"https:\/\/previews.elleven.digital\/acocearense\/wp-json\/wp\/v2\/media?parent=1729"}],"wp:term":[{"taxonomy":"categoria-noticia","embeddable":true,"href":"https:\/\/previews.elleven.digital\/acocearense\/wp-json\/wp\/v2\/categoria-noticia?post=1729"}],"curies":[{"name":"wp","href":"https:\/\/api.w.org\/{rel}","templated":true}]}}