{"id":1728,"date":"2017-04-18T14:26:13","date_gmt":"2017-04-18T17:26:13","guid":{"rendered":"https:\/\/previews.elleven.digital\/acocearense\/?post_type=noticia&#038;p=1728"},"modified":"2025-05-07T14:26:34","modified_gmt":"2025-05-07T17:26:34","slug":"estudantes-visitam-aci","status":"publish","type":"noticia","link":"https:\/\/previews.elleven.digital\/acocearense\/noticia\/estudantes-visitam-aci\/","title":{"rendered":"Estudantes visitam ACI"},"content":{"rendered":"<p>Os estudantes do curso de Tecnologia em Gest\u00e3o de Seguran\u00e7a Privada da Universidade Estadual Vale do Acara\u00fa (UVA), em parceria com o Centro de Treinamento e Desenvolvimento (CETREDE\/UFC), conheceram a \u00e1rea de Seguran\u00e7a Patrimonial da A\u00e7o Cearense Industrial.<\/p>\n<p>A comitiva formada por 31 alunos e um professor foi recebida pelo Coordenador Administrativo, Giovanni Benevides e pelas \u00e1reas de Seguran\u00e7a Patrimonial e Comunica\u00e7\u00e3o. \u201cRepassar um pouco do que sabemos para esses estudantes \u00e9 sempre agregador. Eu, que fui aluno e me graduei nesse curso tenho orgulho de receber em meu ambiente de trabalho a visita desses alunos e do professor Bessa, que foi meu orientador no TCC, e poder contribuir compartilhando experi\u00eancias \u00e9 extremamente gratificante\u201d, disse o gestor Giovanni.<\/p>\n<p>Para o professor Adail Bessa, interpessoalidade \u00e9 a capacidade de ouvir para depois estabelecer uma linha de racioc\u00ednio l\u00f3gico. \u201cAprender \u00e9 isso, ouvir, assimilar e tirar proveito do que vivemos. Hoje tivemos uma manh\u00e3 bastante produtiva, eu reencontrei v\u00e1rios ex-alunos e juntos n\u00f3s exercitamos o conhecimento. Quero ressaltar que a A\u00e7o Cearense receber\u00e1 um of\u00edcio convidando um representante da empresa para participar de um momento que a Universidade promover\u00e1 em homenagem as empresas que nos receberam. Obrigado a todos os envolvidos na visita\u201d, agradeceu o professor.<\/p>\n<p>A A\u00e7o Cearense Industrial recebe mensalmente estudantes. Para isso, basta que a institui\u00e7\u00e3o de ensino encaminhe of\u00edcio de solicita\u00e7\u00e3o para a \u00e1rea de Comunica\u00e7\u00e3o da empresa.<\/p>\n","protected":false},"featured_media":1720,"template":"","meta":{"_acf_changed":false,"inline_featured_image":false},"categoria-noticia":[],"class_list":["post-1728","noticia","type-noticia","status-publish","has-post-thumbnail","hentry"],"acf":{"link":""},"yoast_head":"<!-- This site is optimized with the Yoast SEO plugin v25.9 - https:\/\/yoast.com\/wordpress\/plugins\/seo\/ -->\n<title>Estudantes visitam ACI - Grupo A\u00e7o Cearense<\/title>\n<meta name=\"robots\" content=\"index, follow, max-snippet:-1, max-image-preview:large, max-video-preview:-1\" \/>\n<link rel=\"canonical\" href=\"https:\/\/previews.elleven.digital\/acocearense\/noticia\/estudantes-visitam-aci\/\" \/>\n<meta property=\"og:locale\" content=\"pt_BR\" \/>\n<meta property=\"og:type\" content=\"article\" \/>\n<meta property=\"og:title\" content=\"Estudantes visitam ACI - Grupo A\u00e7o Cearense\" \/>\n<meta property=\"og:description\" content=\"Os estudantes do curso de Tecnologia em Gest\u00e3o de Seguran\u00e7a Privada da Universidade Estadual Vale(...)\" \/>\n<meta property=\"og:url\" content=\"https:\/\/previews.elleven.digital\/acocearense\/noticia\/estudantes-visitam-aci\/\" \/>\n<meta property=\"og:site_name\" content=\"Grupo A\u00e7o Cearense\" \/>\n<meta property=\"article:modified_time\" content=\"2025-05-07T17:26:34+00:00\" \/>\n<meta property=\"og:image\" content=\"https:\/\/previews.elleven.digital\/acocearense\/wp-content\/uploads\/2025\/05\/Logo-Aco.png\" \/>\n\t<meta property=\"og:image:width\" content=\"383\" \/>\n\t<meta property=\"og:image:height\" content=\"266\" \/>\n\t<meta property=\"og:image:type\" content=\"image\/png\" \/>\n<meta name=\"twitter:card\" content=\"summary_large_image\" \/>\n<meta name=\"twitter:label1\" content=\"Est. tempo de leitura\" \/>\n\t<meta name=\"twitter:data1\" content=\"2 minutos\" \/>\n<script type=\"application\/ld+json\" class=\"yoast-schema-graph\">{\"@context\":\"https:\/\/schema.org\",\"@graph\":[{\"@type\":\"WebPage\",\"@id\":\"https:\/\/previews.elleven.digital\/acocearense\/noticia\/estudantes-visitam-aci\/\",\"url\":\"https:\/\/previews.elleven.digital\/acocearense\/noticia\/estudantes-visitam-aci\/\",\"name\":\"Estudantes visitam ACI - Grupo A\u00e7o Cearense\",\"isPartOf\":{\"@id\":\"https:\/\/previews.elleven.digital\/acocearense\/#website\"},\"primaryImageOfPage\":{\"@id\":\"https:\/\/previews.elleven.digital\/acocearense\/noticia\/estudantes-visitam-aci\/#primaryimage\"},\"image\":{\"@id\":\"https:\/\/previews.elleven.digital\/acocearense\/noticia\/estudantes-visitam-aci\/#primaryimage\"},\"thumbnailUrl\":\"https:\/\/previews.elleven.digital\/acocearense\/wp-content\/uploads\/2025\/05\/Logo-Aco.png\",\"datePublished\":\"2017-04-18T17:26:13+00:00\",\"dateModified\":\"2025-05-07T17:26:34+00:00\",\"breadcrumb\":{\"@id\":\"https:\/\/previews.elleven.digital\/acocearense\/noticia\/estudantes-visitam-aci\/#breadcrumb\"},\"inLanguage\":\"pt-BR\",\"potentialAction\":[{\"@type\":\"ReadAction\",\"target\":[\"https:\/\/previews.elleven.digital\/acocearense\/noticia\/estudantes-visitam-aci\/\"]}]},{\"@type\":\"ImageObject\",\"inLanguage\":\"pt-BR\",\"@id\":\"https:\/\/previews.elleven.digital\/acocearense\/noticia\/estudantes-visitam-aci\/#primaryimage\",\"url\":\"https:\/\/previews.elleven.digital\/acocearense\/wp-content\/uploads\/2025\/05\/Logo-Aco.png\",\"contentUrl\":\"https:\/\/previews.elleven.digital\/acocearense\/wp-content\/uploads\/2025\/05\/Logo-Aco.png\",\"width\":383,\"height\":266},{\"@type\":\"BreadcrumbList\",\"@id\":\"https:\/\/previews.elleven.digital\/acocearense\/noticia\/estudantes-visitam-aci\/#breadcrumb\",\"itemListElement\":[{\"@type\":\"ListItem\",\"position\":1,\"name\":\"In\u00edcio\",\"item\":\"https:\/\/previews.elleven.digital\/acocearense\/\"},{\"@type\":\"ListItem\",\"position\":2,\"name\":\"Not\u00edcias\",\"item\":\"https:\/\/previews.elleven.digital\/acocearense\/noticias\/\"},{\"@type\":\"ListItem\",\"position\":3,\"name\":\"Estudantes visitam ACI\"}]},{\"@type\":\"WebSite\",\"@id\":\"https:\/\/previews.elleven.digital\/acocearense\/#website\",\"url\":\"https:\/\/previews.elleven.digital\/acocearense\/\",\"name\":\"A\u00e7o Cearense\",\"description\":\"H\u00e1 mais de 45 anos no mercado brasileiro do a\u00e7o.\",\"alternateName\":\"A\u00e7o Cearense\",\"potentialAction\":[{\"@type\":\"SearchAction\",\"target\":{\"@type\":\"EntryPoint\",\"urlTemplate\":\"https:\/\/previews.elleven.digital\/acocearense\/?s={search_term_string}\"},\"query-input\":{\"@type\":\"PropertyValueSpecification\",\"valueRequired\":true,\"valueName\":\"search_term_string\"}}],\"inLanguage\":\"pt-BR\"}]}<\/script>\n<!-- \/ Yoast SEO plugin. -->","yoast_head_json":{"title":"Estudantes visitam ACI - Grupo A\u00e7o Cearense","robots":{"index":"index","follow":"follow","max-snippet":"max-snippet:-1","max-image-preview":"max-image-preview:large","max-video-preview":"max-video-preview:-1"},"canonical":"https:\/\/previews.elleven.digital\/acocearense\/noticia\/estudantes-visitam-aci\/","og_locale":"pt_BR","og_type":"article","og_title":"Estudantes visitam ACI - Grupo A\u00e7o Cearense","og_description":"Os estudantes do curso de Tecnologia em Gest\u00e3o de Seguran\u00e7a Privada da Universidade Estadual Vale(...)","og_url":"https:\/\/previews.elleven.digital\/acocearense\/noticia\/estudantes-visitam-aci\/","og_site_name":"Grupo A\u00e7o Cearense","article_modified_time":"2025-05-07T17:26:34+00:00","og_image":[{"width":383,"height":266,"url":"https:\/\/previews.elleven.digital\/acocearense\/wp-content\/uploads\/2025\/05\/Logo-Aco.png","type":"image\/png"}],"twitter_card":"summary_large_image","twitter_misc":{"Est. tempo de leitura":"2 minutos"},"schema":{"@context":"https:\/\/schema.org","@graph":[{"@type":"WebPage","@id":"https:\/\/previews.elleven.digital\/acocearense\/noticia\/estudantes-visitam-aci\/","url":"https:\/\/previews.elleven.digital\/acocearense\/noticia\/estudantes-visitam-aci\/","name":"Estudantes visitam ACI - Grupo A\u00e7o Cearense","isPartOf":{"@id":"https:\/\/previews.elleven.digital\/acocearense\/#website"},"primaryImageOfPage":{"@id":"https:\/\/previews.elleven.digital\/acocearense\/noticia\/estudantes-visitam-aci\/#primaryimage"},"image":{"@id":"https:\/\/previews.elleven.digital\/acocearense\/noticia\/estudantes-visitam-aci\/#primaryimage"},"thumbnailUrl":"https:\/\/previews.elleven.digital\/acocearense\/wp-content\/uploads\/2025\/05\/Logo-Aco.png","datePublished":"2017-04-18T17:26:13+00:00","dateModified":"2025-05-07T17:26:34+00:00","breadcrumb":{"@id":"https:\/\/previews.elleven.digital\/acocearense\/noticia\/estudantes-visitam-aci\/#breadcrumb"},"inLanguage":"pt-BR","potentialAction":[{"@type":"ReadAction","target":["https:\/\/previews.elleven.digital\/acocearense\/noticia\/estudantes-visitam-aci\/"]}]},{"@type":"ImageObject","inLanguage":"pt-BR","@id":"https:\/\/previews.elleven.digital\/acocearense\/noticia\/estudantes-visitam-aci\/#primaryimage","url":"https:\/\/previews.elleven.digital\/acocearense\/wp-content\/uploads\/2025\/05\/Logo-Aco.png","contentUrl":"https:\/\/previews.elleven.digital\/acocearense\/wp-content\/uploads\/2025\/05\/Logo-Aco.png","width":383,"height":266},{"@type":"BreadcrumbList","@id":"https:\/\/previews.elleven.digital\/acocearense\/noticia\/estudantes-visitam-aci\/#breadcrumb","itemListElement":[{"@type":"ListItem","position":1,"name":"In\u00edcio","item":"https:\/\/previews.elleven.digital\/acocearense\/"},{"@type":"ListItem","position":2,"name":"Not\u00edcias","item":"https:\/\/previews.elleven.digital\/acocearense\/noticias\/"},{"@type":"ListItem","position":3,"name":"Estudantes visitam ACI"}]},{"@type":"WebSite","@id":"https:\/\/previews.elleven.digital\/acocearense\/#website","url":"https:\/\/previews.elleven.digital\/acocearense\/","name":"A\u00e7o Cearense","description":"H\u00e1 mais de 45 anos no mercado brasileiro do a\u00e7o.","alternateName":"A\u00e7o Cearense","potentialAction":[{"@type":"SearchAction","target":{"@type":"EntryPoint","urlTemplate":"https:\/\/previews.elleven.digital\/acocearense\/?s={search_term_string}"},"query-input":{"@type":"PropertyValueSpecification","valueRequired":true,"valueName":"search_term_string"}}],"inLanguage":"pt-BR"}]}},"_links":{"self":[{"href":"https:\/\/previews.elleven.digital\/acocearense\/wp-json\/wp\/v2\/noticia\/1728","targetHints":{"allow":["GET"]}}],"collection":[{"href":"https:\/\/previews.elleven.digital\/acocearense\/wp-json\/wp\/v2\/noticia"}],"about":[{"href":"https:\/\/previews.elleven.digital\/acocearense\/wp-json\/wp\/v2\/types\/noticia"}],"wp:featuredmedia":[{"embeddable":true,"href":"https:\/\/previews.elleven.digital\/acocearense\/wp-json\/wp\/v2\/media\/1720"}],"wp:attachment":[{"href":"https:\/\/previews.elleven.digital\/acocearense\/wp-json\/wp\/v2\/media?parent=1728"}],"wp:term":[{"taxonomy":"categoria-noticia","embeddable":true,"href":"https:\/\/previews.elleven.digital\/acocearense\/wp-json\/wp\/v2\/categoria-noticia?post=1728"}],"curies":[{"name":"wp","href":"https:\/\/api.w.org\/{rel}","templated":true}]}}