{"id":1727,"date":"2017-03-31T14:25:42","date_gmt":"2017-03-31T17:25:42","guid":{"rendered":"https:\/\/previews.elleven.digital\/acocearense\/?post_type=noticia&#038;p=1727"},"modified":"2025-05-07T14:26:08","modified_gmt":"2025-05-07T17:26:08","slug":"talento-cearense-no-podio","status":"publish","type":"noticia","link":"https:\/\/previews.elleven.digital\/acocearense\/noticia\/talento-cearense-no-podio\/","title":{"rendered":"Talento cearense no p\u00f3dio"},"content":{"rendered":"<h3>Instituto A\u00e7o Cearense<\/h3>\n<p>Preocupada em investir no trip\u00e9 da sustentabilidade, os aspectos econ\u00f4micos, ambientais e sociais, o Grupo A\u00e7o Cearense criou o Instituto A\u00e7o Cearense que atua de forma correta e respons\u00e1vel alinhando seus neg\u00f3cios a uma gest\u00e3o socialmente engajada e que amplia a\u00e7\u00f5es de combate \u00e0 pobreza e \u00e0 marginaliza\u00e7\u00e3o. Por esta raz\u00e3o, o IAC patrocina o jovem karateca Jonathan Benvindo que participou, de 22 a 26 de mar\u00e7o, em Caruaru (PE), de uma etapa do Campeonato Brasileiro de Karat\u00ea, conquistando dois primeiros lugares e classificando-se para o Campeonato Pan-Americano, em agosto, na Argentina, e para a final do Campeonato Brasileiro, em outubro, na Bahia.<\/p>\n<h3>Quem \u00e9 o Jonathan?<\/h3>\n<p>Patrocinado pelo Instituto A\u00e7o Cearense desde outubro de 2015, o jovem karateca Jonathan Benvindo tem 14 anos, faz o 9\u00ba ano na Escola p\u00fablica Nely Caula, localizada em Caucaia, munic\u00edpio onde ele mora. \u00c9 aluno da Associa\u00e7\u00e3o Escola de Campe\u00f5es, institui\u00e7\u00e3o tamb\u00e9m apoiada pelo IAC, onde faz nata\u00e7\u00e3o, futsal, teatro e viol\u00e3o.<br \/>\nJonathan faz parte da sele\u00e7\u00e3o cearense h\u00e1 06 anos, em 2016 conquistou o 1\u00ba lugar no Ranking Cear\u00e1 e o 4\u00ba no Ranking Brasil, onde compete pela categoria Karat\u00ea Cadetes 14 e 15 anos, peso menor que 45kg.<\/p>\n","protected":false},"featured_media":1720,"template":"","meta":{"_acf_changed":false,"inline_featured_image":false},"categoria-noticia":[],"class_list":["post-1727","noticia","type-noticia","status-publish","has-post-thumbnail","hentry"],"acf":{"link":""},"yoast_head":"<!-- This site is optimized with the Yoast SEO plugin v25.9 - https:\/\/yoast.com\/wordpress\/plugins\/seo\/ -->\n<title>Talento cearense no p\u00f3dio - Grupo A\u00e7o Cearense<\/title>\n<meta name=\"robots\" content=\"index, follow, max-snippet:-1, max-image-preview:large, max-video-preview:-1\" \/>\n<link rel=\"canonical\" href=\"https:\/\/previews.elleven.digital\/acocearense\/noticia\/talento-cearense-no-podio\/\" \/>\n<meta property=\"og:locale\" content=\"pt_BR\" \/>\n<meta property=\"og:type\" content=\"article\" \/>\n<meta property=\"og:title\" content=\"Talento cearense no p\u00f3dio - Grupo A\u00e7o Cearense\" \/>\n<meta property=\"og:description\" content=\"Instituto A\u00e7o Cearense Preocupada em investir no trip\u00e9 da sustentabilidade, os aspectos econ\u00f4micos, ambientais e(...)\" \/>\n<meta property=\"og:url\" content=\"https:\/\/previews.elleven.digital\/acocearense\/noticia\/talento-cearense-no-podio\/\" \/>\n<meta property=\"og:site_name\" content=\"Grupo A\u00e7o Cearense\" \/>\n<meta property=\"article:modified_time\" content=\"2025-05-07T17:26:08+00:00\" \/>\n<meta property=\"og:image\" content=\"https:\/\/previews.elleven.digital\/acocearense\/wp-content\/uploads\/2025\/05\/Logo-Aco.png\" \/>\n\t<meta property=\"og:image:width\" content=\"383\" \/>\n\t<meta property=\"og:image:height\" content=\"266\" \/>\n\t<meta property=\"og:image:type\" content=\"image\/png\" \/>\n<meta name=\"twitter:card\" content=\"summary_large_image\" \/>\n<meta name=\"twitter:label1\" content=\"Est. tempo de leitura\" \/>\n\t<meta name=\"twitter:data1\" content=\"1 minuto\" \/>\n<script type=\"application\/ld+json\" class=\"yoast-schema-graph\">{\"@context\":\"https:\/\/schema.org\",\"@graph\":[{\"@type\":\"WebPage\",\"@id\":\"https:\/\/previews.elleven.digital\/acocearense\/noticia\/talento-cearense-no-podio\/\",\"url\":\"https:\/\/previews.elleven.digital\/acocearense\/noticia\/talento-cearense-no-podio\/\",\"name\":\"Talento cearense no p\u00f3dio - Grupo A\u00e7o Cearense\",\"isPartOf\":{\"@id\":\"https:\/\/previews.elleven.digital\/acocearense\/#website\"},\"primaryImageOfPage\":{\"@id\":\"https:\/\/previews.elleven.digital\/acocearense\/noticia\/talento-cearense-no-podio\/#primaryimage\"},\"image\":{\"@id\":\"https:\/\/previews.elleven.digital\/acocearense\/noticia\/talento-cearense-no-podio\/#primaryimage\"},\"thumbnailUrl\":\"https:\/\/previews.elleven.digital\/acocearense\/wp-content\/uploads\/2025\/05\/Logo-Aco.png\",\"datePublished\":\"2017-03-31T17:25:42+00:00\",\"dateModified\":\"2025-05-07T17:26:08+00:00\",\"breadcrumb\":{\"@id\":\"https:\/\/previews.elleven.digital\/acocearense\/noticia\/talento-cearense-no-podio\/#breadcrumb\"},\"inLanguage\":\"pt-BR\",\"potentialAction\":[{\"@type\":\"ReadAction\",\"target\":[\"https:\/\/previews.elleven.digital\/acocearense\/noticia\/talento-cearense-no-podio\/\"]}]},{\"@type\":\"ImageObject\",\"inLanguage\":\"pt-BR\",\"@id\":\"https:\/\/previews.elleven.digital\/acocearense\/noticia\/talento-cearense-no-podio\/#primaryimage\",\"url\":\"https:\/\/previews.elleven.digital\/acocearense\/wp-content\/uploads\/2025\/05\/Logo-Aco.png\",\"contentUrl\":\"https:\/\/previews.elleven.digital\/acocearense\/wp-content\/uploads\/2025\/05\/Logo-Aco.png\",\"width\":383,\"height\":266},{\"@type\":\"BreadcrumbList\",\"@id\":\"https:\/\/previews.elleven.digital\/acocearense\/noticia\/talento-cearense-no-podio\/#breadcrumb\",\"itemListElement\":[{\"@type\":\"ListItem\",\"position\":1,\"name\":\"In\u00edcio\",\"item\":\"https:\/\/previews.elleven.digital\/acocearense\/\"},{\"@type\":\"ListItem\",\"position\":2,\"name\":\"Not\u00edcias\",\"item\":\"https:\/\/previews.elleven.digital\/acocearense\/noticias\/\"},{\"@type\":\"ListItem\",\"position\":3,\"name\":\"Talento cearense no p\u00f3dio\"}]},{\"@type\":\"WebSite\",\"@id\":\"https:\/\/previews.elleven.digital\/acocearense\/#website\",\"url\":\"https:\/\/previews.elleven.digital\/acocearense\/\",\"name\":\"A\u00e7o Cearense\",\"description\":\"H\u00e1 mais de 45 anos no mercado brasileiro do a\u00e7o.\",\"alternateName\":\"A\u00e7o Cearense\",\"potentialAction\":[{\"@type\":\"SearchAction\",\"target\":{\"@type\":\"EntryPoint\",\"urlTemplate\":\"https:\/\/previews.elleven.digital\/acocearense\/?s={search_term_string}\"},\"query-input\":{\"@type\":\"PropertyValueSpecification\",\"valueRequired\":true,\"valueName\":\"search_term_string\"}}],\"inLanguage\":\"pt-BR\"}]}<\/script>\n<!-- \/ Yoast SEO plugin. -->","yoast_head_json":{"title":"Talento cearense no p\u00f3dio - Grupo A\u00e7o Cearense","robots":{"index":"index","follow":"follow","max-snippet":"max-snippet:-1","max-image-preview":"max-image-preview:large","max-video-preview":"max-video-preview:-1"},"canonical":"https:\/\/previews.elleven.digital\/acocearense\/noticia\/talento-cearense-no-podio\/","og_locale":"pt_BR","og_type":"article","og_title":"Talento cearense no p\u00f3dio - Grupo A\u00e7o Cearense","og_description":"Instituto A\u00e7o Cearense Preocupada em investir no trip\u00e9 da sustentabilidade, os aspectos econ\u00f4micos, ambientais e(...)","og_url":"https:\/\/previews.elleven.digital\/acocearense\/noticia\/talento-cearense-no-podio\/","og_site_name":"Grupo A\u00e7o Cearense","article_modified_time":"2025-05-07T17:26:08+00:00","og_image":[{"width":383,"height":266,"url":"https:\/\/previews.elleven.digital\/acocearense\/wp-content\/uploads\/2025\/05\/Logo-Aco.png","type":"image\/png"}],"twitter_card":"summary_large_image","twitter_misc":{"Est. tempo de leitura":"1 minuto"},"schema":{"@context":"https:\/\/schema.org","@graph":[{"@type":"WebPage","@id":"https:\/\/previews.elleven.digital\/acocearense\/noticia\/talento-cearense-no-podio\/","url":"https:\/\/previews.elleven.digital\/acocearense\/noticia\/talento-cearense-no-podio\/","name":"Talento cearense no p\u00f3dio - Grupo A\u00e7o Cearense","isPartOf":{"@id":"https:\/\/previews.elleven.digital\/acocearense\/#website"},"primaryImageOfPage":{"@id":"https:\/\/previews.elleven.digital\/acocearense\/noticia\/talento-cearense-no-podio\/#primaryimage"},"image":{"@id":"https:\/\/previews.elleven.digital\/acocearense\/noticia\/talento-cearense-no-podio\/#primaryimage"},"thumbnailUrl":"https:\/\/previews.elleven.digital\/acocearense\/wp-content\/uploads\/2025\/05\/Logo-Aco.png","datePublished":"2017-03-31T17:25:42+00:00","dateModified":"2025-05-07T17:26:08+00:00","breadcrumb":{"@id":"https:\/\/previews.elleven.digital\/acocearense\/noticia\/talento-cearense-no-podio\/#breadcrumb"},"inLanguage":"pt-BR","potentialAction":[{"@type":"ReadAction","target":["https:\/\/previews.elleven.digital\/acocearense\/noticia\/talento-cearense-no-podio\/"]}]},{"@type":"ImageObject","inLanguage":"pt-BR","@id":"https:\/\/previews.elleven.digital\/acocearense\/noticia\/talento-cearense-no-podio\/#primaryimage","url":"https:\/\/previews.elleven.digital\/acocearense\/wp-content\/uploads\/2025\/05\/Logo-Aco.png","contentUrl":"https:\/\/previews.elleven.digital\/acocearense\/wp-content\/uploads\/2025\/05\/Logo-Aco.png","width":383,"height":266},{"@type":"BreadcrumbList","@id":"https:\/\/previews.elleven.digital\/acocearense\/noticia\/talento-cearense-no-podio\/#breadcrumb","itemListElement":[{"@type":"ListItem","position":1,"name":"In\u00edcio","item":"https:\/\/previews.elleven.digital\/acocearense\/"},{"@type":"ListItem","position":2,"name":"Not\u00edcias","item":"https:\/\/previews.elleven.digital\/acocearense\/noticias\/"},{"@type":"ListItem","position":3,"name":"Talento cearense no p\u00f3dio"}]},{"@type":"WebSite","@id":"https:\/\/previews.elleven.digital\/acocearense\/#website","url":"https:\/\/previews.elleven.digital\/acocearense\/","name":"A\u00e7o Cearense","description":"H\u00e1 mais de 45 anos no mercado brasileiro do a\u00e7o.","alternateName":"A\u00e7o Cearense","potentialAction":[{"@type":"SearchAction","target":{"@type":"EntryPoint","urlTemplate":"https:\/\/previews.elleven.digital\/acocearense\/?s={search_term_string}"},"query-input":{"@type":"PropertyValueSpecification","valueRequired":true,"valueName":"search_term_string"}}],"inLanguage":"pt-BR"}]}},"_links":{"self":[{"href":"https:\/\/previews.elleven.digital\/acocearense\/wp-json\/wp\/v2\/noticia\/1727","targetHints":{"allow":["GET"]}}],"collection":[{"href":"https:\/\/previews.elleven.digital\/acocearense\/wp-json\/wp\/v2\/noticia"}],"about":[{"href":"https:\/\/previews.elleven.digital\/acocearense\/wp-json\/wp\/v2\/types\/noticia"}],"wp:featuredmedia":[{"embeddable":true,"href":"https:\/\/previews.elleven.digital\/acocearense\/wp-json\/wp\/v2\/media\/1720"}],"wp:attachment":[{"href":"https:\/\/previews.elleven.digital\/acocearense\/wp-json\/wp\/v2\/media?parent=1727"}],"wp:term":[{"taxonomy":"categoria-noticia","embeddable":true,"href":"https:\/\/previews.elleven.digital\/acocearense\/wp-json\/wp\/v2\/categoria-noticia?post=1727"}],"curies":[{"name":"wp","href":"https:\/\/api.w.org\/{rel}","templated":true}]}}