{"id":1726,"date":"2017-03-27T14:25:28","date_gmt":"2017-03-27T17:25:28","guid":{"rendered":"https:\/\/previews.elleven.digital\/acocearense\/?post_type=noticia&#038;p=1726"},"modified":"2025-05-07T14:25:40","modified_gmt":"2025-05-07T17:25:40","slug":"ciclismo-em-evidencia-gilberto-silva-conquista-novas-provas","status":"publish","type":"noticia","link":"https:\/\/previews.elleven.digital\/acocearense\/noticia\/ciclismo-em-evidencia-gilberto-silva-conquista-novas-provas\/","title":{"rendered":"Ciclismo em evid\u00eancia \u2013 Gilberto Silva conquista novas provas"},"content":{"rendered":"<h3>Import\u00e2ncia do apoio ao atleta<\/h3>\n<p>Gilberto Silva,\u00a0<strong>colaborador da A\u00e7o Cearense Comercial e ciclista cearense patrocinado pelo Instituto A\u00e7o Cearense<\/strong>, tem se destacado cada vez mais em competi\u00e7\u00f5es estaduais e nacionais. Na \u00faltima competi\u00e7\u00e3o, realizada no dia 12, em Ubajara \u2013 CE, ele conquistou o 1\u00ba lugar na categoria elite da Copa Ibiapaba, pelo ranking cearense e pelo brasileiro. No dia 12 de fevereiro ele competiu em Pacaj\u00fas- CE, recebendo o Trof\u00e9u Vereador J. Neto, e tamb\u00e9m foi 1\u00ba lugar na Corrida Promocional. J\u00e1 em Aracati, competiu no Desafio dos Ventos e conseguiu mais uma vez o primeiro lugar no p\u00f3dio, no dia 5 do mesmo m\u00eas.<\/p>\n<h3>Competi\u00e7\u00f5es<\/h3>\n<p>Em janeiro deste ano o atleta participou da tradicional prova Piocer\u00e1 2017, rally realizado nos estados do Cear\u00e1 e Piau\u00ed, v\u00e1lido pelo ranking nacional, onde obteve a 4\u00aa coloca\u00e7\u00e3o. A posi\u00e7\u00e3o atual do atleta \u00e9 o 3\u00ba lugar no ranking nacional e no Estadual \u00e9 o l\u00edder.<\/p>\n<p>Gilberto viaja o Brasil inteiro em competi\u00e7\u00f5es oficiais de ciclismo, tanto como paraciclista na categoria C5, quanto como ciclista de elite, uma vez que sua defici\u00eancia f\u00edsica o permite competir nas duas modalidades. Sua pr\u00f3xima competi\u00e7\u00e3o v\u00e1lida pelo ranking nacional acontecer\u00e1 no dia 7 de maio, no Piau\u00ed, no Hally 40 Graus.<\/p>\n","protected":false},"featured_media":1720,"template":"","meta":{"_acf_changed":false,"inline_featured_image":false},"categoria-noticia":[],"class_list":["post-1726","noticia","type-noticia","status-publish","has-post-thumbnail","hentry"],"acf":{"link":""},"yoast_head":"<!-- This site is optimized with the Yoast SEO plugin v25.9 - https:\/\/yoast.com\/wordpress\/plugins\/seo\/ -->\n<title>Ciclismo em evid\u00eancia \u2013 Gilberto Silva conquista novas provas - Grupo A\u00e7o Cearense<\/title>\n<meta name=\"robots\" content=\"index, follow, max-snippet:-1, max-image-preview:large, max-video-preview:-1\" \/>\n<link rel=\"canonical\" href=\"https:\/\/previews.elleven.digital\/acocearense\/noticia\/ciclismo-em-evidencia-gilberto-silva-conquista-novas-provas\/\" \/>\n<meta property=\"og:locale\" content=\"pt_BR\" \/>\n<meta property=\"og:type\" content=\"article\" \/>\n<meta property=\"og:title\" content=\"Ciclismo em evid\u00eancia \u2013 Gilberto Silva conquista novas provas - Grupo A\u00e7o Cearense\" \/>\n<meta property=\"og:description\" content=\"Import\u00e2ncia do apoio ao atleta Gilberto Silva,\u00a0colaborador da A\u00e7o Cearense Comercial e ciclista cearense patrocinado(...)\" \/>\n<meta property=\"og:url\" content=\"https:\/\/previews.elleven.digital\/acocearense\/noticia\/ciclismo-em-evidencia-gilberto-silva-conquista-novas-provas\/\" \/>\n<meta property=\"og:site_name\" content=\"Grupo A\u00e7o Cearense\" \/>\n<meta property=\"article:modified_time\" content=\"2025-05-07T17:25:40+00:00\" \/>\n<meta property=\"og:image\" content=\"https:\/\/previews.elleven.digital\/acocearense\/wp-content\/uploads\/2025\/05\/Logo-Aco.png\" \/>\n\t<meta property=\"og:image:width\" content=\"383\" \/>\n\t<meta property=\"og:image:height\" content=\"266\" \/>\n\t<meta property=\"og:image:type\" content=\"image\/png\" \/>\n<meta name=\"twitter:card\" content=\"summary_large_image\" \/>\n<meta name=\"twitter:label1\" content=\"Est. tempo de leitura\" \/>\n\t<meta name=\"twitter:data1\" content=\"2 minutos\" \/>\n<script type=\"application\/ld+json\" class=\"yoast-schema-graph\">{\"@context\":\"https:\/\/schema.org\",\"@graph\":[{\"@type\":\"WebPage\",\"@id\":\"https:\/\/previews.elleven.digital\/acocearense\/noticia\/ciclismo-em-evidencia-gilberto-silva-conquista-novas-provas\/\",\"url\":\"https:\/\/previews.elleven.digital\/acocearense\/noticia\/ciclismo-em-evidencia-gilberto-silva-conquista-novas-provas\/\",\"name\":\"Ciclismo em evid\u00eancia \u2013 Gilberto Silva conquista novas provas - Grupo A\u00e7o Cearense\",\"isPartOf\":{\"@id\":\"https:\/\/previews.elleven.digital\/acocearense\/#website\"},\"primaryImageOfPage\":{\"@id\":\"https:\/\/previews.elleven.digital\/acocearense\/noticia\/ciclismo-em-evidencia-gilberto-silva-conquista-novas-provas\/#primaryimage\"},\"image\":{\"@id\":\"https:\/\/previews.elleven.digital\/acocearense\/noticia\/ciclismo-em-evidencia-gilberto-silva-conquista-novas-provas\/#primaryimage\"},\"thumbnailUrl\":\"https:\/\/previews.elleven.digital\/acocearense\/wp-content\/uploads\/2025\/05\/Logo-Aco.png\",\"datePublished\":\"2017-03-27T17:25:28+00:00\",\"dateModified\":\"2025-05-07T17:25:40+00:00\",\"breadcrumb\":{\"@id\":\"https:\/\/previews.elleven.digital\/acocearense\/noticia\/ciclismo-em-evidencia-gilberto-silva-conquista-novas-provas\/#breadcrumb\"},\"inLanguage\":\"pt-BR\",\"potentialAction\":[{\"@type\":\"ReadAction\",\"target\":[\"https:\/\/previews.elleven.digital\/acocearense\/noticia\/ciclismo-em-evidencia-gilberto-silva-conquista-novas-provas\/\"]}]},{\"@type\":\"ImageObject\",\"inLanguage\":\"pt-BR\",\"@id\":\"https:\/\/previews.elleven.digital\/acocearense\/noticia\/ciclismo-em-evidencia-gilberto-silva-conquista-novas-provas\/#primaryimage\",\"url\":\"https:\/\/previews.elleven.digital\/acocearense\/wp-content\/uploads\/2025\/05\/Logo-Aco.png\",\"contentUrl\":\"https:\/\/previews.elleven.digital\/acocearense\/wp-content\/uploads\/2025\/05\/Logo-Aco.png\",\"width\":383,\"height\":266},{\"@type\":\"BreadcrumbList\",\"@id\":\"https:\/\/previews.elleven.digital\/acocearense\/noticia\/ciclismo-em-evidencia-gilberto-silva-conquista-novas-provas\/#breadcrumb\",\"itemListElement\":[{\"@type\":\"ListItem\",\"position\":1,\"name\":\"In\u00edcio\",\"item\":\"https:\/\/previews.elleven.digital\/acocearense\/\"},{\"@type\":\"ListItem\",\"position\":2,\"name\":\"Not\u00edcias\",\"item\":\"https:\/\/previews.elleven.digital\/acocearense\/noticias\/\"},{\"@type\":\"ListItem\",\"position\":3,\"name\":\"Ciclismo em evid\u00eancia \u2013 Gilberto Silva conquista novas provas\"}]},{\"@type\":\"WebSite\",\"@id\":\"https:\/\/previews.elleven.digital\/acocearense\/#website\",\"url\":\"https:\/\/previews.elleven.digital\/acocearense\/\",\"name\":\"A\u00e7o Cearense\",\"description\":\"H\u00e1 mais de 45 anos no mercado brasileiro do a\u00e7o.\",\"alternateName\":\"A\u00e7o Cearense\",\"potentialAction\":[{\"@type\":\"SearchAction\",\"target\":{\"@type\":\"EntryPoint\",\"urlTemplate\":\"https:\/\/previews.elleven.digital\/acocearense\/?s={search_term_string}\"},\"query-input\":{\"@type\":\"PropertyValueSpecification\",\"valueRequired\":true,\"valueName\":\"search_term_string\"}}],\"inLanguage\":\"pt-BR\"}]}<\/script>\n<!-- \/ Yoast SEO plugin. -->","yoast_head_json":{"title":"Ciclismo em evid\u00eancia \u2013 Gilberto Silva conquista novas provas - Grupo A\u00e7o Cearense","robots":{"index":"index","follow":"follow","max-snippet":"max-snippet:-1","max-image-preview":"max-image-preview:large","max-video-preview":"max-video-preview:-1"},"canonical":"https:\/\/previews.elleven.digital\/acocearense\/noticia\/ciclismo-em-evidencia-gilberto-silva-conquista-novas-provas\/","og_locale":"pt_BR","og_type":"article","og_title":"Ciclismo em evid\u00eancia \u2013 Gilberto Silva conquista novas provas - Grupo A\u00e7o Cearense","og_description":"Import\u00e2ncia do apoio ao atleta Gilberto Silva,\u00a0colaborador da A\u00e7o Cearense Comercial e ciclista cearense patrocinado(...)","og_url":"https:\/\/previews.elleven.digital\/acocearense\/noticia\/ciclismo-em-evidencia-gilberto-silva-conquista-novas-provas\/","og_site_name":"Grupo A\u00e7o Cearense","article_modified_time":"2025-05-07T17:25:40+00:00","og_image":[{"width":383,"height":266,"url":"https:\/\/previews.elleven.digital\/acocearense\/wp-content\/uploads\/2025\/05\/Logo-Aco.png","type":"image\/png"}],"twitter_card":"summary_large_image","twitter_misc":{"Est. tempo de leitura":"2 minutos"},"schema":{"@context":"https:\/\/schema.org","@graph":[{"@type":"WebPage","@id":"https:\/\/previews.elleven.digital\/acocearense\/noticia\/ciclismo-em-evidencia-gilberto-silva-conquista-novas-provas\/","url":"https:\/\/previews.elleven.digital\/acocearense\/noticia\/ciclismo-em-evidencia-gilberto-silva-conquista-novas-provas\/","name":"Ciclismo em evid\u00eancia \u2013 Gilberto Silva conquista novas provas - Grupo A\u00e7o Cearense","isPartOf":{"@id":"https:\/\/previews.elleven.digital\/acocearense\/#website"},"primaryImageOfPage":{"@id":"https:\/\/previews.elleven.digital\/acocearense\/noticia\/ciclismo-em-evidencia-gilberto-silva-conquista-novas-provas\/#primaryimage"},"image":{"@id":"https:\/\/previews.elleven.digital\/acocearense\/noticia\/ciclismo-em-evidencia-gilberto-silva-conquista-novas-provas\/#primaryimage"},"thumbnailUrl":"https:\/\/previews.elleven.digital\/acocearense\/wp-content\/uploads\/2025\/05\/Logo-Aco.png","datePublished":"2017-03-27T17:25:28+00:00","dateModified":"2025-05-07T17:25:40+00:00","breadcrumb":{"@id":"https:\/\/previews.elleven.digital\/acocearense\/noticia\/ciclismo-em-evidencia-gilberto-silva-conquista-novas-provas\/#breadcrumb"},"inLanguage":"pt-BR","potentialAction":[{"@type":"ReadAction","target":["https:\/\/previews.elleven.digital\/acocearense\/noticia\/ciclismo-em-evidencia-gilberto-silva-conquista-novas-provas\/"]}]},{"@type":"ImageObject","inLanguage":"pt-BR","@id":"https:\/\/previews.elleven.digital\/acocearense\/noticia\/ciclismo-em-evidencia-gilberto-silva-conquista-novas-provas\/#primaryimage","url":"https:\/\/previews.elleven.digital\/acocearense\/wp-content\/uploads\/2025\/05\/Logo-Aco.png","contentUrl":"https:\/\/previews.elleven.digital\/acocearense\/wp-content\/uploads\/2025\/05\/Logo-Aco.png","width":383,"height":266},{"@type":"BreadcrumbList","@id":"https:\/\/previews.elleven.digital\/acocearense\/noticia\/ciclismo-em-evidencia-gilberto-silva-conquista-novas-provas\/#breadcrumb","itemListElement":[{"@type":"ListItem","position":1,"name":"In\u00edcio","item":"https:\/\/previews.elleven.digital\/acocearense\/"},{"@type":"ListItem","position":2,"name":"Not\u00edcias","item":"https:\/\/previews.elleven.digital\/acocearense\/noticias\/"},{"@type":"ListItem","position":3,"name":"Ciclismo em evid\u00eancia \u2013 Gilberto Silva conquista novas provas"}]},{"@type":"WebSite","@id":"https:\/\/previews.elleven.digital\/acocearense\/#website","url":"https:\/\/previews.elleven.digital\/acocearense\/","name":"A\u00e7o Cearense","description":"H\u00e1 mais de 45 anos no mercado brasileiro do a\u00e7o.","alternateName":"A\u00e7o Cearense","potentialAction":[{"@type":"SearchAction","target":{"@type":"EntryPoint","urlTemplate":"https:\/\/previews.elleven.digital\/acocearense\/?s={search_term_string}"},"query-input":{"@type":"PropertyValueSpecification","valueRequired":true,"valueName":"search_term_string"}}],"inLanguage":"pt-BR"}]}},"_links":{"self":[{"href":"https:\/\/previews.elleven.digital\/acocearense\/wp-json\/wp\/v2\/noticia\/1726","targetHints":{"allow":["GET"]}}],"collection":[{"href":"https:\/\/previews.elleven.digital\/acocearense\/wp-json\/wp\/v2\/noticia"}],"about":[{"href":"https:\/\/previews.elleven.digital\/acocearense\/wp-json\/wp\/v2\/types\/noticia"}],"wp:featuredmedia":[{"embeddable":true,"href":"https:\/\/previews.elleven.digital\/acocearense\/wp-json\/wp\/v2\/media\/1720"}],"wp:attachment":[{"href":"https:\/\/previews.elleven.digital\/acocearense\/wp-json\/wp\/v2\/media?parent=1726"}],"wp:term":[{"taxonomy":"categoria-noticia","embeddable":true,"href":"https:\/\/previews.elleven.digital\/acocearense\/wp-json\/wp\/v2\/categoria-noticia?post=1726"}],"curies":[{"name":"wp","href":"https:\/\/api.w.org\/{rel}","templated":true}]}}